{"id":6258,"date":"2026-03-31T19:02:14","date_gmt":"2026-03-31T22:02:14","guid":{"rendered":"https:\/\/salmosbiblicos.com.br\/?p=6258"},"modified":"2026-03-31T19:02:14","modified_gmt":"2026-03-31T22:02:14","slug":"reflexao-sobre-a-fe-solo-fertil-sementes-e-o-reino-divino","status":"publish","type":"post","link":"https:\/\/salmosbiblicos.com.br\/index.php\/2026\/03\/31\/reflexao-sobre-a-fe-solo-fertil-sementes-e-o-reino-divino\/","title":{"rendered":"Reflex\u00e3o sobre a F\u00e9: Solo F\u00e9rtil, Sementes e o Reino Divino"},"content":{"rendered":"<p>## O Campo e a Semente: Um Chamado \u00e0 Reflex\u00e3o<\/p>\n<p>\u00c9 not\u00e1vel como, por vezes, a mais bela semente pode cair em solo improdutivo. A palavra, a mensagem que buscamos compreender e viver, pode ser lan\u00e7ada em um cora\u00e7\u00e3o que n\u00e3o a recebe com a devida abertura. \u00c9 um pensamento que nos convida a uma profunda autoan\u00e1lise, a um exame sincero de nosso interior.<\/p>\n<p>### A Terra Preparada para o Reino<\/p>\n<p>O Mestre nos revela uma verdade essencial atrav\u00e9s de uma par\u00e1bola simples, por\u00e9m carregada de significado: a da semente lan\u00e7ada em diferentes tipos de solo. A vis\u00e3o de um campo vasto, pronto para receber a gra\u00e7a divina, \u00e9 ao mesmo tempo inspiradora e desafiadora.  <\/p>\n<p>Aquele que se permite ser impactado pela palavra a recebe com entusiasmo, buscando incessantemente a verdade e o caminho. Mas a f\u00e9, como uma jovem planta, requer ra\u00edzes profundas para resistir \u00e0s tempestades da vida. Quando a adversidade chega, quando a persegui\u00e7\u00e3o se manifesta, a f\u00e9 superficial se desfaz.<\/p>\n<p>### As Sombras que Sufocam a Luz<\/p>\n<p>Muitos, por outro lado, recebem a palavra, mas seu cora\u00e7\u00e3o \u00e9 como terra pedregosa, onde o broto surge rapidamente, mas logo murcha sob o calor do sol. A aparente prosperidade e o imediatismo podem nos enganar, mas a aus\u00eancia de profundidade em nossa f\u00e9 nos torna vulner\u00e1veis.<\/p>\n<p>Ainda mais perigosos s\u00e3o aqueles cora\u00e7\u00f5es onde a palavra germina em meio aos espinhos. **Espinhos representam as preocupa\u00e7\u00f5es mundanas, a ilus\u00e3o da riqueza e os desejos insaci\u00e1veis.**  S\u00e3o os afazeres que nos distraem da verdadeira ess\u00eancia, as ambi\u00e7\u00f5es que nos afastam do amor e da entrega. **Esses \u201cespinhos\u201d sufocam a semente da f\u00e9, impedindo-a de dar fruto.**<\/p>\n<p>### A Paz que Transcende a Preocupa\u00e7\u00e3o<\/p>\n<p>Diante desta realidade, a ang\u00fastia pode nos invadir.  Como discernir o que nos impede de receber a palavra em seu plenitude? A resposta se encontra na serenidade, na capacidade de entregar nossas preocupa\u00e7\u00f5es ao Criador.<\/p>\n<p>&#8220;N\u00e3o vos inquieteis por v\u00f3s mesmos, pelo que comer\u00e9is, nem pelo vosso corpo, nem pelo que vestireis.&#8221; *(Mateus 6:25)*.  \u00c9 um chamado \u00e0 confian\u00e7a, a entrega dos nossos medos e ansiedades na certeza de que somos cuidados e amparados.<\/p>\n<p>E Jesus, com infinita ternura, nos lembra atrav\u00e9s de Marta, que a busca incessante por controle e a preocupa\u00e7\u00e3o excessiva nos afastam do essencial. *\u201cMarta, Marta, andas muito inquieta e te preocupas com muitas coisas.\u201d* *(Lucas 10:41)*.<\/p>\n<p>### O Tesouro que Transforma<\/p>\n<p>A verdadeira riqueza n\u00e3o se encontra na acumula\u00e7\u00e3o de bens materiais, mas na semente da f\u00e9 que germina em nosso interior, dando frutos de amor, compaix\u00e3o e servi\u00e7o ao pr\u00f3ximo. *\u201cAqueles que ambicionam tornar-se ricos caem nas amadilhas do dem\u00f4nio&#8230; a raiz de todos os males \u00e9 o amor ao dinheiro.\u201d* *(1 Tim\u00f3teo 6:9-10)*.<\/p>\n<p>A palavra de Deus \u00e9 a chave que abre as portas da salva\u00e7\u00e3o, mas somente aqueles que se libertam das amarras do mundo e se abrem \u00e0 gra\u00e7a divina podem experimentar sua plenitude. Que cada um de n\u00f3s possa, com humildade e sinceridade, examinar seu cora\u00e7\u00e3o e afastar os espinhos que o impedem de florescer.<\/p>\n<p>**&#8221;N\u00e3o ameis o mundo nem o que h\u00e1 no mundo.&#8221;** *(1 Jo\u00e3o 2:15)*. Que esta seja a nossa prece, o nosso compromisso, a nossa esperan\u00e7a.<\/p>\n","protected":false},"excerpt":{"rendered":"<p>## O Campo e a Semente: Um Chamado \u00e0 Reflex\u00e3o \u00c9 not\u00e1vel como, por vezes, a mais bela semente pode cair em solo improdutivo. A palavra, a mensagem que buscamos compreender e viver, pode ser lan\u00e7ada em um cora\u00e7\u00e3o que n\u00e3o a recebe com a devida abertura. \u00c9 um pensamento que nos convida a uma [&hellip;]<\/p>\n","protected":false},"author":1,"featured_media":0,"comment_status":"closed","ping_status":"open","sticky":false,"template":"","format":"standard","meta":{"footnotes":""},"categories":[14],"tags":[],"class_list":["post-6258","post","type-post","status-publish","format-standard","hentry","category-reflexao"],"yoast_head":"<!-- This site is optimized with the Yoast SEO plugin v27.2 - https:\/\/yoast.com\/product\/yoast-seo-wordpress\/ -->\n<title>Reflex\u00e3o sobre a F\u00e9: Solo F\u00e9rtil, Sementes e o Reino Divino - Salmos B\u00edblicos<\/title>\n<meta name=\"robots\" content=\"index, follow, max-snippet:-1, max-image-preview:large, max-video-preview:-1\" \/>\n<link rel=\"canonical\" href=\"https:\/\/salmosbiblicos.com.br\/index.php\/2026\/03\/31\/reflexao-sobre-a-fe-solo-fertil-sementes-e-o-reino-divino\/\" \/>\n<meta property=\"og:locale\" content=\"pt_BR\" \/>\n<meta property=\"og:type\" content=\"article\" \/>\n<meta property=\"og:title\" content=\"Reflex\u00e3o sobre a F\u00e9: Solo F\u00e9rtil, Sementes e o Reino Divino - Salmos B\u00edblicos\" \/>\n<meta property=\"og:description\" content=\"## O Campo e a Semente: Um Chamado \u00e0 Reflex\u00e3o \u00c9 not\u00e1vel como, por vezes, a mais bela semente pode cair em solo improdutivo. A palavra, a mensagem que buscamos compreender e viver, pode ser lan\u00e7ada em um cora\u00e7\u00e3o que n\u00e3o a recebe com a devida abertura. \u00c9 um pensamento que nos convida a uma [&hellip;]\" \/>\n<meta property=\"og:url\" content=\"https:\/\/salmosbiblicos.com.br\/index.php\/2026\/03\/31\/reflexao-sobre-a-fe-solo-fertil-sementes-e-o-reino-divino\/\" \/>\n<meta property=\"og:site_name\" content=\"Salmos B\u00edblicos\" \/>\n<meta property=\"article:published_time\" content=\"2026-03-31T22:02:14+00:00\" \/>\n<meta name=\"author\" content=\"alextreh@gmail.com\" \/>\n<meta name=\"twitter:card\" content=\"summary_large_image\" \/>\n<meta name=\"twitter:label1\" content=\"Escrito por\" \/>\n\t<meta name=\"twitter:data1\" content=\"alextreh@gmail.com\" \/>\n\t<meta name=\"twitter:label2\" content=\"Est. tempo de leitura\" \/>\n\t<meta name=\"twitter:data2\" content=\"3 minutos\" \/>\n<script type=\"application\/ld+json\" class=\"yoast-schema-graph\">{\"@context\":\"https:\/\/schema.org\",\"@graph\":[{\"@type\":\"Article\",\"@id\":\"https:\/\/salmosbiblicos.com.br\/index.php\/2026\/03\/31\/reflexao-sobre-a-fe-solo-fertil-sementes-e-o-reino-divino\/#article\",\"isPartOf\":{\"@id\":\"https:\/\/salmosbiblicos.com.br\/index.php\/2026\/03\/31\/reflexao-sobre-a-fe-solo-fertil-sementes-e-o-reino-divino\/\"},\"author\":{\"name\":\"alextreh@gmail.com\",\"@id\":\"https:\/\/salmosbiblicos.com.br\/#\/schema\/person\/30586d0fb3f3a46b78a3414fc39cc975\"},\"headline\":\"Reflex\u00e3o sobre a F\u00e9: Solo F\u00e9rtil, Sementes e o Reino Divino\",\"datePublished\":\"2026-03-31T22:02:14+00:00\",\"mainEntityOfPage\":{\"@id\":\"https:\/\/salmosbiblicos.com.br\/index.php\/2026\/03\/31\/reflexao-sobre-a-fe-solo-fertil-sementes-e-o-reino-divino\/\"},\"wordCount\":573,\"articleSection\":[\"Reflex\u00e3o\"],\"inLanguage\":\"pt-BR\"},{\"@type\":\"WebPage\",\"@id\":\"https:\/\/salmosbiblicos.com.br\/index.php\/2026\/03\/31\/reflexao-sobre-a-fe-solo-fertil-sementes-e-o-reino-divino\/\",\"url\":\"https:\/\/salmosbiblicos.com.br\/index.php\/2026\/03\/31\/reflexao-sobre-a-fe-solo-fertil-sementes-e-o-reino-divino\/\",\"name\":\"Reflex\u00e3o sobre a F\u00e9: Solo F\u00e9rtil, Sementes e o Reino Divino - Salmos B\u00edblicos\",\"isPartOf\":{\"@id\":\"https:\/\/salmosbiblicos.com.br\/#website\"},\"datePublished\":\"2026-03-31T22:02:14+00:00\",\"author\":{\"@id\":\"https:\/\/salmosbiblicos.com.br\/#\/schema\/person\/30586d0fb3f3a46b78a3414fc39cc975\"},\"breadcrumb\":{\"@id\":\"https:\/\/salmosbiblicos.com.br\/index.php\/2026\/03\/31\/reflexao-sobre-a-fe-solo-fertil-sementes-e-o-reino-divino\/#breadcrumb\"},\"inLanguage\":\"pt-BR\",\"potentialAction\":[{\"@type\":\"ReadAction\",\"target\":[\"https:\/\/salmosbiblicos.com.br\/index.php\/2026\/03\/31\/reflexao-sobre-a-fe-solo-fertil-sementes-e-o-reino-divino\/\"]}]},{\"@type\":\"BreadcrumbList\",\"@id\":\"https:\/\/salmosbiblicos.com.br\/index.php\/2026\/03\/31\/reflexao-sobre-a-fe-solo-fertil-sementes-e-o-reino-divino\/#breadcrumb\",\"itemListElement\":[{\"@type\":\"ListItem\",\"position\":1,\"name\":\"Home\",\"item\":\"https:\/\/salmosbiblicos.com.br\/\"},{\"@type\":\"ListItem\",\"position\":2,\"name\":\"Reflex\u00e3o sobre a F\u00e9: Solo F\u00e9rtil, Sementes e o Reino Divino\"}]},{\"@type\":\"WebSite\",\"@id\":\"https:\/\/salmosbiblicos.com.br\/#website\",\"url\":\"https:\/\/salmosbiblicos.com.br\/\",\"name\":\"Salmos B\u00edblicos\",\"description\":\"Uma e-Livraria com e-Books novos para voc\u00ea refletir.\",\"potentialAction\":[{\"@type\":\"SearchAction\",\"target\":{\"@type\":\"EntryPoint\",\"urlTemplate\":\"https:\/\/salmosbiblicos.com.br\/?s={search_term_string}\"},\"query-input\":{\"@type\":\"PropertyValueSpecification\",\"valueRequired\":true,\"valueName\":\"search_term_string\"}}],\"inLanguage\":\"pt-BR\"},{\"@type\":\"Person\",\"@id\":\"https:\/\/salmosbiblicos.com.br\/#\/schema\/person\/30586d0fb3f3a46b78a3414fc39cc975\",\"name\":\"alextreh@gmail.com\",\"image\":{\"@type\":\"ImageObject\",\"inLanguage\":\"pt-BR\",\"@id\":\"https:\/\/secure.gravatar.com\/avatar\/7cf84d31f581ec97b887c1039d478a7c293086896c84951a86753fb2c2af7527?s=96&d=mm&r=g\",\"url\":\"https:\/\/secure.gravatar.com\/avatar\/7cf84d31f581ec97b887c1039d478a7c293086896c84951a86753fb2c2af7527?s=96&d=mm&r=g\",\"contentUrl\":\"https:\/\/secure.gravatar.com\/avatar\/7cf84d31f581ec97b887c1039d478a7c293086896c84951a86753fb2c2af7527?s=96&d=mm&r=g\",\"caption\":\"alextreh@gmail.com\"},\"sameAs\":[\"http:\/\/salmosbiblicos.com.br\"],\"url\":\"https:\/\/salmosbiblicos.com.br\/index.php\/author\/alextrehgmail-com\/\"}]}<\/script>\n<!-- \/ Yoast SEO plugin. -->","yoast_head_json":{"title":"Reflex\u00e3o sobre a F\u00e9: Solo F\u00e9rtil, Sementes e o Reino Divino - Salmos B\u00edblicos","robots":{"index":"index","follow":"follow","max-snippet":"max-snippet:-1","max-image-preview":"max-image-preview:large","max-video-preview":"max-video-preview:-1"},"canonical":"https:\/\/salmosbiblicos.com.br\/index.php\/2026\/03\/31\/reflexao-sobre-a-fe-solo-fertil-sementes-e-o-reino-divino\/","og_locale":"pt_BR","og_type":"article","og_title":"Reflex\u00e3o sobre a F\u00e9: Solo F\u00e9rtil, Sementes e o Reino Divino - Salmos B\u00edblicos","og_description":"## O Campo e a Semente: Um Chamado \u00e0 Reflex\u00e3o \u00c9 not\u00e1vel como, por vezes, a mais bela semente pode cair em solo improdutivo. A palavra, a mensagem que buscamos compreender e viver, pode ser lan\u00e7ada em um cora\u00e7\u00e3o que n\u00e3o a recebe com a devida abertura. \u00c9 um pensamento que nos convida a uma [&hellip;]","og_url":"https:\/\/salmosbiblicos.com.br\/index.php\/2026\/03\/31\/reflexao-sobre-a-fe-solo-fertil-sementes-e-o-reino-divino\/","og_site_name":"Salmos B\u00edblicos","article_published_time":"2026-03-31T22:02:14+00:00","author":"alextreh@gmail.com","twitter_card":"summary_large_image","twitter_misc":{"Escrito por":"alextreh@gmail.com","Est. tempo de leitura":"3 minutos"},"schema":{"@context":"https:\/\/schema.org","@graph":[{"@type":"Article","@id":"https:\/\/salmosbiblicos.com.br\/index.php\/2026\/03\/31\/reflexao-sobre-a-fe-solo-fertil-sementes-e-o-reino-divino\/#article","isPartOf":{"@id":"https:\/\/salmosbiblicos.com.br\/index.php\/2026\/03\/31\/reflexao-sobre-a-fe-solo-fertil-sementes-e-o-reino-divino\/"},"author":{"name":"alextreh@gmail.com","@id":"https:\/\/salmosbiblicos.com.br\/#\/schema\/person\/30586d0fb3f3a46b78a3414fc39cc975"},"headline":"Reflex\u00e3o sobre a F\u00e9: Solo F\u00e9rtil, Sementes e o Reino Divino","datePublished":"2026-03-31T22:02:14+00:00","mainEntityOfPage":{"@id":"https:\/\/salmosbiblicos.com.br\/index.php\/2026\/03\/31\/reflexao-sobre-a-fe-solo-fertil-sementes-e-o-reino-divino\/"},"wordCount":573,"articleSection":["Reflex\u00e3o"],"inLanguage":"pt-BR"},{"@type":"WebPage","@id":"https:\/\/salmosbiblicos.com.br\/index.php\/2026\/03\/31\/reflexao-sobre-a-fe-solo-fertil-sementes-e-o-reino-divino\/","url":"https:\/\/salmosbiblicos.com.br\/index.php\/2026\/03\/31\/reflexao-sobre-a-fe-solo-fertil-sementes-e-o-reino-divino\/","name":"Reflex\u00e3o sobre a F\u00e9: Solo F\u00e9rtil, Sementes e o Reino Divino - Salmos B\u00edblicos","isPartOf":{"@id":"https:\/\/salmosbiblicos.com.br\/#website"},"datePublished":"2026-03-31T22:02:14+00:00","author":{"@id":"https:\/\/salmosbiblicos.com.br\/#\/schema\/person\/30586d0fb3f3a46b78a3414fc39cc975"},"breadcrumb":{"@id":"https:\/\/salmosbiblicos.com.br\/index.php\/2026\/03\/31\/reflexao-sobre-a-fe-solo-fertil-sementes-e-o-reino-divino\/#breadcrumb"},"inLanguage":"pt-BR","potentialAction":[{"@type":"ReadAction","target":["https:\/\/salmosbiblicos.com.br\/index.php\/2026\/03\/31\/reflexao-sobre-a-fe-solo-fertil-sementes-e-o-reino-divino\/"]}]},{"@type":"BreadcrumbList","@id":"https:\/\/salmosbiblicos.com.br\/index.php\/2026\/03\/31\/reflexao-sobre-a-fe-solo-fertil-sementes-e-o-reino-divino\/#breadcrumb","itemListElement":[{"@type":"ListItem","position":1,"name":"Home","item":"https:\/\/salmosbiblicos.com.br\/"},{"@type":"ListItem","position":2,"name":"Reflex\u00e3o sobre a F\u00e9: Solo F\u00e9rtil, Sementes e o Reino Divino"}]},{"@type":"WebSite","@id":"https:\/\/salmosbiblicos.com.br\/#website","url":"https:\/\/salmosbiblicos.com.br\/","name":"Salmos B\u00edblicos","description":"Uma e-Livraria com e-Books novos para voc\u00ea refletir.","potentialAction":[{"@type":"SearchAction","target":{"@type":"EntryPoint","urlTemplate":"https:\/\/salmosbiblicos.com.br\/?s={search_term_string}"},"query-input":{"@type":"PropertyValueSpecification","valueRequired":true,"valueName":"search_term_string"}}],"inLanguage":"pt-BR"},{"@type":"Person","@id":"https:\/\/salmosbiblicos.com.br\/#\/schema\/person\/30586d0fb3f3a46b78a3414fc39cc975","name":"alextreh@gmail.com","image":{"@type":"ImageObject","inLanguage":"pt-BR","@id":"https:\/\/secure.gravatar.com\/avatar\/7cf84d31f581ec97b887c1039d478a7c293086896c84951a86753fb2c2af7527?s=96&d=mm&r=g","url":"https:\/\/secure.gravatar.com\/avatar\/7cf84d31f581ec97b887c1039d478a7c293086896c84951a86753fb2c2af7527?s=96&d=mm&r=g","contentUrl":"https:\/\/secure.gravatar.com\/avatar\/7cf84d31f581ec97b887c1039d478a7c293086896c84951a86753fb2c2af7527?s=96&d=mm&r=g","caption":"alextreh@gmail.com"},"sameAs":["http:\/\/salmosbiblicos.com.br"],"url":"https:\/\/salmosbiblicos.com.br\/index.php\/author\/alextrehgmail-com\/"}]}},"_links":{"self":[{"href":"https:\/\/salmosbiblicos.com.br\/index.php\/wp-json\/wp\/v2\/posts\/6258","targetHints":{"allow":["GET"]}}],"collection":[{"href":"https:\/\/salmosbiblicos.com.br\/index.php\/wp-json\/wp\/v2\/posts"}],"about":[{"href":"https:\/\/salmosbiblicos.com.br\/index.php\/wp-json\/wp\/v2\/types\/post"}],"author":[{"embeddable":true,"href":"https:\/\/salmosbiblicos.com.br\/index.php\/wp-json\/wp\/v2\/users\/1"}],"replies":[{"embeddable":true,"href":"https:\/\/salmosbiblicos.com.br\/index.php\/wp-json\/wp\/v2\/comments?post=6258"}],"version-history":[{"count":1,"href":"https:\/\/salmosbiblicos.com.br\/index.php\/wp-json\/wp\/v2\/posts\/6258\/revisions"}],"predecessor-version":[{"id":6259,"href":"https:\/\/salmosbiblicos.com.br\/index.php\/wp-json\/wp\/v2\/posts\/6258\/revisions\/6259"}],"wp:attachment":[{"href":"https:\/\/salmosbiblicos.com.br\/index.php\/wp-json\/wp\/v2\/media?parent=6258"}],"wp:term":[{"taxonomy":"category","embeddable":true,"href":"https:\/\/salmosbiblicos.com.br\/index.php\/wp-json\/wp\/v2\/categories?post=6258"},{"taxonomy":"post_tag","embeddable":true,"href":"https:\/\/salmosbiblicos.com.br\/index.php\/wp-json\/wp\/v2\/tags?post=6258"}],"curies":[{"name":"wp","href":"https:\/\/api.w.org\/{rel}","templated":true}]}}