{"id":6264,"date":"2026-03-31T23:45:40","date_gmt":"2026-04-01T02:45:40","guid":{"rendered":"https:\/\/salmosbiblicos.com.br\/?p=6264"},"modified":"2026-03-31T23:45:40","modified_gmt":"2026-04-01T02:45:40","slug":"colheita-urgente-o-chamado-a-servir-e-espalhar-a-fe","status":"publish","type":"post","link":"https:\/\/salmosbiblicos.com.br\/index.php\/2026\/03\/31\/colheita-urgente-o-chamado-a-servir-e-espalhar-a-fe\/","title":{"rendered":"Colheita Urgente: O Chamado a Servir e Espalhar a F\u00e9"},"content":{"rendered":"<p>## O Chamado Urgente da Colheita<\/p>\n<p>Aquele instante em que nos sentimos convocados a algo maior, a uma miss\u00e3o que transcende o nosso dia a dia, \u00e9 um sinal da presen\u00e7a divina. Refletir sobre a medida em que podemos auxiliar no Reino, \u00e9 um convite \u00e0 introspec\u00e7\u00e3o e \u00e0 a\u00e7\u00e3o.<\/p>\n<p>### A Messe \u00e9 Grande<\/p>\n<p>A Escritura nos recorda, com clareza, que a *Messe \u00e9 grande*. Uma vasta extens\u00e3o de almas, prontas para receber a luz do Evangelho, sedentas por uma esperan\u00e7a que perdure. Entretanto, a constata\u00e7\u00e3o nos atinge: **os trabalhadores s\u00e3o poucos**. Essa disparidade entre a necessidade e a oferta nos impele a uma reflex\u00e3o profunda.<\/p>\n<p>### O Espelho da Nossa F\u00e9<\/p>\n<p>Quantas vezes nos perguntamos: &#8220;Ser\u00e1 que eu estou fazendo a minha parte?&#8221; Ser\u00e1 que estamos respondendo ao chamado que ecoa em nossos cora\u00e7\u00f5es? A pergunta n\u00e3o \u00e9 feita para gerar culpa, mas para despertar a consci\u00eancia, para nos impulsionar a uma participa\u00e7\u00e3o mais ativa na obra de Deus. **A verdadeira humildade reside em reconhecer que, por vezes, o sil\u00eancio impede a propaga\u00e7\u00e3o da Palavra.**<\/p>\n<p>### Uma Ordem Divina<\/p>\n<p>Jesus nos deixou um mandamento claro: &#8220;Ide por todo o mundo e pregai o Evangelho a toda criatura.&#8221; Uma ordem que nos convoca a sair de nossas zonas de conforto, a testemunhar a f\u00e9 com coragem e ousadia. Batizemos, ensinemos, observemos tudo o que Ele nos prescreveu. A expans\u00e3o do Reino n\u00e3o depende de grandes demonstra\u00e7\u00f5es, mas da fidelidade de cada um em cumprir o seu papel.<\/p>\n<p>### Fortalecidos pelo Esp\u00edrito<\/p>\n<p>A for\u00e7a que nos impulsiona a esta miss\u00e3o n\u00e3o emana de n\u00f3s, mas da gra\u00e7a divina. **O Esp\u00edrito Santo nos capacita a sermos testemunhas em todas as circunst\u00e2ncias**, em Jerusal\u00e9m, na Judea, na Samaria e at\u00e9 aos confins da Terra. N\u00e3o \u00e9 uma tarefa que nos assusta, pois a promessa est\u00e1 presente: \u201cEu estarei com voc\u00eas todos os dias at\u00e9 o fim do mundo\u201d.<\/p>\n<p>### A Urg\u00eancia da Palavra<\/p>\n<p>N\u00e3o nos calemos diante da necessidade. Que a nossa voz seja um instrumento de reden\u00e7\u00e3o, um farol de esperan\u00e7a em meio \u00e0 escurid\u00e3o. **A prega\u00e7\u00e3o da Palavra deve ser constante, oportuna ou inoportuna,** repreendendo a injusti\u00e7a, exortando com paci\u00eancia e buscando a instru\u00e7\u00e3o.<\/p>\n<p>### Uma Confiss\u00e3o Sem Vergonha<\/p>\n<p>Paulo nos exorta: &#8220;N\u00e3o me envergonho do Evangelho, pois \u00e9 poder de Deus para a salva\u00e7\u00e3o de todo aquele que cr\u00ea&#8221;. Que essa confian\u00e7a nos inspire a proclamar a mensagem da salva\u00e7\u00e3o sem temor, sem hesita\u00e7\u00e3o, sem receio dos julgamentos terrenos. **O mundo pode nos criticar, mas a nossa fidelidade deve ser inabal\u00e1vel.**<\/p>\n<p>### Uma Reflex\u00e3o para o Cora\u00e7\u00e3o<\/p>\n<p>Que esta reflex\u00e3o encontre um eco profundo em seus cora\u00e7\u00f5es. Que a consci\u00eancia se eleve, que a f\u00e9 se fortale\u00e7a e que a coragem nos impulsione a sermos, de fato, *os poucos* que trabalham na vinha do Senhor. Que essa palavra se propague, alcan\u00e7ando aqueles que precisam ouvir a mensagem da esperan\u00e7a.<\/p>\n","protected":false},"excerpt":{"rendered":"<p>## O Chamado Urgente da Colheita Aquele instante em que nos sentimos convocados a algo maior, a uma miss\u00e3o que transcende o nosso dia a dia, \u00e9 um sinal da presen\u00e7a divina. Refletir sobre a medida em que podemos auxiliar no Reino, \u00e9 um convite \u00e0 introspec\u00e7\u00e3o e \u00e0 a\u00e7\u00e3o. ### A Messe \u00e9 Grande [&hellip;]<\/p>\n","protected":false},"author":1,"featured_media":0,"comment_status":"closed","ping_status":"open","sticky":false,"template":"","format":"standard","meta":{"footnotes":""},"categories":[14],"tags":[],"class_list":["post-6264","post","type-post","status-publish","format-standard","hentry","category-reflexao"],"yoast_head":"<!-- This site is optimized with the Yoast SEO plugin v27.2 - https:\/\/yoast.com\/product\/yoast-seo-wordpress\/ -->\n<title>Colheita Urgente: O Chamado a Servir e Espalhar a F\u00e9 - Salmos B\u00edblicos<\/title>\n<meta name=\"robots\" content=\"index, follow, max-snippet:-1, max-image-preview:large, max-video-preview:-1\" \/>\n<link rel=\"canonical\" href=\"https:\/\/salmosbiblicos.com.br\/index.php\/2026\/03\/31\/colheita-urgente-o-chamado-a-servir-e-espalhar-a-fe\/\" \/>\n<meta property=\"og:locale\" content=\"pt_BR\" \/>\n<meta property=\"og:type\" content=\"article\" \/>\n<meta property=\"og:title\" content=\"Colheita Urgente: O Chamado a Servir e Espalhar a F\u00e9 - Salmos B\u00edblicos\" \/>\n<meta property=\"og:description\" content=\"## O Chamado Urgente da Colheita Aquele instante em que nos sentimos convocados a algo maior, a uma miss\u00e3o que transcende o nosso dia a dia, \u00e9 um sinal da presen\u00e7a divina. Refletir sobre a medida em que podemos auxiliar no Reino, \u00e9 um convite \u00e0 introspec\u00e7\u00e3o e \u00e0 a\u00e7\u00e3o. ### A Messe \u00e9 Grande [&hellip;]\" \/>\n<meta property=\"og:url\" content=\"https:\/\/salmosbiblicos.com.br\/index.php\/2026\/03\/31\/colheita-urgente-o-chamado-a-servir-e-espalhar-a-fe\/\" \/>\n<meta property=\"og:site_name\" content=\"Salmos B\u00edblicos\" \/>\n<meta property=\"article:published_time\" content=\"2026-04-01T02:45:40+00:00\" \/>\n<meta name=\"author\" content=\"alextreh@gmail.com\" \/>\n<meta name=\"twitter:card\" content=\"summary_large_image\" \/>\n<meta name=\"twitter:label1\" content=\"Escrito por\" \/>\n\t<meta name=\"twitter:data1\" content=\"alextreh@gmail.com\" \/>\n\t<meta name=\"twitter:label2\" content=\"Est. tempo de leitura\" \/>\n\t<meta name=\"twitter:data2\" content=\"3 minutos\" \/>\n<script type=\"application\/ld+json\" class=\"yoast-schema-graph\">{\"@context\":\"https:\/\/schema.org\",\"@graph\":[{\"@type\":\"Article\",\"@id\":\"https:\/\/salmosbiblicos.com.br\/index.php\/2026\/03\/31\/colheita-urgente-o-chamado-a-servir-e-espalhar-a-fe\/#article\",\"isPartOf\":{\"@id\":\"https:\/\/salmosbiblicos.com.br\/index.php\/2026\/03\/31\/colheita-urgente-o-chamado-a-servir-e-espalhar-a-fe\/\"},\"author\":{\"name\":\"alextreh@gmail.com\",\"@id\":\"https:\/\/salmosbiblicos.com.br\/#\/schema\/person\/30586d0fb3f3a46b78a3414fc39cc975\"},\"headline\":\"Colheita Urgente: O Chamado a Servir e Espalhar a F\u00e9\",\"datePublished\":\"2026-04-01T02:45:40+00:00\",\"mainEntityOfPage\":{\"@id\":\"https:\/\/salmosbiblicos.com.br\/index.php\/2026\/03\/31\/colheita-urgente-o-chamado-a-servir-e-espalhar-a-fe\/\"},\"wordCount\":525,\"articleSection\":[\"Reflex\u00e3o\"],\"inLanguage\":\"pt-BR\"},{\"@type\":\"WebPage\",\"@id\":\"https:\/\/salmosbiblicos.com.br\/index.php\/2026\/03\/31\/colheita-urgente-o-chamado-a-servir-e-espalhar-a-fe\/\",\"url\":\"https:\/\/salmosbiblicos.com.br\/index.php\/2026\/03\/31\/colheita-urgente-o-chamado-a-servir-e-espalhar-a-fe\/\",\"name\":\"Colheita Urgente: O Chamado a Servir e Espalhar a F\u00e9 - Salmos B\u00edblicos\",\"isPartOf\":{\"@id\":\"https:\/\/salmosbiblicos.com.br\/#website\"},\"datePublished\":\"2026-04-01T02:45:40+00:00\",\"author\":{\"@id\":\"https:\/\/salmosbiblicos.com.br\/#\/schema\/person\/30586d0fb3f3a46b78a3414fc39cc975\"},\"breadcrumb\":{\"@id\":\"https:\/\/salmosbiblicos.com.br\/index.php\/2026\/03\/31\/colheita-urgente-o-chamado-a-servir-e-espalhar-a-fe\/#breadcrumb\"},\"inLanguage\":\"pt-BR\",\"potentialAction\":[{\"@type\":\"ReadAction\",\"target\":[\"https:\/\/salmosbiblicos.com.br\/index.php\/2026\/03\/31\/colheita-urgente-o-chamado-a-servir-e-espalhar-a-fe\/\"]}]},{\"@type\":\"BreadcrumbList\",\"@id\":\"https:\/\/salmosbiblicos.com.br\/index.php\/2026\/03\/31\/colheita-urgente-o-chamado-a-servir-e-espalhar-a-fe\/#breadcrumb\",\"itemListElement\":[{\"@type\":\"ListItem\",\"position\":1,\"name\":\"Home\",\"item\":\"https:\/\/salmosbiblicos.com.br\/\"},{\"@type\":\"ListItem\",\"position\":2,\"name\":\"Colheita Urgente: O Chamado a Servir e Espalhar a F\u00e9\"}]},{\"@type\":\"WebSite\",\"@id\":\"https:\/\/salmosbiblicos.com.br\/#website\",\"url\":\"https:\/\/salmosbiblicos.com.br\/\",\"name\":\"Salmos B\u00edblicos\",\"description\":\"Uma e-Livraria com e-Books novos para voc\u00ea refletir.\",\"potentialAction\":[{\"@type\":\"SearchAction\",\"target\":{\"@type\":\"EntryPoint\",\"urlTemplate\":\"https:\/\/salmosbiblicos.com.br\/?s={search_term_string}\"},\"query-input\":{\"@type\":\"PropertyValueSpecification\",\"valueRequired\":true,\"valueName\":\"search_term_string\"}}],\"inLanguage\":\"pt-BR\"},{\"@type\":\"Person\",\"@id\":\"https:\/\/salmosbiblicos.com.br\/#\/schema\/person\/30586d0fb3f3a46b78a3414fc39cc975\",\"name\":\"alextreh@gmail.com\",\"image\":{\"@type\":\"ImageObject\",\"inLanguage\":\"pt-BR\",\"@id\":\"https:\/\/secure.gravatar.com\/avatar\/7cf84d31f581ec97b887c1039d478a7c293086896c84951a86753fb2c2af7527?s=96&d=mm&r=g\",\"url\":\"https:\/\/secure.gravatar.com\/avatar\/7cf84d31f581ec97b887c1039d478a7c293086896c84951a86753fb2c2af7527?s=96&d=mm&r=g\",\"contentUrl\":\"https:\/\/secure.gravatar.com\/avatar\/7cf84d31f581ec97b887c1039d478a7c293086896c84951a86753fb2c2af7527?s=96&d=mm&r=g\",\"caption\":\"alextreh@gmail.com\"},\"sameAs\":[\"http:\/\/salmosbiblicos.com.br\"],\"url\":\"https:\/\/salmosbiblicos.com.br\/index.php\/author\/alextrehgmail-com\/\"}]}<\/script>\n<!-- \/ Yoast SEO plugin. -->","yoast_head_json":{"title":"Colheita Urgente: O Chamado a Servir e Espalhar a F\u00e9 - Salmos B\u00edblicos","robots":{"index":"index","follow":"follow","max-snippet":"max-snippet:-1","max-image-preview":"max-image-preview:large","max-video-preview":"max-video-preview:-1"},"canonical":"https:\/\/salmosbiblicos.com.br\/index.php\/2026\/03\/31\/colheita-urgente-o-chamado-a-servir-e-espalhar-a-fe\/","og_locale":"pt_BR","og_type":"article","og_title":"Colheita Urgente: O Chamado a Servir e Espalhar a F\u00e9 - Salmos B\u00edblicos","og_description":"## O Chamado Urgente da Colheita Aquele instante em que nos sentimos convocados a algo maior, a uma miss\u00e3o que transcende o nosso dia a dia, \u00e9 um sinal da presen\u00e7a divina. Refletir sobre a medida em que podemos auxiliar no Reino, \u00e9 um convite \u00e0 introspec\u00e7\u00e3o e \u00e0 a\u00e7\u00e3o. ### A Messe \u00e9 Grande [&hellip;]","og_url":"https:\/\/salmosbiblicos.com.br\/index.php\/2026\/03\/31\/colheita-urgente-o-chamado-a-servir-e-espalhar-a-fe\/","og_site_name":"Salmos B\u00edblicos","article_published_time":"2026-04-01T02:45:40+00:00","author":"alextreh@gmail.com","twitter_card":"summary_large_image","twitter_misc":{"Escrito por":"alextreh@gmail.com","Est. tempo de leitura":"3 minutos"},"schema":{"@context":"https:\/\/schema.org","@graph":[{"@type":"Article","@id":"https:\/\/salmosbiblicos.com.br\/index.php\/2026\/03\/31\/colheita-urgente-o-chamado-a-servir-e-espalhar-a-fe\/#article","isPartOf":{"@id":"https:\/\/salmosbiblicos.com.br\/index.php\/2026\/03\/31\/colheita-urgente-o-chamado-a-servir-e-espalhar-a-fe\/"},"author":{"name":"alextreh@gmail.com","@id":"https:\/\/salmosbiblicos.com.br\/#\/schema\/person\/30586d0fb3f3a46b78a3414fc39cc975"},"headline":"Colheita Urgente: O Chamado a Servir e Espalhar a F\u00e9","datePublished":"2026-04-01T02:45:40+00:00","mainEntityOfPage":{"@id":"https:\/\/salmosbiblicos.com.br\/index.php\/2026\/03\/31\/colheita-urgente-o-chamado-a-servir-e-espalhar-a-fe\/"},"wordCount":525,"articleSection":["Reflex\u00e3o"],"inLanguage":"pt-BR"},{"@type":"WebPage","@id":"https:\/\/salmosbiblicos.com.br\/index.php\/2026\/03\/31\/colheita-urgente-o-chamado-a-servir-e-espalhar-a-fe\/","url":"https:\/\/salmosbiblicos.com.br\/index.php\/2026\/03\/31\/colheita-urgente-o-chamado-a-servir-e-espalhar-a-fe\/","name":"Colheita Urgente: O Chamado a Servir e Espalhar a F\u00e9 - Salmos B\u00edblicos","isPartOf":{"@id":"https:\/\/salmosbiblicos.com.br\/#website"},"datePublished":"2026-04-01T02:45:40+00:00","author":{"@id":"https:\/\/salmosbiblicos.com.br\/#\/schema\/person\/30586d0fb3f3a46b78a3414fc39cc975"},"breadcrumb":{"@id":"https:\/\/salmosbiblicos.com.br\/index.php\/2026\/03\/31\/colheita-urgente-o-chamado-a-servir-e-espalhar-a-fe\/#breadcrumb"},"inLanguage":"pt-BR","potentialAction":[{"@type":"ReadAction","target":["https:\/\/salmosbiblicos.com.br\/index.php\/2026\/03\/31\/colheita-urgente-o-chamado-a-servir-e-espalhar-a-fe\/"]}]},{"@type":"BreadcrumbList","@id":"https:\/\/salmosbiblicos.com.br\/index.php\/2026\/03\/31\/colheita-urgente-o-chamado-a-servir-e-espalhar-a-fe\/#breadcrumb","itemListElement":[{"@type":"ListItem","position":1,"name":"Home","item":"https:\/\/salmosbiblicos.com.br\/"},{"@type":"ListItem","position":2,"name":"Colheita Urgente: O Chamado a Servir e Espalhar a F\u00e9"}]},{"@type":"WebSite","@id":"https:\/\/salmosbiblicos.com.br\/#website","url":"https:\/\/salmosbiblicos.com.br\/","name":"Salmos B\u00edblicos","description":"Uma e-Livraria com e-Books novos para voc\u00ea refletir.","potentialAction":[{"@type":"SearchAction","target":{"@type":"EntryPoint","urlTemplate":"https:\/\/salmosbiblicos.com.br\/?s={search_term_string}"},"query-input":{"@type":"PropertyValueSpecification","valueRequired":true,"valueName":"search_term_string"}}],"inLanguage":"pt-BR"},{"@type":"Person","@id":"https:\/\/salmosbiblicos.com.br\/#\/schema\/person\/30586d0fb3f3a46b78a3414fc39cc975","name":"alextreh@gmail.com","image":{"@type":"ImageObject","inLanguage":"pt-BR","@id":"https:\/\/secure.gravatar.com\/avatar\/7cf84d31f581ec97b887c1039d478a7c293086896c84951a86753fb2c2af7527?s=96&d=mm&r=g","url":"https:\/\/secure.gravatar.com\/avatar\/7cf84d31f581ec97b887c1039d478a7c293086896c84951a86753fb2c2af7527?s=96&d=mm&r=g","contentUrl":"https:\/\/secure.gravatar.com\/avatar\/7cf84d31f581ec97b887c1039d478a7c293086896c84951a86753fb2c2af7527?s=96&d=mm&r=g","caption":"alextreh@gmail.com"},"sameAs":["http:\/\/salmosbiblicos.com.br"],"url":"https:\/\/salmosbiblicos.com.br\/index.php\/author\/alextrehgmail-com\/"}]}},"_links":{"self":[{"href":"https:\/\/salmosbiblicos.com.br\/index.php\/wp-json\/wp\/v2\/posts\/6264","targetHints":{"allow":["GET"]}}],"collection":[{"href":"https:\/\/salmosbiblicos.com.br\/index.php\/wp-json\/wp\/v2\/posts"}],"about":[{"href":"https:\/\/salmosbiblicos.com.br\/index.php\/wp-json\/wp\/v2\/types\/post"}],"author":[{"embeddable":true,"href":"https:\/\/salmosbiblicos.com.br\/index.php\/wp-json\/wp\/v2\/users\/1"}],"replies":[{"embeddable":true,"href":"https:\/\/salmosbiblicos.com.br\/index.php\/wp-json\/wp\/v2\/comments?post=6264"}],"version-history":[{"count":1,"href":"https:\/\/salmosbiblicos.com.br\/index.php\/wp-json\/wp\/v2\/posts\/6264\/revisions"}],"predecessor-version":[{"id":6265,"href":"https:\/\/salmosbiblicos.com.br\/index.php\/wp-json\/wp\/v2\/posts\/6264\/revisions\/6265"}],"wp:attachment":[{"href":"https:\/\/salmosbiblicos.com.br\/index.php\/wp-json\/wp\/v2\/media?parent=6264"}],"wp:term":[{"taxonomy":"category","embeddable":true,"href":"https:\/\/salmosbiblicos.com.br\/index.php\/wp-json\/wp\/v2\/categories?post=6264"},{"taxonomy":"post_tag","embeddable":true,"href":"https:\/\/salmosbiblicos.com.br\/index.php\/wp-json\/wp\/v2\/tags?post=6264"}],"curies":[{"name":"wp","href":"https:\/\/api.w.org\/{rel}","templated":true}]}}