{"id":6278,"date":"2026-04-01T06:32:54","date_gmt":"2026-04-01T09:32:54","guid":{"rendered":"https:\/\/salmosbiblicos.com.br\/?p=6278"},"modified":"2026-04-01T06:32:54","modified_gmt":"2026-04-01T09:32:54","slug":"parabola-do-semeador-reflexoes-sobre-o-coracao-humano","status":"publish","type":"post","link":"https:\/\/salmosbiblicos.com.br\/index.php\/2026\/04\/01\/parabola-do-semeador-reflexoes-sobre-o-coracao-humano\/","title":{"rendered":"Par\u00e1bola do Semeador: Reflex\u00f5es sobre o Cora\u00e7\u00e3o Humano"},"content":{"rendered":"<p>## A Semente e o Cora\u00e7\u00e3o Humano<\/p>\n<p>\u00c9 com o cora\u00e7\u00e3o aberto que nos reunimos para refletir sobre a Palavra, buscando compreender os caminhos que nos levam \u00e0 verdadeira f\u00e9. Hoje, somos convidados a contemplar uma imagem poderosa: a do semeador, espalhando suas sementes em diferentes terrenos. Essa par\u00e1bola, transmitida por Jesus, n\u00e3o \u00e9 apenas uma hist\u00f3ria, mas um espelho que reflete a condi\u00e7\u00e3o do nosso pr\u00f3prio cora\u00e7\u00e3o.<\/p>\n<p>### O Terreno do Nosso Interior<\/p>\n<p>O Semeador, s\u00edmbolo de Deus, lan\u00e7a a sua Palavra, a semente da salva\u00e7\u00e3o, em um mundo repleto de desafios. A quest\u00e3o que se imp\u00f5e \u00e9: qual \u00e9 o terreno que acolhe essa semente em n\u00f3s? Que tipo de solo permitimos que a mensagem divina encontre em nosso interior?<\/p>\n<p>A par\u00e1bola nos apresenta quatro possibilidades:<\/p>\n<p>*   **A Beira do Caminho:** O cora\u00e7\u00e3o que ouve a Palavra, mas n\u00e3o a compreende. A superficialidade da aten\u00e7\u00e3o permite que as preocupa\u00e7\u00f5es do mundo afastem a mensagem antes que ela possa germinar. \u00c9 o terreno f\u00e1cil para o diabo roubar a semente, levando consigo a esperan\u00e7a de transforma\u00e7\u00e3o.<br \/>*   **O Solo Pedregoso:** O cora\u00e7\u00e3o que recebe a Palavra com entusiasmo, com uma alegria imediata. No entanto, a falta de ra\u00edzes profundas o torna vulner\u00e1vel. Quando as tribula\u00e7\u00f5es surgem, quando a persegui\u00e7\u00e3o se manifesta, a f\u00e9 se desfaz, como uma planta que n\u00e3o consegue sustentar-se em meio \u00e0 tempestade.<br \/>*   **O Terreno Espinhoso:** O cora\u00e7\u00e3o que se deixa seduzir pelas riquezas e pelos prazeres do mundo. As preocupa\u00e7\u00f5es materiais, a busca incessante por reconhecimento e bens, sufocam a semente da Palavra, impedindo que ela produza frutos.<\/p>\n<p>### A Terra Boa: Um Chamado \u00e0 Reflex\u00e3o<\/p>\n<p>A maioria de n\u00f3s, em algum momento, pode se identificar com um desses terrenos. \u00c9 um momento de humildade reconhecer nossas fragilidades, nossas limita\u00e7\u00f5es. Mas a esperan\u00e7a reside naqueles que possuem a **terra boa:** aqueles que ouvem a Palavra com aten\u00e7\u00e3o, a compreendem e a colocam em pr\u00e1tica.<\/p>\n<p>### A Promessa do Fruto<\/p>\n<p>Esses s\u00e3o os cora\u00e7\u00f5es que **acolhem a Palavra como um tesouro**, que se esfor\u00e7am para viv\u00ea-la em cada a\u00e7\u00e3o, em cada pensamento. S\u00e3o os cora\u00e7\u00f5es que, mesmo diante dos desafios, permanecem firmes na f\u00e9, gerando frutos de amor, de esperan\u00e7a e de compaix\u00e3o.<\/p>\n<p>**A Palavra semeada em terra boa produz frutos abundantes: cem, sessenta, trinta!** Uma colheita que irradia a gra\u00e7a de Deus para o mundo.<\/p>\n<p>### Cultivando o Cora\u00e7\u00e3o<\/p>\n<p>Que possamos, ent\u00e3o, examinar a n\u00f3s mesmos, com sinceridade e coragem. Que possamos identificar os obst\u00e1culos que impedem o crescimento da Palavra em nossos cora\u00e7\u00f5es.<\/p>\n<p>*   **Busque a compreens\u00e3o:** Esforce-se para entender a mensagem divina.<br \/>*   **Fortale\u00e7a suas ra\u00edzes:** Aprofunde sua f\u00e9 atrav\u00e9s da ora\u00e7\u00e3o, da medita\u00e7\u00e3o e da pr\u00e1tica da caridade.<br \/>*   **Desapegue das riquezas:** Priorize os valores espirituais em detrimento dos bens materiais.<\/p>\n<p>Que a Palavra semeada em n\u00f3s encontre terreno f\u00e9rtil, para que possamos nos tornar instrumentos de esperan\u00e7a e de amor em um mundo que tanto necessita. Que a gra\u00e7a de Deus nos fortale\u00e7a nessa jornada.<\/p>\n","protected":false},"excerpt":{"rendered":"<p>## A Semente e o Cora\u00e7\u00e3o Humano \u00c9 com o cora\u00e7\u00e3o aberto que nos reunimos para refletir sobre a Palavra, buscando compreender os caminhos que nos levam \u00e0 verdadeira f\u00e9. Hoje, somos convidados a contemplar uma imagem poderosa: a do semeador, espalhando suas sementes em diferentes terrenos. Essa par\u00e1bola, transmitida por Jesus, n\u00e3o \u00e9 apenas [&hellip;]<\/p>\n","protected":false},"author":1,"featured_media":0,"comment_status":"closed","ping_status":"open","sticky":false,"template":"","format":"standard","meta":{"footnotes":""},"categories":[14],"tags":[],"class_list":["post-6278","post","type-post","status-publish","format-standard","hentry","category-reflexao"],"yoast_head":"<!-- This site is optimized with the Yoast SEO plugin v27.2 - https:\/\/yoast.com\/product\/yoast-seo-wordpress\/ -->\n<title>Par\u00e1bola do Semeador: Reflex\u00f5es sobre o Cora\u00e7\u00e3o Humano - Salmos B\u00edblicos<\/title>\n<meta name=\"robots\" content=\"index, follow, max-snippet:-1, max-image-preview:large, max-video-preview:-1\" \/>\n<link rel=\"canonical\" href=\"https:\/\/salmosbiblicos.com.br\/index.php\/2026\/04\/01\/parabola-do-semeador-reflexoes-sobre-o-coracao-humano\/\" \/>\n<meta property=\"og:locale\" content=\"pt_BR\" \/>\n<meta property=\"og:type\" content=\"article\" \/>\n<meta property=\"og:title\" content=\"Par\u00e1bola do Semeador: Reflex\u00f5es sobre o Cora\u00e7\u00e3o Humano - Salmos B\u00edblicos\" \/>\n<meta property=\"og:description\" content=\"## A Semente e o Cora\u00e7\u00e3o Humano \u00c9 com o cora\u00e7\u00e3o aberto que nos reunimos para refletir sobre a Palavra, buscando compreender os caminhos que nos levam \u00e0 verdadeira f\u00e9. Hoje, somos convidados a contemplar uma imagem poderosa: a do semeador, espalhando suas sementes em diferentes terrenos. Essa par\u00e1bola, transmitida por Jesus, n\u00e3o \u00e9 apenas [&hellip;]\" \/>\n<meta property=\"og:url\" content=\"https:\/\/salmosbiblicos.com.br\/index.php\/2026\/04\/01\/parabola-do-semeador-reflexoes-sobre-o-coracao-humano\/\" \/>\n<meta property=\"og:site_name\" content=\"Salmos B\u00edblicos\" \/>\n<meta property=\"article:published_time\" content=\"2026-04-01T09:32:54+00:00\" \/>\n<meta name=\"author\" content=\"alextreh@gmail.com\" \/>\n<meta name=\"twitter:card\" content=\"summary_large_image\" \/>\n<meta name=\"twitter:label1\" content=\"Escrito por\" \/>\n\t<meta name=\"twitter:data1\" content=\"alextreh@gmail.com\" \/>\n\t<meta name=\"twitter:label2\" content=\"Est. tempo de leitura\" \/>\n\t<meta name=\"twitter:data2\" content=\"3 minutos\" \/>\n<script type=\"application\/ld+json\" class=\"yoast-schema-graph\">{\"@context\":\"https:\/\/schema.org\",\"@graph\":[{\"@type\":\"Article\",\"@id\":\"https:\/\/salmosbiblicos.com.br\/index.php\/2026\/04\/01\/parabola-do-semeador-reflexoes-sobre-o-coracao-humano\/#article\",\"isPartOf\":{\"@id\":\"https:\/\/salmosbiblicos.com.br\/index.php\/2026\/04\/01\/parabola-do-semeador-reflexoes-sobre-o-coracao-humano\/\"},\"author\":{\"name\":\"alextreh@gmail.com\",\"@id\":\"https:\/\/salmosbiblicos.com.br\/#\/schema\/person\/30586d0fb3f3a46b78a3414fc39cc975\"},\"headline\":\"Par\u00e1bola do Semeador: Reflex\u00f5es sobre o Cora\u00e7\u00e3o Humano\",\"datePublished\":\"2026-04-01T09:32:54+00:00\",\"mainEntityOfPage\":{\"@id\":\"https:\/\/salmosbiblicos.com.br\/index.php\/2026\/04\/01\/parabola-do-semeador-reflexoes-sobre-o-coracao-humano\/\"},\"wordCount\":549,\"articleSection\":[\"Reflex\u00e3o\"],\"inLanguage\":\"pt-BR\"},{\"@type\":\"WebPage\",\"@id\":\"https:\/\/salmosbiblicos.com.br\/index.php\/2026\/04\/01\/parabola-do-semeador-reflexoes-sobre-o-coracao-humano\/\",\"url\":\"https:\/\/salmosbiblicos.com.br\/index.php\/2026\/04\/01\/parabola-do-semeador-reflexoes-sobre-o-coracao-humano\/\",\"name\":\"Par\u00e1bola do Semeador: Reflex\u00f5es sobre o Cora\u00e7\u00e3o Humano - Salmos B\u00edblicos\",\"isPartOf\":{\"@id\":\"https:\/\/salmosbiblicos.com.br\/#website\"},\"datePublished\":\"2026-04-01T09:32:54+00:00\",\"author\":{\"@id\":\"https:\/\/salmosbiblicos.com.br\/#\/schema\/person\/30586d0fb3f3a46b78a3414fc39cc975\"},\"breadcrumb\":{\"@id\":\"https:\/\/salmosbiblicos.com.br\/index.php\/2026\/04\/01\/parabola-do-semeador-reflexoes-sobre-o-coracao-humano\/#breadcrumb\"},\"inLanguage\":\"pt-BR\",\"potentialAction\":[{\"@type\":\"ReadAction\",\"target\":[\"https:\/\/salmosbiblicos.com.br\/index.php\/2026\/04\/01\/parabola-do-semeador-reflexoes-sobre-o-coracao-humano\/\"]}]},{\"@type\":\"BreadcrumbList\",\"@id\":\"https:\/\/salmosbiblicos.com.br\/index.php\/2026\/04\/01\/parabola-do-semeador-reflexoes-sobre-o-coracao-humano\/#breadcrumb\",\"itemListElement\":[{\"@type\":\"ListItem\",\"position\":1,\"name\":\"Home\",\"item\":\"https:\/\/salmosbiblicos.com.br\/\"},{\"@type\":\"ListItem\",\"position\":2,\"name\":\"Par\u00e1bola do Semeador: Reflex\u00f5es sobre o Cora\u00e7\u00e3o Humano\"}]},{\"@type\":\"WebSite\",\"@id\":\"https:\/\/salmosbiblicos.com.br\/#website\",\"url\":\"https:\/\/salmosbiblicos.com.br\/\",\"name\":\"Salmos B\u00edblicos\",\"description\":\"Uma e-Livraria com e-Books novos para voc\u00ea refletir.\",\"potentialAction\":[{\"@type\":\"SearchAction\",\"target\":{\"@type\":\"EntryPoint\",\"urlTemplate\":\"https:\/\/salmosbiblicos.com.br\/?s={search_term_string}\"},\"query-input\":{\"@type\":\"PropertyValueSpecification\",\"valueRequired\":true,\"valueName\":\"search_term_string\"}}],\"inLanguage\":\"pt-BR\"},{\"@type\":\"Person\",\"@id\":\"https:\/\/salmosbiblicos.com.br\/#\/schema\/person\/30586d0fb3f3a46b78a3414fc39cc975\",\"name\":\"alextreh@gmail.com\",\"image\":{\"@type\":\"ImageObject\",\"inLanguage\":\"pt-BR\",\"@id\":\"https:\/\/secure.gravatar.com\/avatar\/7cf84d31f581ec97b887c1039d478a7c293086896c84951a86753fb2c2af7527?s=96&d=mm&r=g\",\"url\":\"https:\/\/secure.gravatar.com\/avatar\/7cf84d31f581ec97b887c1039d478a7c293086896c84951a86753fb2c2af7527?s=96&d=mm&r=g\",\"contentUrl\":\"https:\/\/secure.gravatar.com\/avatar\/7cf84d31f581ec97b887c1039d478a7c293086896c84951a86753fb2c2af7527?s=96&d=mm&r=g\",\"caption\":\"alextreh@gmail.com\"},\"sameAs\":[\"http:\/\/salmosbiblicos.com.br\"],\"url\":\"https:\/\/salmosbiblicos.com.br\/index.php\/author\/alextrehgmail-com\/\"}]}<\/script>\n<!-- \/ Yoast SEO plugin. -->","yoast_head_json":{"title":"Par\u00e1bola do Semeador: Reflex\u00f5es sobre o Cora\u00e7\u00e3o Humano - Salmos B\u00edblicos","robots":{"index":"index","follow":"follow","max-snippet":"max-snippet:-1","max-image-preview":"max-image-preview:large","max-video-preview":"max-video-preview:-1"},"canonical":"https:\/\/salmosbiblicos.com.br\/index.php\/2026\/04\/01\/parabola-do-semeador-reflexoes-sobre-o-coracao-humano\/","og_locale":"pt_BR","og_type":"article","og_title":"Par\u00e1bola do Semeador: Reflex\u00f5es sobre o Cora\u00e7\u00e3o Humano - Salmos B\u00edblicos","og_description":"## A Semente e o Cora\u00e7\u00e3o Humano \u00c9 com o cora\u00e7\u00e3o aberto que nos reunimos para refletir sobre a Palavra, buscando compreender os caminhos que nos levam \u00e0 verdadeira f\u00e9. Hoje, somos convidados a contemplar uma imagem poderosa: a do semeador, espalhando suas sementes em diferentes terrenos. Essa par\u00e1bola, transmitida por Jesus, n\u00e3o \u00e9 apenas [&hellip;]","og_url":"https:\/\/salmosbiblicos.com.br\/index.php\/2026\/04\/01\/parabola-do-semeador-reflexoes-sobre-o-coracao-humano\/","og_site_name":"Salmos B\u00edblicos","article_published_time":"2026-04-01T09:32:54+00:00","author":"alextreh@gmail.com","twitter_card":"summary_large_image","twitter_misc":{"Escrito por":"alextreh@gmail.com","Est. tempo de leitura":"3 minutos"},"schema":{"@context":"https:\/\/schema.org","@graph":[{"@type":"Article","@id":"https:\/\/salmosbiblicos.com.br\/index.php\/2026\/04\/01\/parabola-do-semeador-reflexoes-sobre-o-coracao-humano\/#article","isPartOf":{"@id":"https:\/\/salmosbiblicos.com.br\/index.php\/2026\/04\/01\/parabola-do-semeador-reflexoes-sobre-o-coracao-humano\/"},"author":{"name":"alextreh@gmail.com","@id":"https:\/\/salmosbiblicos.com.br\/#\/schema\/person\/30586d0fb3f3a46b78a3414fc39cc975"},"headline":"Par\u00e1bola do Semeador: Reflex\u00f5es sobre o Cora\u00e7\u00e3o Humano","datePublished":"2026-04-01T09:32:54+00:00","mainEntityOfPage":{"@id":"https:\/\/salmosbiblicos.com.br\/index.php\/2026\/04\/01\/parabola-do-semeador-reflexoes-sobre-o-coracao-humano\/"},"wordCount":549,"articleSection":["Reflex\u00e3o"],"inLanguage":"pt-BR"},{"@type":"WebPage","@id":"https:\/\/salmosbiblicos.com.br\/index.php\/2026\/04\/01\/parabola-do-semeador-reflexoes-sobre-o-coracao-humano\/","url":"https:\/\/salmosbiblicos.com.br\/index.php\/2026\/04\/01\/parabola-do-semeador-reflexoes-sobre-o-coracao-humano\/","name":"Par\u00e1bola do Semeador: Reflex\u00f5es sobre o Cora\u00e7\u00e3o Humano - Salmos B\u00edblicos","isPartOf":{"@id":"https:\/\/salmosbiblicos.com.br\/#website"},"datePublished":"2026-04-01T09:32:54+00:00","author":{"@id":"https:\/\/salmosbiblicos.com.br\/#\/schema\/person\/30586d0fb3f3a46b78a3414fc39cc975"},"breadcrumb":{"@id":"https:\/\/salmosbiblicos.com.br\/index.php\/2026\/04\/01\/parabola-do-semeador-reflexoes-sobre-o-coracao-humano\/#breadcrumb"},"inLanguage":"pt-BR","potentialAction":[{"@type":"ReadAction","target":["https:\/\/salmosbiblicos.com.br\/index.php\/2026\/04\/01\/parabola-do-semeador-reflexoes-sobre-o-coracao-humano\/"]}]},{"@type":"BreadcrumbList","@id":"https:\/\/salmosbiblicos.com.br\/index.php\/2026\/04\/01\/parabola-do-semeador-reflexoes-sobre-o-coracao-humano\/#breadcrumb","itemListElement":[{"@type":"ListItem","position":1,"name":"Home","item":"https:\/\/salmosbiblicos.com.br\/"},{"@type":"ListItem","position":2,"name":"Par\u00e1bola do Semeador: Reflex\u00f5es sobre o Cora\u00e7\u00e3o Humano"}]},{"@type":"WebSite","@id":"https:\/\/salmosbiblicos.com.br\/#website","url":"https:\/\/salmosbiblicos.com.br\/","name":"Salmos B\u00edblicos","description":"Uma e-Livraria com e-Books novos para voc\u00ea refletir.","potentialAction":[{"@type":"SearchAction","target":{"@type":"EntryPoint","urlTemplate":"https:\/\/salmosbiblicos.com.br\/?s={search_term_string}"},"query-input":{"@type":"PropertyValueSpecification","valueRequired":true,"valueName":"search_term_string"}}],"inLanguage":"pt-BR"},{"@type":"Person","@id":"https:\/\/salmosbiblicos.com.br\/#\/schema\/person\/30586d0fb3f3a46b78a3414fc39cc975","name":"alextreh@gmail.com","image":{"@type":"ImageObject","inLanguage":"pt-BR","@id":"https:\/\/secure.gravatar.com\/avatar\/7cf84d31f581ec97b887c1039d478a7c293086896c84951a86753fb2c2af7527?s=96&d=mm&r=g","url":"https:\/\/secure.gravatar.com\/avatar\/7cf84d31f581ec97b887c1039d478a7c293086896c84951a86753fb2c2af7527?s=96&d=mm&r=g","contentUrl":"https:\/\/secure.gravatar.com\/avatar\/7cf84d31f581ec97b887c1039d478a7c293086896c84951a86753fb2c2af7527?s=96&d=mm&r=g","caption":"alextreh@gmail.com"},"sameAs":["http:\/\/salmosbiblicos.com.br"],"url":"https:\/\/salmosbiblicos.com.br\/index.php\/author\/alextrehgmail-com\/"}]}},"_links":{"self":[{"href":"https:\/\/salmosbiblicos.com.br\/index.php\/wp-json\/wp\/v2\/posts\/6278","targetHints":{"allow":["GET"]}}],"collection":[{"href":"https:\/\/salmosbiblicos.com.br\/index.php\/wp-json\/wp\/v2\/posts"}],"about":[{"href":"https:\/\/salmosbiblicos.com.br\/index.php\/wp-json\/wp\/v2\/types\/post"}],"author":[{"embeddable":true,"href":"https:\/\/salmosbiblicos.com.br\/index.php\/wp-json\/wp\/v2\/users\/1"}],"replies":[{"embeddable":true,"href":"https:\/\/salmosbiblicos.com.br\/index.php\/wp-json\/wp\/v2\/comments?post=6278"}],"version-history":[{"count":1,"href":"https:\/\/salmosbiblicos.com.br\/index.php\/wp-json\/wp\/v2\/posts\/6278\/revisions"}],"predecessor-version":[{"id":6279,"href":"https:\/\/salmosbiblicos.com.br\/index.php\/wp-json\/wp\/v2\/posts\/6278\/revisions\/6279"}],"wp:attachment":[{"href":"https:\/\/salmosbiblicos.com.br\/index.php\/wp-json\/wp\/v2\/media?parent=6278"}],"wp:term":[{"taxonomy":"category","embeddable":true,"href":"https:\/\/salmosbiblicos.com.br\/index.php\/wp-json\/wp\/v2\/categories?post=6278"},{"taxonomy":"post_tag","embeddable":true,"href":"https:\/\/salmosbiblicos.com.br\/index.php\/wp-json\/wp\/v2\/tags?post=6278"}],"curies":[{"name":"wp","href":"https:\/\/api.w.org\/{rel}","templated":true}]}}