{"id":6282,"date":"2026-04-01T07:11:43","date_gmt":"2026-04-01T10:11:43","guid":{"rendered":"https:\/\/salmosbiblicos.com.br\/?p=6282"},"modified":"2026-04-01T07:11:43","modified_gmt":"2026-04-01T10:11:43","slug":"magnificat-humildade-e-gratidao-no-coracao-da-fe","status":"publish","type":"post","link":"https:\/\/salmosbiblicos.com.br\/index.php\/2026\/04\/01\/magnificat-humildade-e-gratidao-no-coracao-da-fe\/","title":{"rendered":"Magnificat: Humildade e Gratid\u00e3o no Cora\u00e7\u00e3o da F\u00e9"},"content":{"rendered":"<p>## A Humildade do Cora\u00e7\u00e3o Saciado<\/p>\n<p>Que a paz de Deus ilumine o vosso caminho. Hoje, meditemos sobre a profundidade de uma voz que ressoa atrav\u00e9s dos s\u00e9culos, uma voz que nos transporta \u00e0 ess\u00eancia da f\u00e9 e da esperan\u00e7a. Refletimos sobre um c\u00e2ntico de gratid\u00e3o, um hino de alegria que emana do cora\u00e7\u00e3o de Maria, a M\u00e3e do nosso Senhor.<\/p>\n<p>### A Promessa Cumprida<\/p>\n<p>O Evangelho de S\u00e3o Lucas, em sua sabedoria, nos presenteia com este c\u00e2ntico, o Magnificat, onde Maria proclama a divindade de Deus e a sua a\u00e7\u00e3o transformadora na hist\u00f3ria da humanidade. **&#8221;O poderoso fez em mim maravilhas, e Santo \u00e9 o seu nome.&#8221;**  Estas palavras revelam a humildade de uma alma que reconhece a grandeza do Alt\u00edssimo e a sua gra\u00e7a inef\u00e1vel.<\/p>\n<p>Maria, em sua alegria, expressa a certeza de que Deus se preocupa com os que se sentem pequenos e esquecidos. **&#8221;A minha alma exulta em Deus, meu Salvador.&#8221;** Uma alma saciada, cheia da presen\u00e7a divina.<\/p>\n<p>### A Fome do C\u00e9u<\/p>\n<p>Mas, o que significa realmente estar saciado? O que significa ter a alma repleta da gra\u00e7a divina? Maria nos revela um ensinamento poderoso: **&#8221;De bem saciou os famintos e despediu sem nada os ricos.&#8221;**<\/p>\n<p>\u00c9 um chamado \u00e0 invers\u00e3o de valores. A verdadeira riqueza n\u00e3o reside nos bens materiais, nas posses terrenas, mas na busca incessante por Deus. \u00c9 uma fome que nos impele a anseiar pelo que \u00e9 eterno, pelo que transcende as limita\u00e7\u00f5es do mundo.<\/p>\n<p>*   Tenham sede do c\u00e9u.<br \/>*   Busquem a santidade em cada passo.<br \/>*   Alimentem-se da Palavra de Deus.<\/p>\n<p>Quando despertamos com essa fome, com esse anseio profundo por Deus, a nossa alma se torna um terreno f\u00e9rtil para a gra\u00e7a divina.<\/p>\n<p>### A Ilus\u00e3o da Riqueza Terrena<\/p>\n<p>Quantos de n\u00f3s se agarram \u00e0s coisas do mundo, buscando a felicidade em prazeres passageiros, em conquistas ef\u00eameras? E o que encontramos? Um vazio profundo, uma insatisfa\u00e7\u00e3o constante.<\/p>\n<p>A verdade \u00e9 que aqueles que se apegam aos bens materiais s\u00e3o, na verdade, os mais pobres. Pois, **&#8221;despediu sem nada os ricos.&#8221;** O mundo oferece ilus\u00f5es, mas a verdadeira riqueza se encontra na entrega a Deus.<\/p>\n<p>A verdadeira felicidade n\u00e3o reside no que possu\u00edmos, mas no que somos. N\u00e3o se encontra na acumula\u00e7\u00e3o de bens, mas na partilha do amor. N\u00e3o se encontra na busca por prazeres, mas na entrega a Deus.<\/p>\n<p>### Um P\u00e3o Vivo<\/p>\n<p>Maria nos recorda que fomos saciados pelo seu filho, Jesus Cristo. **&#8221;De bem saciou os famintos e despediu sem nada os ricos.&#8221;** Ele \u00e9 o p\u00e3o vivo que desceu do c\u00e9u, o alimento que nutre a nossa alma e nos sustenta na jornada da f\u00e9.<\/p>\n<p>Que possamos, como Maria, reconhecer a grandeza de Deus em nossas vidas e abrir nossos cora\u00e7\u00f5es para a sua gra\u00e7a. Que a nossa alma se eleve em gratid\u00e3o, e que a nossa busca seja sempre pela santidade e pela uni\u00e3o com o nosso Criador.<\/p>\n<p>Que a esperan\u00e7a de Maria, a f\u00e9 que a moveu, seja tamb\u00e9m a nossa. Que a sua voz continue a ecoar em nossos cora\u00e7\u00f5es, guiando-nos no caminho do amor e da salva\u00e7\u00e3o.<\/p>\n","protected":false},"excerpt":{"rendered":"<p>## A Humildade do Cora\u00e7\u00e3o Saciado Que a paz de Deus ilumine o vosso caminho. Hoje, meditemos sobre a profundidade de uma voz que ressoa atrav\u00e9s dos s\u00e9culos, uma voz que nos transporta \u00e0 ess\u00eancia da f\u00e9 e da esperan\u00e7a. Refletimos sobre um c\u00e2ntico de gratid\u00e3o, um hino de alegria que emana do cora\u00e7\u00e3o de [&hellip;]<\/p>\n","protected":false},"author":1,"featured_media":0,"comment_status":"closed","ping_status":"open","sticky":false,"template":"","format":"standard","meta":{"footnotes":""},"categories":[14],"tags":[],"class_list":["post-6282","post","type-post","status-publish","format-standard","hentry","category-reflexao"],"yoast_head":"<!-- This site is optimized with the Yoast SEO plugin v27.2 - https:\/\/yoast.com\/product\/yoast-seo-wordpress\/ -->\n<title>Magnificat: Humildade e Gratid\u00e3o no Cora\u00e7\u00e3o da F\u00e9 - Salmos B\u00edblicos<\/title>\n<meta name=\"robots\" content=\"index, follow, max-snippet:-1, max-image-preview:large, max-video-preview:-1\" \/>\n<link rel=\"canonical\" href=\"https:\/\/salmosbiblicos.com.br\/index.php\/2026\/04\/01\/magnificat-humildade-e-gratidao-no-coracao-da-fe\/\" \/>\n<meta property=\"og:locale\" content=\"pt_BR\" \/>\n<meta property=\"og:type\" content=\"article\" \/>\n<meta property=\"og:title\" content=\"Magnificat: Humildade e Gratid\u00e3o no Cora\u00e7\u00e3o da F\u00e9 - Salmos B\u00edblicos\" \/>\n<meta property=\"og:description\" content=\"## A Humildade do Cora\u00e7\u00e3o Saciado Que a paz de Deus ilumine o vosso caminho. Hoje, meditemos sobre a profundidade de uma voz que ressoa atrav\u00e9s dos s\u00e9culos, uma voz que nos transporta \u00e0 ess\u00eancia da f\u00e9 e da esperan\u00e7a. Refletimos sobre um c\u00e2ntico de gratid\u00e3o, um hino de alegria que emana do cora\u00e7\u00e3o de [&hellip;]\" \/>\n<meta property=\"og:url\" content=\"https:\/\/salmosbiblicos.com.br\/index.php\/2026\/04\/01\/magnificat-humildade-e-gratidao-no-coracao-da-fe\/\" \/>\n<meta property=\"og:site_name\" content=\"Salmos B\u00edblicos\" \/>\n<meta property=\"article:published_time\" content=\"2026-04-01T10:11:43+00:00\" \/>\n<meta name=\"author\" content=\"alextreh@gmail.com\" \/>\n<meta name=\"twitter:card\" content=\"summary_large_image\" \/>\n<meta name=\"twitter:label1\" content=\"Escrito por\" \/>\n\t<meta name=\"twitter:data1\" content=\"alextreh@gmail.com\" \/>\n\t<meta name=\"twitter:label2\" content=\"Est. tempo de leitura\" \/>\n\t<meta name=\"twitter:data2\" content=\"3 minutos\" \/>\n<script type=\"application\/ld+json\" class=\"yoast-schema-graph\">{\"@context\":\"https:\/\/schema.org\",\"@graph\":[{\"@type\":\"Article\",\"@id\":\"https:\/\/salmosbiblicos.com.br\/index.php\/2026\/04\/01\/magnificat-humildade-e-gratidao-no-coracao-da-fe\/#article\",\"isPartOf\":{\"@id\":\"https:\/\/salmosbiblicos.com.br\/index.php\/2026\/04\/01\/magnificat-humildade-e-gratidao-no-coracao-da-fe\/\"},\"author\":{\"name\":\"alextreh@gmail.com\",\"@id\":\"https:\/\/salmosbiblicos.com.br\/#\/schema\/person\/30586d0fb3f3a46b78a3414fc39cc975\"},\"headline\":\"Magnificat: Humildade e Gratid\u00e3o no Cora\u00e7\u00e3o da F\u00e9\",\"datePublished\":\"2026-04-01T10:11:43+00:00\",\"mainEntityOfPage\":{\"@id\":\"https:\/\/salmosbiblicos.com.br\/index.php\/2026\/04\/01\/magnificat-humildade-e-gratidao-no-coracao-da-fe\/\"},\"wordCount\":558,\"articleSection\":[\"Reflex\u00e3o\"],\"inLanguage\":\"pt-BR\"},{\"@type\":\"WebPage\",\"@id\":\"https:\/\/salmosbiblicos.com.br\/index.php\/2026\/04\/01\/magnificat-humildade-e-gratidao-no-coracao-da-fe\/\",\"url\":\"https:\/\/salmosbiblicos.com.br\/index.php\/2026\/04\/01\/magnificat-humildade-e-gratidao-no-coracao-da-fe\/\",\"name\":\"Magnificat: Humildade e Gratid\u00e3o no Cora\u00e7\u00e3o da F\u00e9 - Salmos B\u00edblicos\",\"isPartOf\":{\"@id\":\"https:\/\/salmosbiblicos.com.br\/#website\"},\"datePublished\":\"2026-04-01T10:11:43+00:00\",\"author\":{\"@id\":\"https:\/\/salmosbiblicos.com.br\/#\/schema\/person\/30586d0fb3f3a46b78a3414fc39cc975\"},\"breadcrumb\":{\"@id\":\"https:\/\/salmosbiblicos.com.br\/index.php\/2026\/04\/01\/magnificat-humildade-e-gratidao-no-coracao-da-fe\/#breadcrumb\"},\"inLanguage\":\"pt-BR\",\"potentialAction\":[{\"@type\":\"ReadAction\",\"target\":[\"https:\/\/salmosbiblicos.com.br\/index.php\/2026\/04\/01\/magnificat-humildade-e-gratidao-no-coracao-da-fe\/\"]}]},{\"@type\":\"BreadcrumbList\",\"@id\":\"https:\/\/salmosbiblicos.com.br\/index.php\/2026\/04\/01\/magnificat-humildade-e-gratidao-no-coracao-da-fe\/#breadcrumb\",\"itemListElement\":[{\"@type\":\"ListItem\",\"position\":1,\"name\":\"Home\",\"item\":\"https:\/\/salmosbiblicos.com.br\/\"},{\"@type\":\"ListItem\",\"position\":2,\"name\":\"Magnificat: Humildade e Gratid\u00e3o no Cora\u00e7\u00e3o da F\u00e9\"}]},{\"@type\":\"WebSite\",\"@id\":\"https:\/\/salmosbiblicos.com.br\/#website\",\"url\":\"https:\/\/salmosbiblicos.com.br\/\",\"name\":\"Salmos B\u00edblicos\",\"description\":\"Uma e-Livraria com e-Books novos para voc\u00ea refletir.\",\"potentialAction\":[{\"@type\":\"SearchAction\",\"target\":{\"@type\":\"EntryPoint\",\"urlTemplate\":\"https:\/\/salmosbiblicos.com.br\/?s={search_term_string}\"},\"query-input\":{\"@type\":\"PropertyValueSpecification\",\"valueRequired\":true,\"valueName\":\"search_term_string\"}}],\"inLanguage\":\"pt-BR\"},{\"@type\":\"Person\",\"@id\":\"https:\/\/salmosbiblicos.com.br\/#\/schema\/person\/30586d0fb3f3a46b78a3414fc39cc975\",\"name\":\"alextreh@gmail.com\",\"image\":{\"@type\":\"ImageObject\",\"inLanguage\":\"pt-BR\",\"@id\":\"https:\/\/secure.gravatar.com\/avatar\/7cf84d31f581ec97b887c1039d478a7c293086896c84951a86753fb2c2af7527?s=96&d=mm&r=g\",\"url\":\"https:\/\/secure.gravatar.com\/avatar\/7cf84d31f581ec97b887c1039d478a7c293086896c84951a86753fb2c2af7527?s=96&d=mm&r=g\",\"contentUrl\":\"https:\/\/secure.gravatar.com\/avatar\/7cf84d31f581ec97b887c1039d478a7c293086896c84951a86753fb2c2af7527?s=96&d=mm&r=g\",\"caption\":\"alextreh@gmail.com\"},\"sameAs\":[\"http:\/\/salmosbiblicos.com.br\"],\"url\":\"https:\/\/salmosbiblicos.com.br\/index.php\/author\/alextrehgmail-com\/\"}]}<\/script>\n<!-- \/ Yoast SEO plugin. -->","yoast_head_json":{"title":"Magnificat: Humildade e Gratid\u00e3o no Cora\u00e7\u00e3o da F\u00e9 - Salmos B\u00edblicos","robots":{"index":"index","follow":"follow","max-snippet":"max-snippet:-1","max-image-preview":"max-image-preview:large","max-video-preview":"max-video-preview:-1"},"canonical":"https:\/\/salmosbiblicos.com.br\/index.php\/2026\/04\/01\/magnificat-humildade-e-gratidao-no-coracao-da-fe\/","og_locale":"pt_BR","og_type":"article","og_title":"Magnificat: Humildade e Gratid\u00e3o no Cora\u00e7\u00e3o da F\u00e9 - Salmos B\u00edblicos","og_description":"## A Humildade do Cora\u00e7\u00e3o Saciado Que a paz de Deus ilumine o vosso caminho. Hoje, meditemos sobre a profundidade de uma voz que ressoa atrav\u00e9s dos s\u00e9culos, uma voz que nos transporta \u00e0 ess\u00eancia da f\u00e9 e da esperan\u00e7a. Refletimos sobre um c\u00e2ntico de gratid\u00e3o, um hino de alegria que emana do cora\u00e7\u00e3o de [&hellip;]","og_url":"https:\/\/salmosbiblicos.com.br\/index.php\/2026\/04\/01\/magnificat-humildade-e-gratidao-no-coracao-da-fe\/","og_site_name":"Salmos B\u00edblicos","article_published_time":"2026-04-01T10:11:43+00:00","author":"alextreh@gmail.com","twitter_card":"summary_large_image","twitter_misc":{"Escrito por":"alextreh@gmail.com","Est. tempo de leitura":"3 minutos"},"schema":{"@context":"https:\/\/schema.org","@graph":[{"@type":"Article","@id":"https:\/\/salmosbiblicos.com.br\/index.php\/2026\/04\/01\/magnificat-humildade-e-gratidao-no-coracao-da-fe\/#article","isPartOf":{"@id":"https:\/\/salmosbiblicos.com.br\/index.php\/2026\/04\/01\/magnificat-humildade-e-gratidao-no-coracao-da-fe\/"},"author":{"name":"alextreh@gmail.com","@id":"https:\/\/salmosbiblicos.com.br\/#\/schema\/person\/30586d0fb3f3a46b78a3414fc39cc975"},"headline":"Magnificat: Humildade e Gratid\u00e3o no Cora\u00e7\u00e3o da F\u00e9","datePublished":"2026-04-01T10:11:43+00:00","mainEntityOfPage":{"@id":"https:\/\/salmosbiblicos.com.br\/index.php\/2026\/04\/01\/magnificat-humildade-e-gratidao-no-coracao-da-fe\/"},"wordCount":558,"articleSection":["Reflex\u00e3o"],"inLanguage":"pt-BR"},{"@type":"WebPage","@id":"https:\/\/salmosbiblicos.com.br\/index.php\/2026\/04\/01\/magnificat-humildade-e-gratidao-no-coracao-da-fe\/","url":"https:\/\/salmosbiblicos.com.br\/index.php\/2026\/04\/01\/magnificat-humildade-e-gratidao-no-coracao-da-fe\/","name":"Magnificat: Humildade e Gratid\u00e3o no Cora\u00e7\u00e3o da F\u00e9 - Salmos B\u00edblicos","isPartOf":{"@id":"https:\/\/salmosbiblicos.com.br\/#website"},"datePublished":"2026-04-01T10:11:43+00:00","author":{"@id":"https:\/\/salmosbiblicos.com.br\/#\/schema\/person\/30586d0fb3f3a46b78a3414fc39cc975"},"breadcrumb":{"@id":"https:\/\/salmosbiblicos.com.br\/index.php\/2026\/04\/01\/magnificat-humildade-e-gratidao-no-coracao-da-fe\/#breadcrumb"},"inLanguage":"pt-BR","potentialAction":[{"@type":"ReadAction","target":["https:\/\/salmosbiblicos.com.br\/index.php\/2026\/04\/01\/magnificat-humildade-e-gratidao-no-coracao-da-fe\/"]}]},{"@type":"BreadcrumbList","@id":"https:\/\/salmosbiblicos.com.br\/index.php\/2026\/04\/01\/magnificat-humildade-e-gratidao-no-coracao-da-fe\/#breadcrumb","itemListElement":[{"@type":"ListItem","position":1,"name":"Home","item":"https:\/\/salmosbiblicos.com.br\/"},{"@type":"ListItem","position":2,"name":"Magnificat: Humildade e Gratid\u00e3o no Cora\u00e7\u00e3o da F\u00e9"}]},{"@type":"WebSite","@id":"https:\/\/salmosbiblicos.com.br\/#website","url":"https:\/\/salmosbiblicos.com.br\/","name":"Salmos B\u00edblicos","description":"Uma e-Livraria com e-Books novos para voc\u00ea refletir.","potentialAction":[{"@type":"SearchAction","target":{"@type":"EntryPoint","urlTemplate":"https:\/\/salmosbiblicos.com.br\/?s={search_term_string}"},"query-input":{"@type":"PropertyValueSpecification","valueRequired":true,"valueName":"search_term_string"}}],"inLanguage":"pt-BR"},{"@type":"Person","@id":"https:\/\/salmosbiblicos.com.br\/#\/schema\/person\/30586d0fb3f3a46b78a3414fc39cc975","name":"alextreh@gmail.com","image":{"@type":"ImageObject","inLanguage":"pt-BR","@id":"https:\/\/secure.gravatar.com\/avatar\/7cf84d31f581ec97b887c1039d478a7c293086896c84951a86753fb2c2af7527?s=96&d=mm&r=g","url":"https:\/\/secure.gravatar.com\/avatar\/7cf84d31f581ec97b887c1039d478a7c293086896c84951a86753fb2c2af7527?s=96&d=mm&r=g","contentUrl":"https:\/\/secure.gravatar.com\/avatar\/7cf84d31f581ec97b887c1039d478a7c293086896c84951a86753fb2c2af7527?s=96&d=mm&r=g","caption":"alextreh@gmail.com"},"sameAs":["http:\/\/salmosbiblicos.com.br"],"url":"https:\/\/salmosbiblicos.com.br\/index.php\/author\/alextrehgmail-com\/"}]}},"_links":{"self":[{"href":"https:\/\/salmosbiblicos.com.br\/index.php\/wp-json\/wp\/v2\/posts\/6282","targetHints":{"allow":["GET"]}}],"collection":[{"href":"https:\/\/salmosbiblicos.com.br\/index.php\/wp-json\/wp\/v2\/posts"}],"about":[{"href":"https:\/\/salmosbiblicos.com.br\/index.php\/wp-json\/wp\/v2\/types\/post"}],"author":[{"embeddable":true,"href":"https:\/\/salmosbiblicos.com.br\/index.php\/wp-json\/wp\/v2\/users\/1"}],"replies":[{"embeddable":true,"href":"https:\/\/salmosbiblicos.com.br\/index.php\/wp-json\/wp\/v2\/comments?post=6282"}],"version-history":[{"count":1,"href":"https:\/\/salmosbiblicos.com.br\/index.php\/wp-json\/wp\/v2\/posts\/6282\/revisions"}],"predecessor-version":[{"id":6283,"href":"https:\/\/salmosbiblicos.com.br\/index.php\/wp-json\/wp\/v2\/posts\/6282\/revisions\/6283"}],"wp:attachment":[{"href":"https:\/\/salmosbiblicos.com.br\/index.php\/wp-json\/wp\/v2\/media?parent=6282"}],"wp:term":[{"taxonomy":"category","embeddable":true,"href":"https:\/\/salmosbiblicos.com.br\/index.php\/wp-json\/wp\/v2\/categories?post=6282"},{"taxonomy":"post_tag","embeddable":true,"href":"https:\/\/salmosbiblicos.com.br\/index.php\/wp-json\/wp\/v2\/tags?post=6282"}],"curies":[{"name":"wp","href":"https:\/\/api.w.org\/{rel}","templated":true}]}}