{"id":6286,"date":"2026-04-01T07:25:32","date_gmt":"2026-04-01T10:25:32","guid":{"rendered":"https:\/\/salmosbiblicos.com.br\/?p=6286"},"modified":"2026-04-01T07:25:32","modified_gmt":"2026-04-01T10:25:32","slug":"amor-divino-reflexoes-sobre-a-eleicao-e-a-graca","status":"publish","type":"post","link":"https:\/\/salmosbiblicos.com.br\/index.php\/2026\/04\/01\/amor-divino-reflexoes-sobre-a-eleicao-e-a-graca\/","title":{"rendered":"Amor Divino: Reflex\u00f5es Sobre a Elei\u00e7\u00e3o e a Gra\u00e7a"},"content":{"rendered":"<p>## A Eleva\u00e7\u00e3o do Cora\u00e7\u00e3o Humano<\/p>\n<p>H\u00e1 uma beleza profunda no reconhecimento de que fomos escolhidos, amados, antes mesmo do tempo. Antes do surgimento do sol, da lua, do mar \u2013 antes de qualquer manifesta\u00e7\u00e3o do universo que conhecemos \u2013 nosso nome j\u00e1 estava gravado nos planos divinos. \u00c9 um pensamento que eleva a alma e nos convida a contemplar a vastid\u00e3o do amor que nos acolhe.<\/p>\n<p>### Um Legado de B\u00ean\u00e7\u00e3os<\/p>\n<p>A gra\u00e7a de Deus transborda sobre n\u00f3s, inundando nossas vidas com uma riqueza que transcende a compreens\u00e3o humana. Somos aben\u00e7oados com **toda a b\u00ean\u00e7\u00e3o do Esp\u00edrito**, a fonte de toda a sabedoria, prud\u00eancia e discernimento. Atrav\u00e9s da uni\u00e3o com Cristo, a divis\u00e3o que nos separava do Criador \u00e9 sanada.<\/p>\n<p>### Escolhidos para a Santidade<\/p>\n<p>Fomos escolhidos antes da funda\u00e7\u00e3o do mundo para **ser santos e reprovados aos seus olhos**, imersos no amor incondicional. Essa escolha n\u00e3o \u00e9 um m\u00e9rito nosso, mas uma demonstra\u00e7\u00e3o da vontade divina, um decreto de amor que nos precede em toda a eternidade.<\/p>\n<p>### Filhos Adotivos<\/p>\n<p>Somos predestinados a sermos **filhos adotivos**, participando da vida familiar de Deus. Anteriormente separados, somos agora acolhidos em seu reino, recebendo a honra e a heran\u00e7a de filhos. Que alegria nos preenche ao compreender que essa ado\u00e7\u00e3o \u00e9 fruto da decis\u00e3o de Deus, manifestando a profundidade de seu amor.<\/p>\n<p>### Reden\u00e7\u00e3o Atrav\u00e9s do Sangue<\/p>\n<p>O sangue de Cristo nos liberta das correntes do pecado, perdoando nossas faltas e nos reconciliando com o Pai. Esta \u00e9 a base da nossa esperan\u00e7a, a pedra angular sobre a qual se constr\u00f3i a nossa f\u00e9.<\/p>\n<p>### O Mist\u00e9rio da Vontade Divina<\/p>\n<p>Deus revela a n\u00f3s o mist\u00e9rio da sua vontade, dissipando as trevas da ignor\u00e2ncia e iluminando o caminho que devemos seguir. Ele nos faz conhecer o designo benevolente que Ele estabeleceu desde o princ\u00edpio, para levar a plenitude dos tempos e recapitular em Cristo **o universo inteiro**.<\/p>\n<p>### A Recapitula\u00e7\u00e3o em Cristo<\/p>\n<p>Cristo veio para reunir o que estava disperso, restaurando a harmonia entre o c\u00e9u e a terra, entre Deus e a humanidade. Ele \u00e9 o centro de tudo, o ponto de converg\u00eancia de toda a cria\u00e7\u00e3o, e em Ele encontramos a nossa verdadeira identidade.<\/p>\n<p>### Selo do Esp\u00edrito Santo<\/p>\n<p>Ao abra\u00e7ar a palavra da verdade e crer no evangelho da salva\u00e7\u00e3o, somos marcados com **o selo do Esp\u00edrito Santo**, a garantia da nossa reden\u00e7\u00e3o e a promessa da vida eterna. Essa marca \u00e9 um testemunho silencioso da nossa filia\u00e7\u00e3o divina, uma assinatura de amor que nos acompanha em toda a nossa jornada.<\/p>\n<p>### Gratid\u00e3o e Esperan\u00e7a<\/p>\n<p>Que possamos, ent\u00e3o, elevar nossos cora\u00e7\u00f5es em gratid\u00e3o por estas b\u00ean\u00e7\u00e3os inumer\u00e1veis que nos s\u00e3o concedidas. Que a certeza de estarmos predestinados para o louvor da gl\u00f3ria de Deus nos impulsione a viver vidas que glorifiquem o Seu nome. Que a esperan\u00e7a, firmemente plantada em nossos cora\u00e7\u00f5es, nos sustente em tempos de prova\u00e7\u00e3o e nos guie no caminho da f\u00e9.<\/p>\n","protected":false},"excerpt":{"rendered":"<p>## A Eleva\u00e7\u00e3o do Cora\u00e7\u00e3o Humano H\u00e1 uma beleza profunda no reconhecimento de que fomos escolhidos, amados, antes mesmo do tempo. Antes do surgimento do sol, da lua, do mar \u2013 antes de qualquer manifesta\u00e7\u00e3o do universo que conhecemos \u2013 nosso nome j\u00e1 estava gravado nos planos divinos. \u00c9 um pensamento que eleva a alma [&hellip;]<\/p>\n","protected":false},"author":1,"featured_media":0,"comment_status":"closed","ping_status":"open","sticky":false,"template":"","format":"standard","meta":{"footnotes":""},"categories":[14],"tags":[],"class_list":["post-6286","post","type-post","status-publish","format-standard","hentry","category-reflexao"],"yoast_head":"<!-- This site is optimized with the Yoast SEO plugin v27.2 - https:\/\/yoast.com\/product\/yoast-seo-wordpress\/ -->\n<title>Amor Divino: Reflex\u00f5es Sobre a Elei\u00e7\u00e3o e a Gra\u00e7a - Salmos B\u00edblicos<\/title>\n<meta name=\"robots\" content=\"index, follow, max-snippet:-1, max-image-preview:large, max-video-preview:-1\" \/>\n<link rel=\"canonical\" href=\"https:\/\/salmosbiblicos.com.br\/index.php\/2026\/04\/01\/amor-divino-reflexoes-sobre-a-eleicao-e-a-graca\/\" \/>\n<meta property=\"og:locale\" content=\"pt_BR\" \/>\n<meta property=\"og:type\" content=\"article\" \/>\n<meta property=\"og:title\" content=\"Amor Divino: Reflex\u00f5es Sobre a Elei\u00e7\u00e3o e a Gra\u00e7a - Salmos B\u00edblicos\" \/>\n<meta property=\"og:description\" content=\"## A Eleva\u00e7\u00e3o do Cora\u00e7\u00e3o Humano H\u00e1 uma beleza profunda no reconhecimento de que fomos escolhidos, amados, antes mesmo do tempo. Antes do surgimento do sol, da lua, do mar \u2013 antes de qualquer manifesta\u00e7\u00e3o do universo que conhecemos \u2013 nosso nome j\u00e1 estava gravado nos planos divinos. \u00c9 um pensamento que eleva a alma [&hellip;]\" \/>\n<meta property=\"og:url\" content=\"https:\/\/salmosbiblicos.com.br\/index.php\/2026\/04\/01\/amor-divino-reflexoes-sobre-a-eleicao-e-a-graca\/\" \/>\n<meta property=\"og:site_name\" content=\"Salmos B\u00edblicos\" \/>\n<meta property=\"article:published_time\" content=\"2026-04-01T10:25:32+00:00\" \/>\n<meta name=\"author\" content=\"alextreh@gmail.com\" \/>\n<meta name=\"twitter:card\" content=\"summary_large_image\" \/>\n<meta name=\"twitter:label1\" content=\"Escrito por\" \/>\n\t<meta name=\"twitter:data1\" content=\"alextreh@gmail.com\" \/>\n\t<meta name=\"twitter:label2\" content=\"Est. tempo de leitura\" \/>\n\t<meta name=\"twitter:data2\" content=\"3 minutos\" \/>\n<script type=\"application\/ld+json\" class=\"yoast-schema-graph\">{\"@context\":\"https:\/\/schema.org\",\"@graph\":[{\"@type\":\"Article\",\"@id\":\"https:\/\/salmosbiblicos.com.br\/index.php\/2026\/04\/01\/amor-divino-reflexoes-sobre-a-eleicao-e-a-graca\/#article\",\"isPartOf\":{\"@id\":\"https:\/\/salmosbiblicos.com.br\/index.php\/2026\/04\/01\/amor-divino-reflexoes-sobre-a-eleicao-e-a-graca\/\"},\"author\":{\"name\":\"alextreh@gmail.com\",\"@id\":\"https:\/\/salmosbiblicos.com.br\/#\/schema\/person\/30586d0fb3f3a46b78a3414fc39cc975\"},\"headline\":\"Amor Divino: Reflex\u00f5es Sobre a Elei\u00e7\u00e3o e a Gra\u00e7a\",\"datePublished\":\"2026-04-01T10:25:32+00:00\",\"mainEntityOfPage\":{\"@id\":\"https:\/\/salmosbiblicos.com.br\/index.php\/2026\/04\/01\/amor-divino-reflexoes-sobre-a-eleicao-e-a-graca\/\"},\"wordCount\":537,\"articleSection\":[\"Reflex\u00e3o\"],\"inLanguage\":\"pt-BR\"},{\"@type\":\"WebPage\",\"@id\":\"https:\/\/salmosbiblicos.com.br\/index.php\/2026\/04\/01\/amor-divino-reflexoes-sobre-a-eleicao-e-a-graca\/\",\"url\":\"https:\/\/salmosbiblicos.com.br\/index.php\/2026\/04\/01\/amor-divino-reflexoes-sobre-a-eleicao-e-a-graca\/\",\"name\":\"Amor Divino: Reflex\u00f5es Sobre a Elei\u00e7\u00e3o e a Gra\u00e7a - Salmos B\u00edblicos\",\"isPartOf\":{\"@id\":\"https:\/\/salmosbiblicos.com.br\/#website\"},\"datePublished\":\"2026-04-01T10:25:32+00:00\",\"author\":{\"@id\":\"https:\/\/salmosbiblicos.com.br\/#\/schema\/person\/30586d0fb3f3a46b78a3414fc39cc975\"},\"breadcrumb\":{\"@id\":\"https:\/\/salmosbiblicos.com.br\/index.php\/2026\/04\/01\/amor-divino-reflexoes-sobre-a-eleicao-e-a-graca\/#breadcrumb\"},\"inLanguage\":\"pt-BR\",\"potentialAction\":[{\"@type\":\"ReadAction\",\"target\":[\"https:\/\/salmosbiblicos.com.br\/index.php\/2026\/04\/01\/amor-divino-reflexoes-sobre-a-eleicao-e-a-graca\/\"]}]},{\"@type\":\"BreadcrumbList\",\"@id\":\"https:\/\/salmosbiblicos.com.br\/index.php\/2026\/04\/01\/amor-divino-reflexoes-sobre-a-eleicao-e-a-graca\/#breadcrumb\",\"itemListElement\":[{\"@type\":\"ListItem\",\"position\":1,\"name\":\"Home\",\"item\":\"https:\/\/salmosbiblicos.com.br\/\"},{\"@type\":\"ListItem\",\"position\":2,\"name\":\"Amor Divino: Reflex\u00f5es Sobre a Elei\u00e7\u00e3o e a Gra\u00e7a\"}]},{\"@type\":\"WebSite\",\"@id\":\"https:\/\/salmosbiblicos.com.br\/#website\",\"url\":\"https:\/\/salmosbiblicos.com.br\/\",\"name\":\"Salmos B\u00edblicos\",\"description\":\"Uma e-Livraria com e-Books novos para voc\u00ea refletir.\",\"potentialAction\":[{\"@type\":\"SearchAction\",\"target\":{\"@type\":\"EntryPoint\",\"urlTemplate\":\"https:\/\/salmosbiblicos.com.br\/?s={search_term_string}\"},\"query-input\":{\"@type\":\"PropertyValueSpecification\",\"valueRequired\":true,\"valueName\":\"search_term_string\"}}],\"inLanguage\":\"pt-BR\"},{\"@type\":\"Person\",\"@id\":\"https:\/\/salmosbiblicos.com.br\/#\/schema\/person\/30586d0fb3f3a46b78a3414fc39cc975\",\"name\":\"alextreh@gmail.com\",\"image\":{\"@type\":\"ImageObject\",\"inLanguage\":\"pt-BR\",\"@id\":\"https:\/\/secure.gravatar.com\/avatar\/7cf84d31f581ec97b887c1039d478a7c293086896c84951a86753fb2c2af7527?s=96&d=mm&r=g\",\"url\":\"https:\/\/secure.gravatar.com\/avatar\/7cf84d31f581ec97b887c1039d478a7c293086896c84951a86753fb2c2af7527?s=96&d=mm&r=g\",\"contentUrl\":\"https:\/\/secure.gravatar.com\/avatar\/7cf84d31f581ec97b887c1039d478a7c293086896c84951a86753fb2c2af7527?s=96&d=mm&r=g\",\"caption\":\"alextreh@gmail.com\"},\"sameAs\":[\"http:\/\/salmosbiblicos.com.br\"],\"url\":\"https:\/\/salmosbiblicos.com.br\/index.php\/author\/alextrehgmail-com\/\"}]}<\/script>\n<!-- \/ Yoast SEO plugin. -->","yoast_head_json":{"title":"Amor Divino: Reflex\u00f5es Sobre a Elei\u00e7\u00e3o e a Gra\u00e7a - Salmos B\u00edblicos","robots":{"index":"index","follow":"follow","max-snippet":"max-snippet:-1","max-image-preview":"max-image-preview:large","max-video-preview":"max-video-preview:-1"},"canonical":"https:\/\/salmosbiblicos.com.br\/index.php\/2026\/04\/01\/amor-divino-reflexoes-sobre-a-eleicao-e-a-graca\/","og_locale":"pt_BR","og_type":"article","og_title":"Amor Divino: Reflex\u00f5es Sobre a Elei\u00e7\u00e3o e a Gra\u00e7a - Salmos B\u00edblicos","og_description":"## A Eleva\u00e7\u00e3o do Cora\u00e7\u00e3o Humano H\u00e1 uma beleza profunda no reconhecimento de que fomos escolhidos, amados, antes mesmo do tempo. Antes do surgimento do sol, da lua, do mar \u2013 antes de qualquer manifesta\u00e7\u00e3o do universo que conhecemos \u2013 nosso nome j\u00e1 estava gravado nos planos divinos. \u00c9 um pensamento que eleva a alma [&hellip;]","og_url":"https:\/\/salmosbiblicos.com.br\/index.php\/2026\/04\/01\/amor-divino-reflexoes-sobre-a-eleicao-e-a-graca\/","og_site_name":"Salmos B\u00edblicos","article_published_time":"2026-04-01T10:25:32+00:00","author":"alextreh@gmail.com","twitter_card":"summary_large_image","twitter_misc":{"Escrito por":"alextreh@gmail.com","Est. tempo de leitura":"3 minutos"},"schema":{"@context":"https:\/\/schema.org","@graph":[{"@type":"Article","@id":"https:\/\/salmosbiblicos.com.br\/index.php\/2026\/04\/01\/amor-divino-reflexoes-sobre-a-eleicao-e-a-graca\/#article","isPartOf":{"@id":"https:\/\/salmosbiblicos.com.br\/index.php\/2026\/04\/01\/amor-divino-reflexoes-sobre-a-eleicao-e-a-graca\/"},"author":{"name":"alextreh@gmail.com","@id":"https:\/\/salmosbiblicos.com.br\/#\/schema\/person\/30586d0fb3f3a46b78a3414fc39cc975"},"headline":"Amor Divino: Reflex\u00f5es Sobre a Elei\u00e7\u00e3o e a Gra\u00e7a","datePublished":"2026-04-01T10:25:32+00:00","mainEntityOfPage":{"@id":"https:\/\/salmosbiblicos.com.br\/index.php\/2026\/04\/01\/amor-divino-reflexoes-sobre-a-eleicao-e-a-graca\/"},"wordCount":537,"articleSection":["Reflex\u00e3o"],"inLanguage":"pt-BR"},{"@type":"WebPage","@id":"https:\/\/salmosbiblicos.com.br\/index.php\/2026\/04\/01\/amor-divino-reflexoes-sobre-a-eleicao-e-a-graca\/","url":"https:\/\/salmosbiblicos.com.br\/index.php\/2026\/04\/01\/amor-divino-reflexoes-sobre-a-eleicao-e-a-graca\/","name":"Amor Divino: Reflex\u00f5es Sobre a Elei\u00e7\u00e3o e a Gra\u00e7a - Salmos B\u00edblicos","isPartOf":{"@id":"https:\/\/salmosbiblicos.com.br\/#website"},"datePublished":"2026-04-01T10:25:32+00:00","author":{"@id":"https:\/\/salmosbiblicos.com.br\/#\/schema\/person\/30586d0fb3f3a46b78a3414fc39cc975"},"breadcrumb":{"@id":"https:\/\/salmosbiblicos.com.br\/index.php\/2026\/04\/01\/amor-divino-reflexoes-sobre-a-eleicao-e-a-graca\/#breadcrumb"},"inLanguage":"pt-BR","potentialAction":[{"@type":"ReadAction","target":["https:\/\/salmosbiblicos.com.br\/index.php\/2026\/04\/01\/amor-divino-reflexoes-sobre-a-eleicao-e-a-graca\/"]}]},{"@type":"BreadcrumbList","@id":"https:\/\/salmosbiblicos.com.br\/index.php\/2026\/04\/01\/amor-divino-reflexoes-sobre-a-eleicao-e-a-graca\/#breadcrumb","itemListElement":[{"@type":"ListItem","position":1,"name":"Home","item":"https:\/\/salmosbiblicos.com.br\/"},{"@type":"ListItem","position":2,"name":"Amor Divino: Reflex\u00f5es Sobre a Elei\u00e7\u00e3o e a Gra\u00e7a"}]},{"@type":"WebSite","@id":"https:\/\/salmosbiblicos.com.br\/#website","url":"https:\/\/salmosbiblicos.com.br\/","name":"Salmos B\u00edblicos","description":"Uma e-Livraria com e-Books novos para voc\u00ea refletir.","potentialAction":[{"@type":"SearchAction","target":{"@type":"EntryPoint","urlTemplate":"https:\/\/salmosbiblicos.com.br\/?s={search_term_string}"},"query-input":{"@type":"PropertyValueSpecification","valueRequired":true,"valueName":"search_term_string"}}],"inLanguage":"pt-BR"},{"@type":"Person","@id":"https:\/\/salmosbiblicos.com.br\/#\/schema\/person\/30586d0fb3f3a46b78a3414fc39cc975","name":"alextreh@gmail.com","image":{"@type":"ImageObject","inLanguage":"pt-BR","@id":"https:\/\/secure.gravatar.com\/avatar\/7cf84d31f581ec97b887c1039d478a7c293086896c84951a86753fb2c2af7527?s=96&d=mm&r=g","url":"https:\/\/secure.gravatar.com\/avatar\/7cf84d31f581ec97b887c1039d478a7c293086896c84951a86753fb2c2af7527?s=96&d=mm&r=g","contentUrl":"https:\/\/secure.gravatar.com\/avatar\/7cf84d31f581ec97b887c1039d478a7c293086896c84951a86753fb2c2af7527?s=96&d=mm&r=g","caption":"alextreh@gmail.com"},"sameAs":["http:\/\/salmosbiblicos.com.br"],"url":"https:\/\/salmosbiblicos.com.br\/index.php\/author\/alextrehgmail-com\/"}]}},"_links":{"self":[{"href":"https:\/\/salmosbiblicos.com.br\/index.php\/wp-json\/wp\/v2\/posts\/6286","targetHints":{"allow":["GET"]}}],"collection":[{"href":"https:\/\/salmosbiblicos.com.br\/index.php\/wp-json\/wp\/v2\/posts"}],"about":[{"href":"https:\/\/salmosbiblicos.com.br\/index.php\/wp-json\/wp\/v2\/types\/post"}],"author":[{"embeddable":true,"href":"https:\/\/salmosbiblicos.com.br\/index.php\/wp-json\/wp\/v2\/users\/1"}],"replies":[{"embeddable":true,"href":"https:\/\/salmosbiblicos.com.br\/index.php\/wp-json\/wp\/v2\/comments?post=6286"}],"version-history":[{"count":1,"href":"https:\/\/salmosbiblicos.com.br\/index.php\/wp-json\/wp\/v2\/posts\/6286\/revisions"}],"predecessor-version":[{"id":6287,"href":"https:\/\/salmosbiblicos.com.br\/index.php\/wp-json\/wp\/v2\/posts\/6286\/revisions\/6287"}],"wp:attachment":[{"href":"https:\/\/salmosbiblicos.com.br\/index.php\/wp-json\/wp\/v2\/media?parent=6286"}],"wp:term":[{"taxonomy":"category","embeddable":true,"href":"https:\/\/salmosbiblicos.com.br\/index.php\/wp-json\/wp\/v2\/categories?post=6286"},{"taxonomy":"post_tag","embeddable":true,"href":"https:\/\/salmosbiblicos.com.br\/index.php\/wp-json\/wp\/v2\/tags?post=6286"}],"curies":[{"name":"wp","href":"https:\/\/api.w.org\/{rel}","templated":true}]}}