{"id":6302,"date":"2026-04-01T08:36:01","date_gmt":"2026-04-01T11:36:01","guid":{"rendered":"https:\/\/salmosbiblicos.com.br\/?p=6302"},"modified":"2026-04-01T08:36:01","modified_gmt":"2026-04-01T11:36:01","slug":"tome-e-a-duvida-licoes-de-fe-em-tempos-de-escuridao","status":"publish","type":"post","link":"https:\/\/salmosbiblicos.com.br\/index.php\/2026\/04\/01\/tome-e-a-duvida-licoes-de-fe-em-tempos-de-escuridao\/","title":{"rendered":"Tom\u00e9 e a D\u00favida: Li\u00e7\u00f5es de F\u00e9 em Tempos de Escurid\u00e3o"},"content":{"rendered":"<p>## A Busca pela F\u00e9: Uma Jornada de Testemunho e Esperan\u00e7a<\/p>\n<p>A d\u00favida, por vezes, se apresenta como uma sombra que obscurece a luz da f\u00e9. Em meio \u00e0s incertezas e aos desafios da vida, o cora\u00e7\u00e3o humano pode se sentir perdido, questionando a presen\u00e7a e a promessa divina. Mas \u00e9 precisamente nesses momentos de escurid\u00e3o que a nossa f\u00e9 \u00e9 fortalecida, que a nossa busca pela verdade se torna mais profunda.<\/p>\n<p>### O Testemunho de Tom\u00e9<\/p>\n<p>H\u00e1 muito tempo, um dos disc\u00edpulos, chamado Tom\u00e9, enfrentou uma prova\u00e7\u00e3o de f\u00e9 singular. Quando os outros o informaram que haviam encontrado o Senhor ressuscitado, sua rea\u00e7\u00e3o foi marcada pela descren\u00e7a. Ele clamou por uma prova tang\u00edvel, necessitando ver as marcas dos pregos em suas m\u00e3os e sentir a ferida em seu lado para, ent\u00e3o, acreditar.<\/p>\n<p>Essa necessidade de evid\u00eancia, embora possa parecer question\u00e1vel, revela a busca sincera de uma alma em busca da verdade. Jesus, em sua infinita miseric\u00f3rdia, n\u00e3o negou a Tom\u00e9 a prova que ele desejava. Ao contr\u00e1rio, ele o conduziu a um momento de encontro profundo, onde a d\u00favida se dissipou e a f\u00e9 floresceu.<\/p>\n<p>### A Semana de Escurid\u00e3o<\/p>\n<p>A espera de oito dias entre a primeira manifesta\u00e7\u00e3o e a prova solicitada por Tom\u00e9 foi um per\u00edodo de prova\u00e7\u00e3o. Uma semana de incerteza, de questionamentos e de escurid\u00e3o na f\u00e9. \u00c9 importante notar que essa demora n\u00e3o foi arbitr\u00e1ria, mas sim um prop\u00f3sito divino. Deus, em sua sabedoria, permitiu essa prova\u00e7\u00e3o para testar a f\u00e9 de Tom\u00e9, para fortalecer sua convic\u00e7\u00e3o e para revelar a profundidade de sua cren\u00e7a.<\/p>\n<p>### A Confiss\u00e3o da F\u00e9<\/p>\n<p>Quando finalmente o Senhor apareceu a Tom\u00e9, ele n\u00e3o apenas viu as marcas da paix\u00e3o, mas tamb\u00e9m foi convidado a toc\u00e1-las, a sentir a realidade da presen\u00e7a divina. E foi nesse momento que Tom\u00e9 proferiu uma das mais belas e poderosas confiss\u00f5es de f\u00e9: &#8220;**Meu Senhor e meu Deus!**&#8221;<\/p>\n<p>Com essa declara\u00e7\u00e3o, Tom\u00e9 reconheceu a divindade do Senhor ressuscitado, transcendendo a simples vis\u00e3o de um homem. Ele compreendeu que estava diante da pr\u00f3pria ess\u00eancia de Deus.<\/p>\n<p>### A F\u00e9 Aquela que N\u00e3o Precisa Ver<\/p>\n<p>Jesus, ent\u00e3o, questionou Tom\u00e9: &#8220;Acreditar porque me viste?&#8221; E em seguida, ele nos oferece uma b\u00ean\u00e7\u00e3o para todos aqueles que, como n\u00f3s, creem sem nunca ter visto: &#8220;**Bem-aventurados os que crer\u00e3o sem terem visto.**&#8221;<\/p>\n<p>Esta \u00e9 a ess\u00eancia da f\u00e9 crist\u00e3. Acreditar naquilo que n\u00e3o se pode ver com os olhos f\u00edsicos, mas sim sentir com o cora\u00e7\u00e3o. A f\u00e9 \u00e9 a certeza das coisas que se esperam e a prova das coisas que n\u00e3o se veem.<\/p>\n<p>### A Eucaristia: Um S\u00edmbolo de F\u00e9<\/p>\n<p>Se tomamos a Eucaristia como um exemplo, vemos que a f\u00e9 nos impulsiona a acreditar em algo que os nossos sentidos n\u00e3o podem compreender. Vemos p\u00e3o, mas acreditamos que Ele \u00e9 o pr\u00f3prio Corpo de Cristo. Vemos vinho, mas acreditamos que Ele \u00e9 o Sangue de Cristo, derramado por n\u00f3s.<\/p>\n<p>Que possamos, ent\u00e3o, ser gratos por essa f\u00e9 que nos guia, que nos fortalece e que nos conduz \u00e0 presen\u00e7a do Senhor. Que possamos, como Tom\u00e9, confessar com convic\u00e7\u00e3o: &#8220;Meu Senhor e meu Deus!&#8221; E que possamos ser aben\u00e7oados como aqueles que creem sem terem visto, encontrando em Jesus Cristo a esperan\u00e7a e a luz para os nossos caminhos.<\/p>\n","protected":false},"excerpt":{"rendered":"<p>## A Busca pela F\u00e9: Uma Jornada de Testemunho e Esperan\u00e7a A d\u00favida, por vezes, se apresenta como uma sombra que obscurece a luz da f\u00e9. Em meio \u00e0s incertezas e aos desafios da vida, o cora\u00e7\u00e3o humano pode se sentir perdido, questionando a presen\u00e7a e a promessa divina. Mas \u00e9 precisamente nesses momentos de [&hellip;]<\/p>\n","protected":false},"author":1,"featured_media":0,"comment_status":"closed","ping_status":"open","sticky":false,"template":"","format":"standard","meta":{"footnotes":""},"categories":[14],"tags":[],"class_list":["post-6302","post","type-post","status-publish","format-standard","hentry","category-reflexao"],"yoast_head":"<!-- This site is optimized with the Yoast SEO plugin v27.2 - https:\/\/yoast.com\/product\/yoast-seo-wordpress\/ -->\n<title>Tom\u00e9 e a D\u00favida: Li\u00e7\u00f5es de F\u00e9 em Tempos de Escurid\u00e3o - Salmos B\u00edblicos<\/title>\n<meta name=\"robots\" content=\"index, follow, max-snippet:-1, max-image-preview:large, max-video-preview:-1\" \/>\n<link rel=\"canonical\" href=\"http:\/\/salmosbiblicos.com.br\/index.php\/2026\/04\/01\/tome-e-a-duvida-licoes-de-fe-em-tempos-de-escuridao\/\" \/>\n<meta property=\"og:locale\" content=\"pt_BR\" \/>\n<meta property=\"og:type\" content=\"article\" \/>\n<meta property=\"og:title\" content=\"Tom\u00e9 e a D\u00favida: Li\u00e7\u00f5es de F\u00e9 em Tempos de Escurid\u00e3o - Salmos B\u00edblicos\" \/>\n<meta property=\"og:description\" content=\"## A Busca pela F\u00e9: Uma Jornada de Testemunho e Esperan\u00e7a A d\u00favida, por vezes, se apresenta como uma sombra que obscurece a luz da f\u00e9. Em meio \u00e0s incertezas e aos desafios da vida, o cora\u00e7\u00e3o humano pode se sentir perdido, questionando a presen\u00e7a e a promessa divina. Mas \u00e9 precisamente nesses momentos de [&hellip;]\" \/>\n<meta property=\"og:url\" content=\"http:\/\/salmosbiblicos.com.br\/index.php\/2026\/04\/01\/tome-e-a-duvida-licoes-de-fe-em-tempos-de-escuridao\/\" \/>\n<meta property=\"og:site_name\" content=\"Salmos B\u00edblicos\" \/>\n<meta property=\"article:published_time\" content=\"2026-04-01T11:36:01+00:00\" \/>\n<meta name=\"author\" content=\"alextreh@gmail.com\" \/>\n<meta name=\"twitter:card\" content=\"summary_large_image\" \/>\n<meta name=\"twitter:label1\" content=\"Escrito por\" \/>\n\t<meta name=\"twitter:data1\" content=\"alextreh@gmail.com\" \/>\n\t<meta name=\"twitter:label2\" content=\"Est. tempo de leitura\" \/>\n\t<meta name=\"twitter:data2\" content=\"3 minutos\" \/>\n<script type=\"application\/ld+json\" class=\"yoast-schema-graph\">{\"@context\":\"https:\/\/schema.org\",\"@graph\":[{\"@type\":\"Article\",\"@id\":\"http:\/\/salmosbiblicos.com.br\/index.php\/2026\/04\/01\/tome-e-a-duvida-licoes-de-fe-em-tempos-de-escuridao\/#article\",\"isPartOf\":{\"@id\":\"http:\/\/salmosbiblicos.com.br\/index.php\/2026\/04\/01\/tome-e-a-duvida-licoes-de-fe-em-tempos-de-escuridao\/\"},\"author\":{\"name\":\"alextreh@gmail.com\",\"@id\":\"https:\/\/salmosbiblicos.com.br\/#\/schema\/person\/30586d0fb3f3a46b78a3414fc39cc975\"},\"headline\":\"Tom\u00e9 e a D\u00favida: Li\u00e7\u00f5es de F\u00e9 em Tempos de Escurid\u00e3o\",\"datePublished\":\"2026-04-01T11:36:01+00:00\",\"mainEntityOfPage\":{\"@id\":\"http:\/\/salmosbiblicos.com.br\/index.php\/2026\/04\/01\/tome-e-a-duvida-licoes-de-fe-em-tempos-de-escuridao\/\"},\"wordCount\":604,\"articleSection\":[\"Reflex\u00e3o\"],\"inLanguage\":\"pt-BR\"},{\"@type\":\"WebPage\",\"@id\":\"http:\/\/salmosbiblicos.com.br\/index.php\/2026\/04\/01\/tome-e-a-duvida-licoes-de-fe-em-tempos-de-escuridao\/\",\"url\":\"http:\/\/salmosbiblicos.com.br\/index.php\/2026\/04\/01\/tome-e-a-duvida-licoes-de-fe-em-tempos-de-escuridao\/\",\"name\":\"Tom\u00e9 e a D\u00favida: Li\u00e7\u00f5es de F\u00e9 em Tempos de Escurid\u00e3o - Salmos B\u00edblicos\",\"isPartOf\":{\"@id\":\"https:\/\/salmosbiblicos.com.br\/#website\"},\"datePublished\":\"2026-04-01T11:36:01+00:00\",\"author\":{\"@id\":\"https:\/\/salmosbiblicos.com.br\/#\/schema\/person\/30586d0fb3f3a46b78a3414fc39cc975\"},\"breadcrumb\":{\"@id\":\"http:\/\/salmosbiblicos.com.br\/index.php\/2026\/04\/01\/tome-e-a-duvida-licoes-de-fe-em-tempos-de-escuridao\/#breadcrumb\"},\"inLanguage\":\"pt-BR\",\"potentialAction\":[{\"@type\":\"ReadAction\",\"target\":[\"http:\/\/salmosbiblicos.com.br\/index.php\/2026\/04\/01\/tome-e-a-duvida-licoes-de-fe-em-tempos-de-escuridao\/\"]}]},{\"@type\":\"BreadcrumbList\",\"@id\":\"http:\/\/salmosbiblicos.com.br\/index.php\/2026\/04\/01\/tome-e-a-duvida-licoes-de-fe-em-tempos-de-escuridao\/#breadcrumb\",\"itemListElement\":[{\"@type\":\"ListItem\",\"position\":1,\"name\":\"Home\",\"item\":\"https:\/\/salmosbiblicos.com.br\/\"},{\"@type\":\"ListItem\",\"position\":2,\"name\":\"Tom\u00e9 e a D\u00favida: Li\u00e7\u00f5es de F\u00e9 em Tempos de Escurid\u00e3o\"}]},{\"@type\":\"WebSite\",\"@id\":\"https:\/\/salmosbiblicos.com.br\/#website\",\"url\":\"https:\/\/salmosbiblicos.com.br\/\",\"name\":\"Salmos B\u00edblicos\",\"description\":\"Uma e-Livraria com e-Books novos para voc\u00ea refletir.\",\"potentialAction\":[{\"@type\":\"SearchAction\",\"target\":{\"@type\":\"EntryPoint\",\"urlTemplate\":\"https:\/\/salmosbiblicos.com.br\/?s={search_term_string}\"},\"query-input\":{\"@type\":\"PropertyValueSpecification\",\"valueRequired\":true,\"valueName\":\"search_term_string\"}}],\"inLanguage\":\"pt-BR\"},{\"@type\":\"Person\",\"@id\":\"https:\/\/salmosbiblicos.com.br\/#\/schema\/person\/30586d0fb3f3a46b78a3414fc39cc975\",\"name\":\"alextreh@gmail.com\",\"image\":{\"@type\":\"ImageObject\",\"inLanguage\":\"pt-BR\",\"@id\":\"https:\/\/secure.gravatar.com\/avatar\/7cf84d31f581ec97b887c1039d478a7c293086896c84951a86753fb2c2af7527?s=96&d=mm&r=g\",\"url\":\"https:\/\/secure.gravatar.com\/avatar\/7cf84d31f581ec97b887c1039d478a7c293086896c84951a86753fb2c2af7527?s=96&d=mm&r=g\",\"contentUrl\":\"https:\/\/secure.gravatar.com\/avatar\/7cf84d31f581ec97b887c1039d478a7c293086896c84951a86753fb2c2af7527?s=96&d=mm&r=g\",\"caption\":\"alextreh@gmail.com\"},\"sameAs\":[\"http:\/\/salmosbiblicos.com.br\"],\"url\":\"https:\/\/salmosbiblicos.com.br\/index.php\/author\/alextrehgmail-com\/\"}]}<\/script>\n<!-- \/ Yoast SEO plugin. -->","yoast_head_json":{"title":"Tom\u00e9 e a D\u00favida: Li\u00e7\u00f5es de F\u00e9 em Tempos de Escurid\u00e3o - Salmos B\u00edblicos","robots":{"index":"index","follow":"follow","max-snippet":"max-snippet:-1","max-image-preview":"max-image-preview:large","max-video-preview":"max-video-preview:-1"},"canonical":"http:\/\/salmosbiblicos.com.br\/index.php\/2026\/04\/01\/tome-e-a-duvida-licoes-de-fe-em-tempos-de-escuridao\/","og_locale":"pt_BR","og_type":"article","og_title":"Tom\u00e9 e a D\u00favida: Li\u00e7\u00f5es de F\u00e9 em Tempos de Escurid\u00e3o - Salmos B\u00edblicos","og_description":"## A Busca pela F\u00e9: Uma Jornada de Testemunho e Esperan\u00e7a A d\u00favida, por vezes, se apresenta como uma sombra que obscurece a luz da f\u00e9. Em meio \u00e0s incertezas e aos desafios da vida, o cora\u00e7\u00e3o humano pode se sentir perdido, questionando a presen\u00e7a e a promessa divina. Mas \u00e9 precisamente nesses momentos de [&hellip;]","og_url":"http:\/\/salmosbiblicos.com.br\/index.php\/2026\/04\/01\/tome-e-a-duvida-licoes-de-fe-em-tempos-de-escuridao\/","og_site_name":"Salmos B\u00edblicos","article_published_time":"2026-04-01T11:36:01+00:00","author":"alextreh@gmail.com","twitter_card":"summary_large_image","twitter_misc":{"Escrito por":"alextreh@gmail.com","Est. tempo de leitura":"3 minutos"},"schema":{"@context":"https:\/\/schema.org","@graph":[{"@type":"Article","@id":"http:\/\/salmosbiblicos.com.br\/index.php\/2026\/04\/01\/tome-e-a-duvida-licoes-de-fe-em-tempos-de-escuridao\/#article","isPartOf":{"@id":"http:\/\/salmosbiblicos.com.br\/index.php\/2026\/04\/01\/tome-e-a-duvida-licoes-de-fe-em-tempos-de-escuridao\/"},"author":{"name":"alextreh@gmail.com","@id":"https:\/\/salmosbiblicos.com.br\/#\/schema\/person\/30586d0fb3f3a46b78a3414fc39cc975"},"headline":"Tom\u00e9 e a D\u00favida: Li\u00e7\u00f5es de F\u00e9 em Tempos de Escurid\u00e3o","datePublished":"2026-04-01T11:36:01+00:00","mainEntityOfPage":{"@id":"http:\/\/salmosbiblicos.com.br\/index.php\/2026\/04\/01\/tome-e-a-duvida-licoes-de-fe-em-tempos-de-escuridao\/"},"wordCount":604,"articleSection":["Reflex\u00e3o"],"inLanguage":"pt-BR"},{"@type":"WebPage","@id":"http:\/\/salmosbiblicos.com.br\/index.php\/2026\/04\/01\/tome-e-a-duvida-licoes-de-fe-em-tempos-de-escuridao\/","url":"http:\/\/salmosbiblicos.com.br\/index.php\/2026\/04\/01\/tome-e-a-duvida-licoes-de-fe-em-tempos-de-escuridao\/","name":"Tom\u00e9 e a D\u00favida: Li\u00e7\u00f5es de F\u00e9 em Tempos de Escurid\u00e3o - Salmos B\u00edblicos","isPartOf":{"@id":"https:\/\/salmosbiblicos.com.br\/#website"},"datePublished":"2026-04-01T11:36:01+00:00","author":{"@id":"https:\/\/salmosbiblicos.com.br\/#\/schema\/person\/30586d0fb3f3a46b78a3414fc39cc975"},"breadcrumb":{"@id":"http:\/\/salmosbiblicos.com.br\/index.php\/2026\/04\/01\/tome-e-a-duvida-licoes-de-fe-em-tempos-de-escuridao\/#breadcrumb"},"inLanguage":"pt-BR","potentialAction":[{"@type":"ReadAction","target":["http:\/\/salmosbiblicos.com.br\/index.php\/2026\/04\/01\/tome-e-a-duvida-licoes-de-fe-em-tempos-de-escuridao\/"]}]},{"@type":"BreadcrumbList","@id":"http:\/\/salmosbiblicos.com.br\/index.php\/2026\/04\/01\/tome-e-a-duvida-licoes-de-fe-em-tempos-de-escuridao\/#breadcrumb","itemListElement":[{"@type":"ListItem","position":1,"name":"Home","item":"https:\/\/salmosbiblicos.com.br\/"},{"@type":"ListItem","position":2,"name":"Tom\u00e9 e a D\u00favida: Li\u00e7\u00f5es de F\u00e9 em Tempos de Escurid\u00e3o"}]},{"@type":"WebSite","@id":"https:\/\/salmosbiblicos.com.br\/#website","url":"https:\/\/salmosbiblicos.com.br\/","name":"Salmos B\u00edblicos","description":"Uma e-Livraria com e-Books novos para voc\u00ea refletir.","potentialAction":[{"@type":"SearchAction","target":{"@type":"EntryPoint","urlTemplate":"https:\/\/salmosbiblicos.com.br\/?s={search_term_string}"},"query-input":{"@type":"PropertyValueSpecification","valueRequired":true,"valueName":"search_term_string"}}],"inLanguage":"pt-BR"},{"@type":"Person","@id":"https:\/\/salmosbiblicos.com.br\/#\/schema\/person\/30586d0fb3f3a46b78a3414fc39cc975","name":"alextreh@gmail.com","image":{"@type":"ImageObject","inLanguage":"pt-BR","@id":"https:\/\/secure.gravatar.com\/avatar\/7cf84d31f581ec97b887c1039d478a7c293086896c84951a86753fb2c2af7527?s=96&d=mm&r=g","url":"https:\/\/secure.gravatar.com\/avatar\/7cf84d31f581ec97b887c1039d478a7c293086896c84951a86753fb2c2af7527?s=96&d=mm&r=g","contentUrl":"https:\/\/secure.gravatar.com\/avatar\/7cf84d31f581ec97b887c1039d478a7c293086896c84951a86753fb2c2af7527?s=96&d=mm&r=g","caption":"alextreh@gmail.com"},"sameAs":["http:\/\/salmosbiblicos.com.br"],"url":"https:\/\/salmosbiblicos.com.br\/index.php\/author\/alextrehgmail-com\/"}]}},"_links":{"self":[{"href":"https:\/\/salmosbiblicos.com.br\/index.php\/wp-json\/wp\/v2\/posts\/6302","targetHints":{"allow":["GET"]}}],"collection":[{"href":"https:\/\/salmosbiblicos.com.br\/index.php\/wp-json\/wp\/v2\/posts"}],"about":[{"href":"https:\/\/salmosbiblicos.com.br\/index.php\/wp-json\/wp\/v2\/types\/post"}],"author":[{"embeddable":true,"href":"https:\/\/salmosbiblicos.com.br\/index.php\/wp-json\/wp\/v2\/users\/1"}],"replies":[{"embeddable":true,"href":"https:\/\/salmosbiblicos.com.br\/index.php\/wp-json\/wp\/v2\/comments?post=6302"}],"version-history":[{"count":1,"href":"https:\/\/salmosbiblicos.com.br\/index.php\/wp-json\/wp\/v2\/posts\/6302\/revisions"}],"predecessor-version":[{"id":6303,"href":"https:\/\/salmosbiblicos.com.br\/index.php\/wp-json\/wp\/v2\/posts\/6302\/revisions\/6303"}],"wp:attachment":[{"href":"https:\/\/salmosbiblicos.com.br\/index.php\/wp-json\/wp\/v2\/media?parent=6302"}],"wp:term":[{"taxonomy":"category","embeddable":true,"href":"https:\/\/salmosbiblicos.com.br\/index.php\/wp-json\/wp\/v2\/categories?post=6302"},{"taxonomy":"post_tag","embeddable":true,"href":"https:\/\/salmosbiblicos.com.br\/index.php\/wp-json\/wp\/v2\/tags?post=6302"}],"curies":[{"name":"wp","href":"https:\/\/api.w.org\/{rel}","templated":true}]}}