{"id":6310,"date":"2026-04-02T02:12:54","date_gmt":"2026-04-02T05:12:54","guid":{"rendered":"https:\/\/salmosbiblicos.com.br\/?p=6310"},"modified":"2026-04-02T02:12:54","modified_gmt":"2026-04-02T05:12:54","slug":"oracao-persistente-a-fe-que-move-ceus-e-coracoes","status":"publish","type":"post","link":"https:\/\/salmosbiblicos.com.br\/index.php\/2026\/04\/02\/oracao-persistente-a-fe-que-move-ceus-e-coracoes\/","title":{"rendered":"Ora\u00e7\u00e3o Persistente: A F\u00e9 Que Move C\u00e9us e Cora\u00e7\u00f5es"},"content":{"rendered":"<p>## A Persist\u00eancia da F\u00e9: Uma Reflex\u00e3o Sobre a Ora\u00e7\u00e3o<\/p>\n<p>A busca por justi\u00e7a e amparo \u00e9 um anseio profundo em todo cora\u00e7\u00e3o. Quantas vezes nos sentimos impotentes diante de situa\u00e7\u00f5es que parecem intranspon\u00edveis? A hist\u00f3ria de uma vi\u00fava, incans\u00e1vel em sua s\u00faplica, nos convida a refletir sobre a ess\u00eancia da ora\u00e7\u00e3o e a perseveran\u00e7a na f\u00e9.<\/p>\n<p>### A Vi\u00fava e o Juiz: Um Espelho da Nossa Busca<\/p>\n<p>A par\u00e1bola nos apresenta um juiz, c\u00e9tico e insens\u00edvel, que inicialmente se mostra indiferente ao clamor da vi\u00fava.  \u00c9 apenas o incans\u00e1vel persistir dela que o move a agir.  **Jesus nos revela algo profundo: se um cora\u00e7\u00e3o endurecido pode ser tocado pela insist\u00eancia, quanto mais o Deus misericordioso atender\u00e1 aqueles que buscam Sua face!**<\/p>\n<p>### O Segredo da Ora\u00e7\u00e3o Constante<\/p>\n<p>O Evangelho nos exorta a &#8220;rezar sempre e nunca desistir&#8221;. N\u00e3o se trata de uma ora\u00e7\u00e3o grandiosa ou eloquente, mas de um cora\u00e7\u00e3o que persiste, que busca, que clama.  **A ora\u00e7\u00e3o n\u00e3o \u00e9 um ritual espor\u00e1dico, mas um fluxo constante de comunh\u00e3o com o divino.**<\/p>\n<p>Muitos de n\u00f3s oscilam na f\u00e9, momentos de fervor seguidos por per\u00edodos de distanciamento. Acumulamos, erroneamente, dias de intensa ora\u00e7\u00e3o, como se pudessem nos isentar de futuras s\u00faplicas. Essa pr\u00e1tica \u00e9 ilus\u00f3ria, pois a alma necessita da constante nutri\u00e7\u00e3o da ora\u00e7\u00e3o. <\/p>\n<p>### A Ora\u00e7\u00e3o: Alimento para a Alma<\/p>\n<p>A ora\u00e7\u00e3o n\u00e3o \u00e9 acumulativa. N\u00e3o se trata de reservar um tempo para &#8220;compensar&#8221; a falta de ora\u00e7\u00e3o em dias anteriores.  Cada momento exige a busca por Sua presen\u00e7a, a renova\u00e7\u00e3o da f\u00e9.  **Assim como o corpo precisa de alimento di\u00e1rio, a alma se fortalece na ora\u00e7\u00e3o cont\u00ednua.**<\/p>\n<p>Mesmo quando a vontade falta, mesmo quando a afli\u00e7\u00e3o nos paralisa, \u00e9 preciso perseverar. A ora\u00e7\u00e3o \u00e9 um ato de f\u00e9, uma demonstra\u00e7\u00e3o de confian\u00e7a, mesmo diante da ang\u00fastia.<\/p>\n<p>### A Batalha Espiritual e a Armadura da Ora\u00e7\u00e3o<\/p>\n<p>Vivemos em um campo de batalha espiritual. A Palavra nos adverte que &#8220;o diabo rodeia o vosso redor como o le\u00e3o que ruge, buscando a quem devorar&#8221;.  \u00c9 em meio a essas prova\u00e7\u00f5es que a ora\u00e7\u00e3o se torna nossa armadura, nosso escudo, nossa prote\u00e7\u00e3o.<\/p>\n<p>**A ora\u00e7\u00e3o \u00e9 o alimento da f\u00e9.  A falta de ora\u00e7\u00e3o leva \u00e0 perda da f\u00e9.** Presenciamos muitos que, outrora fervorosos em sua devo\u00e7\u00e3o, se distanciaram da ora\u00e7\u00e3o e perderam o rumo. A f\u00e9 se esvai como areia entre os dedos.<\/p>\n<p>### A Promessa de um Futuro de F\u00e9<\/p>\n<p>Jesus nos questiona: &#8220;Quando vier o Filho do Homem, encontrar\u00e1 f\u00e9 na Terra?&#8221;. A resposta reside em n\u00f3s, em nossa disposi\u00e7\u00e3o de perseverar na ora\u00e7\u00e3o.  **A ora\u00e7\u00e3o \u00e9 a semente da f\u00e9, cultivada com persist\u00eancia e cuidado.**<\/p>\n<p>Que possamos nutrir nossa alma com a ora\u00e7\u00e3o constante, permanecendo vigilantes e fortalecidos pela gra\u00e7a divina. Que a f\u00e9 que nos impulsiona a buscar a Deus seja sempre a luz que ilumina nosso caminho.<\/p>\n","protected":false},"excerpt":{"rendered":"<p>## A Persist\u00eancia da F\u00e9: Uma Reflex\u00e3o Sobre a Ora\u00e7\u00e3o A busca por justi\u00e7a e amparo \u00e9 um anseio profundo em todo cora\u00e7\u00e3o. Quantas vezes nos sentimos impotentes diante de situa\u00e7\u00f5es que parecem intranspon\u00edveis? A hist\u00f3ria de uma vi\u00fava, incans\u00e1vel em sua s\u00faplica, nos convida a refletir sobre a ess\u00eancia da ora\u00e7\u00e3o e a perseveran\u00e7a [&hellip;]<\/p>\n","protected":false},"author":1,"featured_media":0,"comment_status":"closed","ping_status":"open","sticky":false,"template":"","format":"standard","meta":{"footnotes":""},"categories":[14],"tags":[],"class_list":["post-6310","post","type-post","status-publish","format-standard","hentry","category-reflexao"],"yoast_head":"<!-- This site is optimized with the Yoast SEO plugin v27.2 - https:\/\/yoast.com\/product\/yoast-seo-wordpress\/ -->\n<title>Ora\u00e7\u00e3o Persistente: A F\u00e9 Que Move C\u00e9us e Cora\u00e7\u00f5es - Salmos B\u00edblicos<\/title>\n<meta name=\"robots\" content=\"index, follow, max-snippet:-1, max-image-preview:large, max-video-preview:-1\" \/>\n<link rel=\"canonical\" href=\"https:\/\/salmosbiblicos.com.br\/index.php\/2026\/04\/02\/oracao-persistente-a-fe-que-move-ceus-e-coracoes\/\" \/>\n<meta property=\"og:locale\" content=\"pt_BR\" \/>\n<meta property=\"og:type\" content=\"article\" \/>\n<meta property=\"og:title\" content=\"Ora\u00e7\u00e3o Persistente: A F\u00e9 Que Move C\u00e9us e Cora\u00e7\u00f5es - Salmos B\u00edblicos\" \/>\n<meta property=\"og:description\" content=\"## A Persist\u00eancia da F\u00e9: Uma Reflex\u00e3o Sobre a Ora\u00e7\u00e3o A busca por justi\u00e7a e amparo \u00e9 um anseio profundo em todo cora\u00e7\u00e3o. Quantas vezes nos sentimos impotentes diante de situa\u00e7\u00f5es que parecem intranspon\u00edveis? A hist\u00f3ria de uma vi\u00fava, incans\u00e1vel em sua s\u00faplica, nos convida a refletir sobre a ess\u00eancia da ora\u00e7\u00e3o e a perseveran\u00e7a [&hellip;]\" \/>\n<meta property=\"og:url\" content=\"https:\/\/salmosbiblicos.com.br\/index.php\/2026\/04\/02\/oracao-persistente-a-fe-que-move-ceus-e-coracoes\/\" \/>\n<meta property=\"og:site_name\" content=\"Salmos B\u00edblicos\" \/>\n<meta property=\"article:published_time\" content=\"2026-04-02T05:12:54+00:00\" \/>\n<meta name=\"author\" content=\"alextreh@gmail.com\" \/>\n<meta name=\"twitter:card\" content=\"summary_large_image\" \/>\n<meta name=\"twitter:label1\" content=\"Escrito por\" \/>\n\t<meta name=\"twitter:data1\" content=\"alextreh@gmail.com\" \/>\n\t<meta name=\"twitter:label2\" content=\"Est. tempo de leitura\" \/>\n\t<meta name=\"twitter:data2\" content=\"3 minutos\" \/>\n<script type=\"application\/ld+json\" class=\"yoast-schema-graph\">{\"@context\":\"https:\/\/schema.org\",\"@graph\":[{\"@type\":\"Article\",\"@id\":\"https:\/\/salmosbiblicos.com.br\/index.php\/2026\/04\/02\/oracao-persistente-a-fe-que-move-ceus-e-coracoes\/#article\",\"isPartOf\":{\"@id\":\"https:\/\/salmosbiblicos.com.br\/index.php\/2026\/04\/02\/oracao-persistente-a-fe-que-move-ceus-e-coracoes\/\"},\"author\":{\"name\":\"alextreh@gmail.com\",\"@id\":\"https:\/\/salmosbiblicos.com.br\/#\/schema\/person\/30586d0fb3f3a46b78a3414fc39cc975\"},\"headline\":\"Ora\u00e7\u00e3o Persistente: A F\u00e9 Que Move C\u00e9us e Cora\u00e7\u00f5es\",\"datePublished\":\"2026-04-02T05:12:54+00:00\",\"mainEntityOfPage\":{\"@id\":\"https:\/\/salmosbiblicos.com.br\/index.php\/2026\/04\/02\/oracao-persistente-a-fe-que-move-ceus-e-coracoes\/\"},\"wordCount\":535,\"articleSection\":[\"Reflex\u00e3o\"],\"inLanguage\":\"pt-BR\"},{\"@type\":\"WebPage\",\"@id\":\"https:\/\/salmosbiblicos.com.br\/index.php\/2026\/04\/02\/oracao-persistente-a-fe-que-move-ceus-e-coracoes\/\",\"url\":\"https:\/\/salmosbiblicos.com.br\/index.php\/2026\/04\/02\/oracao-persistente-a-fe-que-move-ceus-e-coracoes\/\",\"name\":\"Ora\u00e7\u00e3o Persistente: A F\u00e9 Que Move C\u00e9us e Cora\u00e7\u00f5es - Salmos B\u00edblicos\",\"isPartOf\":{\"@id\":\"https:\/\/salmosbiblicos.com.br\/#website\"},\"datePublished\":\"2026-04-02T05:12:54+00:00\",\"author\":{\"@id\":\"https:\/\/salmosbiblicos.com.br\/#\/schema\/person\/30586d0fb3f3a46b78a3414fc39cc975\"},\"breadcrumb\":{\"@id\":\"https:\/\/salmosbiblicos.com.br\/index.php\/2026\/04\/02\/oracao-persistente-a-fe-que-move-ceus-e-coracoes\/#breadcrumb\"},\"inLanguage\":\"pt-BR\",\"potentialAction\":[{\"@type\":\"ReadAction\",\"target\":[\"https:\/\/salmosbiblicos.com.br\/index.php\/2026\/04\/02\/oracao-persistente-a-fe-que-move-ceus-e-coracoes\/\"]}]},{\"@type\":\"BreadcrumbList\",\"@id\":\"https:\/\/salmosbiblicos.com.br\/index.php\/2026\/04\/02\/oracao-persistente-a-fe-que-move-ceus-e-coracoes\/#breadcrumb\",\"itemListElement\":[{\"@type\":\"ListItem\",\"position\":1,\"name\":\"Home\",\"item\":\"https:\/\/salmosbiblicos.com.br\/\"},{\"@type\":\"ListItem\",\"position\":2,\"name\":\"Ora\u00e7\u00e3o Persistente: A F\u00e9 Que Move C\u00e9us e Cora\u00e7\u00f5es\"}]},{\"@type\":\"WebSite\",\"@id\":\"https:\/\/salmosbiblicos.com.br\/#website\",\"url\":\"https:\/\/salmosbiblicos.com.br\/\",\"name\":\"Salmos B\u00edblicos\",\"description\":\"Uma e-Livraria com e-Books novos para voc\u00ea refletir.\",\"potentialAction\":[{\"@type\":\"SearchAction\",\"target\":{\"@type\":\"EntryPoint\",\"urlTemplate\":\"https:\/\/salmosbiblicos.com.br\/?s={search_term_string}\"},\"query-input\":{\"@type\":\"PropertyValueSpecification\",\"valueRequired\":true,\"valueName\":\"search_term_string\"}}],\"inLanguage\":\"pt-BR\"},{\"@type\":\"Person\",\"@id\":\"https:\/\/salmosbiblicos.com.br\/#\/schema\/person\/30586d0fb3f3a46b78a3414fc39cc975\",\"name\":\"alextreh@gmail.com\",\"image\":{\"@type\":\"ImageObject\",\"inLanguage\":\"pt-BR\",\"@id\":\"https:\/\/secure.gravatar.com\/avatar\/7cf84d31f581ec97b887c1039d478a7c293086896c84951a86753fb2c2af7527?s=96&d=mm&r=g\",\"url\":\"https:\/\/secure.gravatar.com\/avatar\/7cf84d31f581ec97b887c1039d478a7c293086896c84951a86753fb2c2af7527?s=96&d=mm&r=g\",\"contentUrl\":\"https:\/\/secure.gravatar.com\/avatar\/7cf84d31f581ec97b887c1039d478a7c293086896c84951a86753fb2c2af7527?s=96&d=mm&r=g\",\"caption\":\"alextreh@gmail.com\"},\"sameAs\":[\"http:\/\/salmosbiblicos.com.br\"],\"url\":\"https:\/\/salmosbiblicos.com.br\/index.php\/author\/alextrehgmail-com\/\"}]}<\/script>\n<!-- \/ Yoast SEO plugin. -->","yoast_head_json":{"title":"Ora\u00e7\u00e3o Persistente: A F\u00e9 Que Move C\u00e9us e Cora\u00e7\u00f5es - Salmos B\u00edblicos","robots":{"index":"index","follow":"follow","max-snippet":"max-snippet:-1","max-image-preview":"max-image-preview:large","max-video-preview":"max-video-preview:-1"},"canonical":"https:\/\/salmosbiblicos.com.br\/index.php\/2026\/04\/02\/oracao-persistente-a-fe-que-move-ceus-e-coracoes\/","og_locale":"pt_BR","og_type":"article","og_title":"Ora\u00e7\u00e3o Persistente: A F\u00e9 Que Move C\u00e9us e Cora\u00e7\u00f5es - Salmos B\u00edblicos","og_description":"## A Persist\u00eancia da F\u00e9: Uma Reflex\u00e3o Sobre a Ora\u00e7\u00e3o A busca por justi\u00e7a e amparo \u00e9 um anseio profundo em todo cora\u00e7\u00e3o. Quantas vezes nos sentimos impotentes diante de situa\u00e7\u00f5es que parecem intranspon\u00edveis? A hist\u00f3ria de uma vi\u00fava, incans\u00e1vel em sua s\u00faplica, nos convida a refletir sobre a ess\u00eancia da ora\u00e7\u00e3o e a perseveran\u00e7a [&hellip;]","og_url":"https:\/\/salmosbiblicos.com.br\/index.php\/2026\/04\/02\/oracao-persistente-a-fe-que-move-ceus-e-coracoes\/","og_site_name":"Salmos B\u00edblicos","article_published_time":"2026-04-02T05:12:54+00:00","author":"alextreh@gmail.com","twitter_card":"summary_large_image","twitter_misc":{"Escrito por":"alextreh@gmail.com","Est. tempo de leitura":"3 minutos"},"schema":{"@context":"https:\/\/schema.org","@graph":[{"@type":"Article","@id":"https:\/\/salmosbiblicos.com.br\/index.php\/2026\/04\/02\/oracao-persistente-a-fe-que-move-ceus-e-coracoes\/#article","isPartOf":{"@id":"https:\/\/salmosbiblicos.com.br\/index.php\/2026\/04\/02\/oracao-persistente-a-fe-que-move-ceus-e-coracoes\/"},"author":{"name":"alextreh@gmail.com","@id":"https:\/\/salmosbiblicos.com.br\/#\/schema\/person\/30586d0fb3f3a46b78a3414fc39cc975"},"headline":"Ora\u00e7\u00e3o Persistente: A F\u00e9 Que Move C\u00e9us e Cora\u00e7\u00f5es","datePublished":"2026-04-02T05:12:54+00:00","mainEntityOfPage":{"@id":"https:\/\/salmosbiblicos.com.br\/index.php\/2026\/04\/02\/oracao-persistente-a-fe-que-move-ceus-e-coracoes\/"},"wordCount":535,"articleSection":["Reflex\u00e3o"],"inLanguage":"pt-BR"},{"@type":"WebPage","@id":"https:\/\/salmosbiblicos.com.br\/index.php\/2026\/04\/02\/oracao-persistente-a-fe-que-move-ceus-e-coracoes\/","url":"https:\/\/salmosbiblicos.com.br\/index.php\/2026\/04\/02\/oracao-persistente-a-fe-que-move-ceus-e-coracoes\/","name":"Ora\u00e7\u00e3o Persistente: A F\u00e9 Que Move C\u00e9us e Cora\u00e7\u00f5es - Salmos B\u00edblicos","isPartOf":{"@id":"https:\/\/salmosbiblicos.com.br\/#website"},"datePublished":"2026-04-02T05:12:54+00:00","author":{"@id":"https:\/\/salmosbiblicos.com.br\/#\/schema\/person\/30586d0fb3f3a46b78a3414fc39cc975"},"breadcrumb":{"@id":"https:\/\/salmosbiblicos.com.br\/index.php\/2026\/04\/02\/oracao-persistente-a-fe-que-move-ceus-e-coracoes\/#breadcrumb"},"inLanguage":"pt-BR","potentialAction":[{"@type":"ReadAction","target":["https:\/\/salmosbiblicos.com.br\/index.php\/2026\/04\/02\/oracao-persistente-a-fe-que-move-ceus-e-coracoes\/"]}]},{"@type":"BreadcrumbList","@id":"https:\/\/salmosbiblicos.com.br\/index.php\/2026\/04\/02\/oracao-persistente-a-fe-que-move-ceus-e-coracoes\/#breadcrumb","itemListElement":[{"@type":"ListItem","position":1,"name":"Home","item":"https:\/\/salmosbiblicos.com.br\/"},{"@type":"ListItem","position":2,"name":"Ora\u00e7\u00e3o Persistente: A F\u00e9 Que Move C\u00e9us e Cora\u00e7\u00f5es"}]},{"@type":"WebSite","@id":"https:\/\/salmosbiblicos.com.br\/#website","url":"https:\/\/salmosbiblicos.com.br\/","name":"Salmos B\u00edblicos","description":"Uma e-Livraria com e-Books novos para voc\u00ea refletir.","potentialAction":[{"@type":"SearchAction","target":{"@type":"EntryPoint","urlTemplate":"https:\/\/salmosbiblicos.com.br\/?s={search_term_string}"},"query-input":{"@type":"PropertyValueSpecification","valueRequired":true,"valueName":"search_term_string"}}],"inLanguage":"pt-BR"},{"@type":"Person","@id":"https:\/\/salmosbiblicos.com.br\/#\/schema\/person\/30586d0fb3f3a46b78a3414fc39cc975","name":"alextreh@gmail.com","image":{"@type":"ImageObject","inLanguage":"pt-BR","@id":"https:\/\/secure.gravatar.com\/avatar\/7cf84d31f581ec97b887c1039d478a7c293086896c84951a86753fb2c2af7527?s=96&d=mm&r=g","url":"https:\/\/secure.gravatar.com\/avatar\/7cf84d31f581ec97b887c1039d478a7c293086896c84951a86753fb2c2af7527?s=96&d=mm&r=g","contentUrl":"https:\/\/secure.gravatar.com\/avatar\/7cf84d31f581ec97b887c1039d478a7c293086896c84951a86753fb2c2af7527?s=96&d=mm&r=g","caption":"alextreh@gmail.com"},"sameAs":["http:\/\/salmosbiblicos.com.br"],"url":"https:\/\/salmosbiblicos.com.br\/index.php\/author\/alextrehgmail-com\/"}]}},"_links":{"self":[{"href":"https:\/\/salmosbiblicos.com.br\/index.php\/wp-json\/wp\/v2\/posts\/6310","targetHints":{"allow":["GET"]}}],"collection":[{"href":"https:\/\/salmosbiblicos.com.br\/index.php\/wp-json\/wp\/v2\/posts"}],"about":[{"href":"https:\/\/salmosbiblicos.com.br\/index.php\/wp-json\/wp\/v2\/types\/post"}],"author":[{"embeddable":true,"href":"https:\/\/salmosbiblicos.com.br\/index.php\/wp-json\/wp\/v2\/users\/1"}],"replies":[{"embeddable":true,"href":"https:\/\/salmosbiblicos.com.br\/index.php\/wp-json\/wp\/v2\/comments?post=6310"}],"version-history":[{"count":1,"href":"https:\/\/salmosbiblicos.com.br\/index.php\/wp-json\/wp\/v2\/posts\/6310\/revisions"}],"predecessor-version":[{"id":6311,"href":"https:\/\/salmosbiblicos.com.br\/index.php\/wp-json\/wp\/v2\/posts\/6310\/revisions\/6311"}],"wp:attachment":[{"href":"https:\/\/salmosbiblicos.com.br\/index.php\/wp-json\/wp\/v2\/media?parent=6310"}],"wp:term":[{"taxonomy":"category","embeddable":true,"href":"https:\/\/salmosbiblicos.com.br\/index.php\/wp-json\/wp\/v2\/categories?post=6310"},{"taxonomy":"post_tag","embeddable":true,"href":"https:\/\/salmosbiblicos.com.br\/index.php\/wp-json\/wp\/v2\/tags?post=6310"}],"curies":[{"name":"wp","href":"https:\/\/api.w.org\/{rel}","templated":true}]}}