{"id":6312,"date":"2026-04-02T02:24:53","date_gmt":"2026-04-02T05:24:53","guid":{"rendered":"https:\/\/salmosbiblicos.com.br\/?p=6312"},"modified":"2026-04-02T02:24:53","modified_gmt":"2026-04-02T05:24:53","slug":"cura-e-gratidao-a-licao-do-unico-agradecido","status":"publish","type":"post","link":"https:\/\/salmosbiblicos.com.br\/index.php\/2026\/04\/02\/cura-e-gratidao-a-licao-do-unico-agradecido\/","title":{"rendered":"Cura e Gratid\u00e3o: A Li\u00e7\u00e3o do \u00danico Agradecido"},"content":{"rendered":"<p>## A Gra\u00e7a da Gratid\u00e3o: Um Cora\u00e7\u00e3o Voltado para o Doador<\/p>\n<p>Quantas vezes nos encontramos em situa\u00e7\u00f5es de necessidade, clamando por al\u00edvio e cura? Quantas vezes estendemos nossas m\u00e3os em busca de aux\u00edlio, suplicando por uma interven\u00e7\u00e3o divina? A hist\u00f3ria que nos \u00e9 apresentada nos convida a refletir sobre a natureza do nosso pedido e, sobretudo, sobre a resposta que recebemos.<\/p>\n<p>### O Milagre da Cura e a Aus\u00eancia do Agradecimento<\/p>\n<p>Imagine a cena: um grupo de homens, afligidos por uma doen\u00e7a que desfigura o corpo e a alma, aproximando-se de um Mestre em busca de compaix\u00e3o. A lepra, essa enfermidade que corr\u00f3i a beleza e a dignidade, os afastava da comunidade, os marginalizava.  Eis que, diante daquele que pode oferecer al\u00edvio, eles clamam: &#8220;Mestre, tenha compaix\u00e3o de n\u00f3s!&#8221;<\/p>\n<p>A resposta \u00e9 imediata. A gra\u00e7a se manifesta, a doen\u00e7a se retira, e a esperan\u00e7a renasce.  Dez vidas transformadas por um \u00fanico gesto de miseric\u00f3rdia.  Mas, de todos os agraciados, apenas um se volta para agradecer. Um \u00fanico cora\u00e7\u00e3o reconhece a fonte do dom recebido.<\/p>\n<p>### A Li\u00e7\u00e3o do Agradecido<\/p>\n<p>O Senhor, ao observar a cena, questiona: &#8220;N\u00e3o foram dez que foram curados, e onde est\u00e3o os outros nove?&#8221;.  N\u00e3o \u00e9 uma reclama\u00e7\u00e3o, mas um convite \u00e0 reflex\u00e3o. \u00c9 um espelho que nos revela a nossa pr\u00f3pria falta de gratid\u00e3o.  Quantas vezes recebemos b\u00ean\u00e7\u00e3os e as esquecemos? Quantas vezes somos t\u00e3o focados em nossas necessidades que nos tornamos insens\u00edveis \u00e0 fonte de todo o bem?<\/p>\n<p>Aquele homem, transbordando de alegria, prostrou-se aos p\u00e9s do Mestre, reconhecendo a divindade daquele que o havia curado.  N\u00e3o era apenas um agradecimento pela cura f\u00edsica, mas um reconhecimento da gra\u00e7a que o havia tocado profundamente.<\/p>\n<p>### A F\u00e9 que Nasce da Gratid\u00e3o<\/p>\n<p>Observemos o que o Senhor lhe disse: &#8220;Levanta-te e vai; tua f\u00e9 te salvou&#8221;.  N\u00e3o a f\u00e9 que move montanhas, mas a f\u00e9 que brota de um cora\u00e7\u00e3o agradecido, a f\u00e9 que reconhece a divindade e a generosidade do doador. A verdadeira f\u00e9 n\u00e3o \u00e9 apenas um pedido, mas um reconhecimento da bondade infinita.<\/p>\n<p>*   **Reconhe\u00e7a as b\u00ean\u00e7\u00e3os:** Observemos os dons que nos s\u00e3o concedidos diariamente.<br \/>*   **Cultive a gratid\u00e3o:** Dediquemos tempo para agradecer pela vida, pela sa\u00fade, pela fam\u00edlia e pelas oportunidades.<br \/>*   **Retorne \u00e0 fonte:**  Recordemos que tudo que temos vem do Senhor.<\/p>\n<p>### Um Cora\u00e7\u00e3o Voltado para o Doador<\/p>\n<p>Agradecer n\u00e3o \u00e9 apenas um ato de cortesia, mas uma demonstra\u00e7\u00e3o de f\u00e9 e reconhecimento.  \u00c9 voltar \u00e0 fonte de todo o bem, \u00e9 reconhecer que a nossa exist\u00eancia \u00e9 um presente divino.  <\/p>\n<p>Que possamos, a partir de hoje, cultivar um cora\u00e7\u00e3o grato, um cora\u00e7\u00e3o que reconhece a grandeza do Senhor e que, assim, possa ser verdadeiramente salvo.  Que a nossa f\u00e9 seja alimentada pela gratid\u00e3o e que a nossa vida seja um testemunho da gra\u00e7a que nos foi concedida.<\/p>\n","protected":false},"excerpt":{"rendered":"<p>## A Gra\u00e7a da Gratid\u00e3o: Um Cora\u00e7\u00e3o Voltado para o Doador Quantas vezes nos encontramos em situa\u00e7\u00f5es de necessidade, clamando por al\u00edvio e cura? Quantas vezes estendemos nossas m\u00e3os em busca de aux\u00edlio, suplicando por uma interven\u00e7\u00e3o divina? A hist\u00f3ria que nos \u00e9 apresentada nos convida a refletir sobre a natureza do nosso pedido e, [&hellip;]<\/p>\n","protected":false},"author":1,"featured_media":0,"comment_status":"closed","ping_status":"open","sticky":false,"template":"","format":"standard","meta":{"footnotes":""},"categories":[14],"tags":[],"class_list":["post-6312","post","type-post","status-publish","format-standard","hentry","category-reflexao"],"yoast_head":"<!-- This site is optimized with the Yoast SEO plugin v27.2 - https:\/\/yoast.com\/product\/yoast-seo-wordpress\/ -->\n<title>Cura e Gratid\u00e3o: A Li\u00e7\u00e3o do \u00danico Agradecido - Salmos B\u00edblicos<\/title>\n<meta name=\"robots\" content=\"index, follow, max-snippet:-1, max-image-preview:large, max-video-preview:-1\" \/>\n<link rel=\"canonical\" href=\"https:\/\/salmosbiblicos.com.br\/index.php\/2026\/04\/02\/cura-e-gratidao-a-licao-do-unico-agradecido\/\" \/>\n<meta property=\"og:locale\" content=\"pt_BR\" \/>\n<meta property=\"og:type\" content=\"article\" \/>\n<meta property=\"og:title\" content=\"Cura e Gratid\u00e3o: A Li\u00e7\u00e3o do \u00danico Agradecido - Salmos B\u00edblicos\" \/>\n<meta property=\"og:description\" content=\"## A Gra\u00e7a da Gratid\u00e3o: Um Cora\u00e7\u00e3o Voltado para o Doador Quantas vezes nos encontramos em situa\u00e7\u00f5es de necessidade, clamando por al\u00edvio e cura? Quantas vezes estendemos nossas m\u00e3os em busca de aux\u00edlio, suplicando por uma interven\u00e7\u00e3o divina? A hist\u00f3ria que nos \u00e9 apresentada nos convida a refletir sobre a natureza do nosso pedido e, [&hellip;]\" \/>\n<meta property=\"og:url\" content=\"https:\/\/salmosbiblicos.com.br\/index.php\/2026\/04\/02\/cura-e-gratidao-a-licao-do-unico-agradecido\/\" \/>\n<meta property=\"og:site_name\" content=\"Salmos B\u00edblicos\" \/>\n<meta property=\"article:published_time\" content=\"2026-04-02T05:24:53+00:00\" \/>\n<meta name=\"author\" content=\"alextreh@gmail.com\" \/>\n<meta name=\"twitter:card\" content=\"summary_large_image\" \/>\n<meta name=\"twitter:label1\" content=\"Escrito por\" \/>\n\t<meta name=\"twitter:data1\" content=\"alextreh@gmail.com\" \/>\n\t<meta name=\"twitter:label2\" content=\"Est. tempo de leitura\" \/>\n\t<meta name=\"twitter:data2\" content=\"2 minutos\" \/>\n<script type=\"application\/ld+json\" class=\"yoast-schema-graph\">{\"@context\":\"https:\/\/schema.org\",\"@graph\":[{\"@type\":\"Article\",\"@id\":\"https:\/\/salmosbiblicos.com.br\/index.php\/2026\/04\/02\/cura-e-gratidao-a-licao-do-unico-agradecido\/#article\",\"isPartOf\":{\"@id\":\"https:\/\/salmosbiblicos.com.br\/index.php\/2026\/04\/02\/cura-e-gratidao-a-licao-do-unico-agradecido\/\"},\"author\":{\"name\":\"alextreh@gmail.com\",\"@id\":\"https:\/\/salmosbiblicos.com.br\/#\/schema\/person\/30586d0fb3f3a46b78a3414fc39cc975\"},\"headline\":\"Cura e Gratid\u00e3o: A Li\u00e7\u00e3o do \u00danico Agradecido\",\"datePublished\":\"2026-04-02T05:24:53+00:00\",\"mainEntityOfPage\":{\"@id\":\"https:\/\/salmosbiblicos.com.br\/index.php\/2026\/04\/02\/cura-e-gratidao-a-licao-do-unico-agradecido\/\"},\"wordCount\":514,\"articleSection\":[\"Reflex\u00e3o\"],\"inLanguage\":\"pt-BR\"},{\"@type\":\"WebPage\",\"@id\":\"https:\/\/salmosbiblicos.com.br\/index.php\/2026\/04\/02\/cura-e-gratidao-a-licao-do-unico-agradecido\/\",\"url\":\"https:\/\/salmosbiblicos.com.br\/index.php\/2026\/04\/02\/cura-e-gratidao-a-licao-do-unico-agradecido\/\",\"name\":\"Cura e Gratid\u00e3o: A Li\u00e7\u00e3o do \u00danico Agradecido - Salmos B\u00edblicos\",\"isPartOf\":{\"@id\":\"https:\/\/salmosbiblicos.com.br\/#website\"},\"datePublished\":\"2026-04-02T05:24:53+00:00\",\"author\":{\"@id\":\"https:\/\/salmosbiblicos.com.br\/#\/schema\/person\/30586d0fb3f3a46b78a3414fc39cc975\"},\"breadcrumb\":{\"@id\":\"https:\/\/salmosbiblicos.com.br\/index.php\/2026\/04\/02\/cura-e-gratidao-a-licao-do-unico-agradecido\/#breadcrumb\"},\"inLanguage\":\"pt-BR\",\"potentialAction\":[{\"@type\":\"ReadAction\",\"target\":[\"https:\/\/salmosbiblicos.com.br\/index.php\/2026\/04\/02\/cura-e-gratidao-a-licao-do-unico-agradecido\/\"]}]},{\"@type\":\"BreadcrumbList\",\"@id\":\"https:\/\/salmosbiblicos.com.br\/index.php\/2026\/04\/02\/cura-e-gratidao-a-licao-do-unico-agradecido\/#breadcrumb\",\"itemListElement\":[{\"@type\":\"ListItem\",\"position\":1,\"name\":\"Home\",\"item\":\"https:\/\/salmosbiblicos.com.br\/\"},{\"@type\":\"ListItem\",\"position\":2,\"name\":\"Cura e Gratid\u00e3o: A Li\u00e7\u00e3o do \u00danico Agradecido\"}]},{\"@type\":\"WebSite\",\"@id\":\"https:\/\/salmosbiblicos.com.br\/#website\",\"url\":\"https:\/\/salmosbiblicos.com.br\/\",\"name\":\"Salmos B\u00edblicos\",\"description\":\"Uma e-Livraria com e-Books novos para voc\u00ea refletir.\",\"potentialAction\":[{\"@type\":\"SearchAction\",\"target\":{\"@type\":\"EntryPoint\",\"urlTemplate\":\"https:\/\/salmosbiblicos.com.br\/?s={search_term_string}\"},\"query-input\":{\"@type\":\"PropertyValueSpecification\",\"valueRequired\":true,\"valueName\":\"search_term_string\"}}],\"inLanguage\":\"pt-BR\"},{\"@type\":\"Person\",\"@id\":\"https:\/\/salmosbiblicos.com.br\/#\/schema\/person\/30586d0fb3f3a46b78a3414fc39cc975\",\"name\":\"alextreh@gmail.com\",\"image\":{\"@type\":\"ImageObject\",\"inLanguage\":\"pt-BR\",\"@id\":\"https:\/\/secure.gravatar.com\/avatar\/7cf84d31f581ec97b887c1039d478a7c293086896c84951a86753fb2c2af7527?s=96&d=mm&r=g\",\"url\":\"https:\/\/secure.gravatar.com\/avatar\/7cf84d31f581ec97b887c1039d478a7c293086896c84951a86753fb2c2af7527?s=96&d=mm&r=g\",\"contentUrl\":\"https:\/\/secure.gravatar.com\/avatar\/7cf84d31f581ec97b887c1039d478a7c293086896c84951a86753fb2c2af7527?s=96&d=mm&r=g\",\"caption\":\"alextreh@gmail.com\"},\"sameAs\":[\"http:\/\/salmosbiblicos.com.br\"],\"url\":\"https:\/\/salmosbiblicos.com.br\/index.php\/author\/alextrehgmail-com\/\"}]}<\/script>\n<!-- \/ Yoast SEO plugin. -->","yoast_head_json":{"title":"Cura e Gratid\u00e3o: A Li\u00e7\u00e3o do \u00danico Agradecido - Salmos B\u00edblicos","robots":{"index":"index","follow":"follow","max-snippet":"max-snippet:-1","max-image-preview":"max-image-preview:large","max-video-preview":"max-video-preview:-1"},"canonical":"https:\/\/salmosbiblicos.com.br\/index.php\/2026\/04\/02\/cura-e-gratidao-a-licao-do-unico-agradecido\/","og_locale":"pt_BR","og_type":"article","og_title":"Cura e Gratid\u00e3o: A Li\u00e7\u00e3o do \u00danico Agradecido - Salmos B\u00edblicos","og_description":"## A Gra\u00e7a da Gratid\u00e3o: Um Cora\u00e7\u00e3o Voltado para o Doador Quantas vezes nos encontramos em situa\u00e7\u00f5es de necessidade, clamando por al\u00edvio e cura? Quantas vezes estendemos nossas m\u00e3os em busca de aux\u00edlio, suplicando por uma interven\u00e7\u00e3o divina? A hist\u00f3ria que nos \u00e9 apresentada nos convida a refletir sobre a natureza do nosso pedido e, [&hellip;]","og_url":"https:\/\/salmosbiblicos.com.br\/index.php\/2026\/04\/02\/cura-e-gratidao-a-licao-do-unico-agradecido\/","og_site_name":"Salmos B\u00edblicos","article_published_time":"2026-04-02T05:24:53+00:00","author":"alextreh@gmail.com","twitter_card":"summary_large_image","twitter_misc":{"Escrito por":"alextreh@gmail.com","Est. tempo de leitura":"2 minutos"},"schema":{"@context":"https:\/\/schema.org","@graph":[{"@type":"Article","@id":"https:\/\/salmosbiblicos.com.br\/index.php\/2026\/04\/02\/cura-e-gratidao-a-licao-do-unico-agradecido\/#article","isPartOf":{"@id":"https:\/\/salmosbiblicos.com.br\/index.php\/2026\/04\/02\/cura-e-gratidao-a-licao-do-unico-agradecido\/"},"author":{"name":"alextreh@gmail.com","@id":"https:\/\/salmosbiblicos.com.br\/#\/schema\/person\/30586d0fb3f3a46b78a3414fc39cc975"},"headline":"Cura e Gratid\u00e3o: A Li\u00e7\u00e3o do \u00danico Agradecido","datePublished":"2026-04-02T05:24:53+00:00","mainEntityOfPage":{"@id":"https:\/\/salmosbiblicos.com.br\/index.php\/2026\/04\/02\/cura-e-gratidao-a-licao-do-unico-agradecido\/"},"wordCount":514,"articleSection":["Reflex\u00e3o"],"inLanguage":"pt-BR"},{"@type":"WebPage","@id":"https:\/\/salmosbiblicos.com.br\/index.php\/2026\/04\/02\/cura-e-gratidao-a-licao-do-unico-agradecido\/","url":"https:\/\/salmosbiblicos.com.br\/index.php\/2026\/04\/02\/cura-e-gratidao-a-licao-do-unico-agradecido\/","name":"Cura e Gratid\u00e3o: A Li\u00e7\u00e3o do \u00danico Agradecido - Salmos B\u00edblicos","isPartOf":{"@id":"https:\/\/salmosbiblicos.com.br\/#website"},"datePublished":"2026-04-02T05:24:53+00:00","author":{"@id":"https:\/\/salmosbiblicos.com.br\/#\/schema\/person\/30586d0fb3f3a46b78a3414fc39cc975"},"breadcrumb":{"@id":"https:\/\/salmosbiblicos.com.br\/index.php\/2026\/04\/02\/cura-e-gratidao-a-licao-do-unico-agradecido\/#breadcrumb"},"inLanguage":"pt-BR","potentialAction":[{"@type":"ReadAction","target":["https:\/\/salmosbiblicos.com.br\/index.php\/2026\/04\/02\/cura-e-gratidao-a-licao-do-unico-agradecido\/"]}]},{"@type":"BreadcrumbList","@id":"https:\/\/salmosbiblicos.com.br\/index.php\/2026\/04\/02\/cura-e-gratidao-a-licao-do-unico-agradecido\/#breadcrumb","itemListElement":[{"@type":"ListItem","position":1,"name":"Home","item":"https:\/\/salmosbiblicos.com.br\/"},{"@type":"ListItem","position":2,"name":"Cura e Gratid\u00e3o: A Li\u00e7\u00e3o do \u00danico Agradecido"}]},{"@type":"WebSite","@id":"https:\/\/salmosbiblicos.com.br\/#website","url":"https:\/\/salmosbiblicos.com.br\/","name":"Salmos B\u00edblicos","description":"Uma e-Livraria com e-Books novos para voc\u00ea refletir.","potentialAction":[{"@type":"SearchAction","target":{"@type":"EntryPoint","urlTemplate":"https:\/\/salmosbiblicos.com.br\/?s={search_term_string}"},"query-input":{"@type":"PropertyValueSpecification","valueRequired":true,"valueName":"search_term_string"}}],"inLanguage":"pt-BR"},{"@type":"Person","@id":"https:\/\/salmosbiblicos.com.br\/#\/schema\/person\/30586d0fb3f3a46b78a3414fc39cc975","name":"alextreh@gmail.com","image":{"@type":"ImageObject","inLanguage":"pt-BR","@id":"https:\/\/secure.gravatar.com\/avatar\/7cf84d31f581ec97b887c1039d478a7c293086896c84951a86753fb2c2af7527?s=96&d=mm&r=g","url":"https:\/\/secure.gravatar.com\/avatar\/7cf84d31f581ec97b887c1039d478a7c293086896c84951a86753fb2c2af7527?s=96&d=mm&r=g","contentUrl":"https:\/\/secure.gravatar.com\/avatar\/7cf84d31f581ec97b887c1039d478a7c293086896c84951a86753fb2c2af7527?s=96&d=mm&r=g","caption":"alextreh@gmail.com"},"sameAs":["http:\/\/salmosbiblicos.com.br"],"url":"https:\/\/salmosbiblicos.com.br\/index.php\/author\/alextrehgmail-com\/"}]}},"_links":{"self":[{"href":"https:\/\/salmosbiblicos.com.br\/index.php\/wp-json\/wp\/v2\/posts\/6312","targetHints":{"allow":["GET"]}}],"collection":[{"href":"https:\/\/salmosbiblicos.com.br\/index.php\/wp-json\/wp\/v2\/posts"}],"about":[{"href":"https:\/\/salmosbiblicos.com.br\/index.php\/wp-json\/wp\/v2\/types\/post"}],"author":[{"embeddable":true,"href":"https:\/\/salmosbiblicos.com.br\/index.php\/wp-json\/wp\/v2\/users\/1"}],"replies":[{"embeddable":true,"href":"https:\/\/salmosbiblicos.com.br\/index.php\/wp-json\/wp\/v2\/comments?post=6312"}],"version-history":[{"count":1,"href":"https:\/\/salmosbiblicos.com.br\/index.php\/wp-json\/wp\/v2\/posts\/6312\/revisions"}],"predecessor-version":[{"id":6313,"href":"https:\/\/salmosbiblicos.com.br\/index.php\/wp-json\/wp\/v2\/posts\/6312\/revisions\/6313"}],"wp:attachment":[{"href":"https:\/\/salmosbiblicos.com.br\/index.php\/wp-json\/wp\/v2\/media?parent=6312"}],"wp:term":[{"taxonomy":"category","embeddable":true,"href":"https:\/\/salmosbiblicos.com.br\/index.php\/wp-json\/wp\/v2\/categories?post=6312"},{"taxonomy":"post_tag","embeddable":true,"href":"https:\/\/salmosbiblicos.com.br\/index.php\/wp-json\/wp\/v2\/tags?post=6312"}],"curies":[{"name":"wp","href":"https:\/\/api.w.org\/{rel}","templated":true}]}}