{"id":6322,"date":"2026-04-02T03:00:19","date_gmt":"2026-04-02T06:00:19","guid":{"rendered":"https:\/\/salmosbiblicos.com.br\/?p=6322"},"modified":"2026-04-02T03:00:19","modified_gmt":"2026-04-02T06:00:19","slug":"missao-e-fe-reacendendo-a-chama-da-graca-divina","status":"publish","type":"post","link":"https:\/\/salmosbiblicos.com.br\/index.php\/2026\/04\/02\/missao-e-fe-reacendendo-a-chama-da-graca-divina\/","title":{"rendered":"Miss\u00e3o e F\u00e9: Reacendendo a Chama da Gra\u00e7a Divina"},"content":{"rendered":"<p>## A Chama da F\u00e9: Uma Miss\u00e3o para Todos<\/p>\n<p>Em cada cora\u00e7\u00e3o, reside uma sede, um anseio por compreens\u00e3o e por um prop\u00f3sito maior. Que bom podermos refletir juntos sobre a mensagem que ressoa atrav\u00e9s dos s\u00e9culos, uma mensagem que nos convida a reacender a chama da f\u00e9 que arde em n\u00f3s.<\/p>\n<p>### A Gra\u00e7a Revelada<\/p>\n<p>O ap\u00f3stolo Paulo, em sua profunda sabedoria, nos revela um caminho, um chamado para compartilhar a luz do Evangelho. Ele expressa a convic\u00e7\u00e3o de que aqueles ao seu redor demonstram bondade e discernimento. Contudo, ele sabia que, por vezes, era necess\u00e1rio reavivar a mem\u00f3ria, despertar a consci\u00eancia adormecida.<\/p>\n<p>Ele foi designado para ser um instrumento nas m\u00e3os do Senhor, um mensageiro para aqueles que nunca haviam ouvido a Boa Nova. **Sua miss\u00e3o era levar a Palavra aos cora\u00e7\u00f5es que viviam na escurid\u00e3o da ignor\u00e2ncia espiritual.** Essa \u00e9 a ess\u00eancia da gra\u00e7a: sermos chamados a iluminar o caminho para os outros.<\/p>\n<p>### O Testemunho Pessoal: A Base da Proclama\u00e7\u00e3o<\/p>\n<p>Como ent\u00e3o se deve pregar a palavra? O ap\u00f3stolo nos oferece uma li\u00e7\u00e3o fundamental: **a prega\u00e7\u00e3o genu\u00edna nasce do testemunho pessoal.** N\u00e3o podemos falar do que n\u00e3o vivenciamos. A transforma\u00e7\u00e3o que experimentamos em nossa pr\u00f3pria jornada deve ser a for\u00e7a motriz da nossa proclama\u00e7\u00e3o.<\/p>\n<p>Se o Evangelho n\u00e3o tocou a nossa vida, como poderemos transmiti-lo a outrem? \u00c9 como tentar acender uma lamparina sem \u00f3leo. Precisamos primeiro ser tocados pela gra\u00e7a, antes de podermos compartilh\u00e1-la com os outros.<\/p>\n<p>### Palavra e A\u00e7\u00e3o: Uma Vida em Harmonia<\/p>\n<p>Paulo n\u00e3o pregava apenas com palavras, mas tamb\u00e9m com suas a\u00e7\u00f5es. **A prega\u00e7\u00e3o aut\u00eantica \u00e9 uma sinfonia de palavra e exemplo.** Devemos ser a encarna\u00e7\u00e3o da mensagem que proclamamos. Se pregamos sobre o amor, precisamos amar. Se pregamos sobre a justi\u00e7a, precisamos agir com justi\u00e7a.<\/p>\n<p>A contradi\u00e7\u00e3o entre o que dizemos e o que fazemos enfraquece a mensagem, descredibiliza a nossa voz e impede o cora\u00e7\u00e3o de se abrir \u00e0 verdade.<\/p>\n<p>### Sinais e Prod\u00edgios: A Presen\u00e7a do Divino<\/p>\n<p>A prega\u00e7\u00e3o do Evangelho, segundo Paulo, \u00e9 acompanhada por sinais e prod\u00edgios. Acreditemos, a presen\u00e7a do Senhor n\u00e3o se limita \u00e0s p\u00e1ginas sagradas; ela se manifesta em nossas vidas, em nossas experi\u00eancias, em milagres que desafiam a raz\u00e3o. **\u00c9 a confirma\u00e7\u00e3o de que o poder de Deus ainda age em nosso meio.**<\/p>\n<p>Cada ato de cura, cada liberta\u00e7\u00e3o, cada transforma\u00e7\u00e3o \u00e9 um testemunho da gra\u00e7a divina, um sinal da esperan\u00e7a que reside no Evangelho.<\/p>\n<p>### O Esp\u00edrito Santo: A Fonte da Unidade<\/p>\n<p>Finalmente, Paulo enfatiza a import\u00e2ncia do Esp\u00edrito Santo na prega\u00e7\u00e3o. Sem a Sua presen\u00e7a, nossas palavras s\u00e3o vazias, nosso testemunho \u00e9 ineficaz. **\u00c9 o Esp\u00edrito Santo que nos capacita a proclamar a verdade com poder e convic\u00e7\u00e3o.**<\/p>\n<p>Que possamos nos abrir \u00e0 Sua gra\u00e7a, que nos inspire e nos guie, para que possamos ser instrumentos de luz e esperan\u00e7a em um mundo sedento de amor e salva\u00e7\u00e3o. Que a chama da f\u00e9 arda intensamente em n\u00f3s, para que possamos compartilhar a alegria do Evangelho com todos aqueles que cruzam o nosso caminho.<\/p>\n","protected":false},"excerpt":{"rendered":"<p>## A Chama da F\u00e9: Uma Miss\u00e3o para Todos Em cada cora\u00e7\u00e3o, reside uma sede, um anseio por compreens\u00e3o e por um prop\u00f3sito maior. Que bom podermos refletir juntos sobre a mensagem que ressoa atrav\u00e9s dos s\u00e9culos, uma mensagem que nos convida a reacender a chama da f\u00e9 que arde em n\u00f3s. ### A Gra\u00e7a [&hellip;]<\/p>\n","protected":false},"author":1,"featured_media":0,"comment_status":"closed","ping_status":"open","sticky":false,"template":"","format":"standard","meta":{"footnotes":""},"categories":[14],"tags":[],"class_list":["post-6322","post","type-post","status-publish","format-standard","hentry","category-reflexao"],"yoast_head":"<!-- This site is optimized with the Yoast SEO plugin v27.2 - https:\/\/yoast.com\/product\/yoast-seo-wordpress\/ -->\n<title>Miss\u00e3o e F\u00e9: Reacendendo a Chama da Gra\u00e7a Divina - Salmos B\u00edblicos<\/title>\n<meta name=\"robots\" content=\"index, follow, max-snippet:-1, max-image-preview:large, max-video-preview:-1\" \/>\n<link rel=\"canonical\" href=\"https:\/\/salmosbiblicos.com.br\/index.php\/2026\/04\/02\/missao-e-fe-reacendendo-a-chama-da-graca-divina\/\" \/>\n<meta property=\"og:locale\" content=\"pt_BR\" \/>\n<meta property=\"og:type\" content=\"article\" \/>\n<meta property=\"og:title\" content=\"Miss\u00e3o e F\u00e9: Reacendendo a Chama da Gra\u00e7a Divina - Salmos B\u00edblicos\" \/>\n<meta property=\"og:description\" content=\"## A Chama da F\u00e9: Uma Miss\u00e3o para Todos Em cada cora\u00e7\u00e3o, reside uma sede, um anseio por compreens\u00e3o e por um prop\u00f3sito maior. Que bom podermos refletir juntos sobre a mensagem que ressoa atrav\u00e9s dos s\u00e9culos, uma mensagem que nos convida a reacender a chama da f\u00e9 que arde em n\u00f3s. ### A Gra\u00e7a [&hellip;]\" \/>\n<meta property=\"og:url\" content=\"https:\/\/salmosbiblicos.com.br\/index.php\/2026\/04\/02\/missao-e-fe-reacendendo-a-chama-da-graca-divina\/\" \/>\n<meta property=\"og:site_name\" content=\"Salmos B\u00edblicos\" \/>\n<meta property=\"article:published_time\" content=\"2026-04-02T06:00:19+00:00\" \/>\n<meta name=\"author\" content=\"alextreh@gmail.com\" \/>\n<meta name=\"twitter:card\" content=\"summary_large_image\" \/>\n<meta name=\"twitter:label1\" content=\"Escrito por\" \/>\n\t<meta name=\"twitter:data1\" content=\"alextreh@gmail.com\" \/>\n\t<meta name=\"twitter:label2\" content=\"Est. tempo de leitura\" \/>\n\t<meta name=\"twitter:data2\" content=\"3 minutos\" \/>\n<script type=\"application\/ld+json\" class=\"yoast-schema-graph\">{\"@context\":\"https:\/\/schema.org\",\"@graph\":[{\"@type\":\"Article\",\"@id\":\"https:\/\/salmosbiblicos.com.br\/index.php\/2026\/04\/02\/missao-e-fe-reacendendo-a-chama-da-graca-divina\/#article\",\"isPartOf\":{\"@id\":\"https:\/\/salmosbiblicos.com.br\/index.php\/2026\/04\/02\/missao-e-fe-reacendendo-a-chama-da-graca-divina\/\"},\"author\":{\"name\":\"alextreh@gmail.com\",\"@id\":\"https:\/\/salmosbiblicos.com.br\/#\/schema\/person\/30586d0fb3f3a46b78a3414fc39cc975\"},\"headline\":\"Miss\u00e3o e F\u00e9: Reacendendo a Chama da Gra\u00e7a Divina\",\"datePublished\":\"2026-04-02T06:00:19+00:00\",\"mainEntityOfPage\":{\"@id\":\"https:\/\/salmosbiblicos.com.br\/index.php\/2026\/04\/02\/missao-e-fe-reacendendo-a-chama-da-graca-divina\/\"},\"wordCount\":570,\"articleSection\":[\"Reflex\u00e3o\"],\"inLanguage\":\"pt-BR\"},{\"@type\":\"WebPage\",\"@id\":\"https:\/\/salmosbiblicos.com.br\/index.php\/2026\/04\/02\/missao-e-fe-reacendendo-a-chama-da-graca-divina\/\",\"url\":\"https:\/\/salmosbiblicos.com.br\/index.php\/2026\/04\/02\/missao-e-fe-reacendendo-a-chama-da-graca-divina\/\",\"name\":\"Miss\u00e3o e F\u00e9: Reacendendo a Chama da Gra\u00e7a Divina - Salmos B\u00edblicos\",\"isPartOf\":{\"@id\":\"https:\/\/salmosbiblicos.com.br\/#website\"},\"datePublished\":\"2026-04-02T06:00:19+00:00\",\"author\":{\"@id\":\"https:\/\/salmosbiblicos.com.br\/#\/schema\/person\/30586d0fb3f3a46b78a3414fc39cc975\"},\"breadcrumb\":{\"@id\":\"https:\/\/salmosbiblicos.com.br\/index.php\/2026\/04\/02\/missao-e-fe-reacendendo-a-chama-da-graca-divina\/#breadcrumb\"},\"inLanguage\":\"pt-BR\",\"potentialAction\":[{\"@type\":\"ReadAction\",\"target\":[\"https:\/\/salmosbiblicos.com.br\/index.php\/2026\/04\/02\/missao-e-fe-reacendendo-a-chama-da-graca-divina\/\"]}]},{\"@type\":\"BreadcrumbList\",\"@id\":\"https:\/\/salmosbiblicos.com.br\/index.php\/2026\/04\/02\/missao-e-fe-reacendendo-a-chama-da-graca-divina\/#breadcrumb\",\"itemListElement\":[{\"@type\":\"ListItem\",\"position\":1,\"name\":\"Home\",\"item\":\"https:\/\/salmosbiblicos.com.br\/\"},{\"@type\":\"ListItem\",\"position\":2,\"name\":\"Miss\u00e3o e F\u00e9: Reacendendo a Chama da Gra\u00e7a Divina\"}]},{\"@type\":\"WebSite\",\"@id\":\"https:\/\/salmosbiblicos.com.br\/#website\",\"url\":\"https:\/\/salmosbiblicos.com.br\/\",\"name\":\"Salmos B\u00edblicos\",\"description\":\"Uma e-Livraria com e-Books novos para voc\u00ea refletir.\",\"potentialAction\":[{\"@type\":\"SearchAction\",\"target\":{\"@type\":\"EntryPoint\",\"urlTemplate\":\"https:\/\/salmosbiblicos.com.br\/?s={search_term_string}\"},\"query-input\":{\"@type\":\"PropertyValueSpecification\",\"valueRequired\":true,\"valueName\":\"search_term_string\"}}],\"inLanguage\":\"pt-BR\"},{\"@type\":\"Person\",\"@id\":\"https:\/\/salmosbiblicos.com.br\/#\/schema\/person\/30586d0fb3f3a46b78a3414fc39cc975\",\"name\":\"alextreh@gmail.com\",\"image\":{\"@type\":\"ImageObject\",\"inLanguage\":\"pt-BR\",\"@id\":\"https:\/\/secure.gravatar.com\/avatar\/7cf84d31f581ec97b887c1039d478a7c293086896c84951a86753fb2c2af7527?s=96&d=mm&r=g\",\"url\":\"https:\/\/secure.gravatar.com\/avatar\/7cf84d31f581ec97b887c1039d478a7c293086896c84951a86753fb2c2af7527?s=96&d=mm&r=g\",\"contentUrl\":\"https:\/\/secure.gravatar.com\/avatar\/7cf84d31f581ec97b887c1039d478a7c293086896c84951a86753fb2c2af7527?s=96&d=mm&r=g\",\"caption\":\"alextreh@gmail.com\"},\"sameAs\":[\"http:\/\/salmosbiblicos.com.br\"],\"url\":\"https:\/\/salmosbiblicos.com.br\/index.php\/author\/alextrehgmail-com\/\"}]}<\/script>\n<!-- \/ Yoast SEO plugin. -->","yoast_head_json":{"title":"Miss\u00e3o e F\u00e9: Reacendendo a Chama da Gra\u00e7a Divina - Salmos B\u00edblicos","robots":{"index":"index","follow":"follow","max-snippet":"max-snippet:-1","max-image-preview":"max-image-preview:large","max-video-preview":"max-video-preview:-1"},"canonical":"https:\/\/salmosbiblicos.com.br\/index.php\/2026\/04\/02\/missao-e-fe-reacendendo-a-chama-da-graca-divina\/","og_locale":"pt_BR","og_type":"article","og_title":"Miss\u00e3o e F\u00e9: Reacendendo a Chama da Gra\u00e7a Divina - Salmos B\u00edblicos","og_description":"## A Chama da F\u00e9: Uma Miss\u00e3o para Todos Em cada cora\u00e7\u00e3o, reside uma sede, um anseio por compreens\u00e3o e por um prop\u00f3sito maior. Que bom podermos refletir juntos sobre a mensagem que ressoa atrav\u00e9s dos s\u00e9culos, uma mensagem que nos convida a reacender a chama da f\u00e9 que arde em n\u00f3s. ### A Gra\u00e7a [&hellip;]","og_url":"https:\/\/salmosbiblicos.com.br\/index.php\/2026\/04\/02\/missao-e-fe-reacendendo-a-chama-da-graca-divina\/","og_site_name":"Salmos B\u00edblicos","article_published_time":"2026-04-02T06:00:19+00:00","author":"alextreh@gmail.com","twitter_card":"summary_large_image","twitter_misc":{"Escrito por":"alextreh@gmail.com","Est. tempo de leitura":"3 minutos"},"schema":{"@context":"https:\/\/schema.org","@graph":[{"@type":"Article","@id":"https:\/\/salmosbiblicos.com.br\/index.php\/2026\/04\/02\/missao-e-fe-reacendendo-a-chama-da-graca-divina\/#article","isPartOf":{"@id":"https:\/\/salmosbiblicos.com.br\/index.php\/2026\/04\/02\/missao-e-fe-reacendendo-a-chama-da-graca-divina\/"},"author":{"name":"alextreh@gmail.com","@id":"https:\/\/salmosbiblicos.com.br\/#\/schema\/person\/30586d0fb3f3a46b78a3414fc39cc975"},"headline":"Miss\u00e3o e F\u00e9: Reacendendo a Chama da Gra\u00e7a Divina","datePublished":"2026-04-02T06:00:19+00:00","mainEntityOfPage":{"@id":"https:\/\/salmosbiblicos.com.br\/index.php\/2026\/04\/02\/missao-e-fe-reacendendo-a-chama-da-graca-divina\/"},"wordCount":570,"articleSection":["Reflex\u00e3o"],"inLanguage":"pt-BR"},{"@type":"WebPage","@id":"https:\/\/salmosbiblicos.com.br\/index.php\/2026\/04\/02\/missao-e-fe-reacendendo-a-chama-da-graca-divina\/","url":"https:\/\/salmosbiblicos.com.br\/index.php\/2026\/04\/02\/missao-e-fe-reacendendo-a-chama-da-graca-divina\/","name":"Miss\u00e3o e F\u00e9: Reacendendo a Chama da Gra\u00e7a Divina - Salmos B\u00edblicos","isPartOf":{"@id":"https:\/\/salmosbiblicos.com.br\/#website"},"datePublished":"2026-04-02T06:00:19+00:00","author":{"@id":"https:\/\/salmosbiblicos.com.br\/#\/schema\/person\/30586d0fb3f3a46b78a3414fc39cc975"},"breadcrumb":{"@id":"https:\/\/salmosbiblicos.com.br\/index.php\/2026\/04\/02\/missao-e-fe-reacendendo-a-chama-da-graca-divina\/#breadcrumb"},"inLanguage":"pt-BR","potentialAction":[{"@type":"ReadAction","target":["https:\/\/salmosbiblicos.com.br\/index.php\/2026\/04\/02\/missao-e-fe-reacendendo-a-chama-da-graca-divina\/"]}]},{"@type":"BreadcrumbList","@id":"https:\/\/salmosbiblicos.com.br\/index.php\/2026\/04\/02\/missao-e-fe-reacendendo-a-chama-da-graca-divina\/#breadcrumb","itemListElement":[{"@type":"ListItem","position":1,"name":"Home","item":"https:\/\/salmosbiblicos.com.br\/"},{"@type":"ListItem","position":2,"name":"Miss\u00e3o e F\u00e9: Reacendendo a Chama da Gra\u00e7a Divina"}]},{"@type":"WebSite","@id":"https:\/\/salmosbiblicos.com.br\/#website","url":"https:\/\/salmosbiblicos.com.br\/","name":"Salmos B\u00edblicos","description":"Uma e-Livraria com e-Books novos para voc\u00ea refletir.","potentialAction":[{"@type":"SearchAction","target":{"@type":"EntryPoint","urlTemplate":"https:\/\/salmosbiblicos.com.br\/?s={search_term_string}"},"query-input":{"@type":"PropertyValueSpecification","valueRequired":true,"valueName":"search_term_string"}}],"inLanguage":"pt-BR"},{"@type":"Person","@id":"https:\/\/salmosbiblicos.com.br\/#\/schema\/person\/30586d0fb3f3a46b78a3414fc39cc975","name":"alextreh@gmail.com","image":{"@type":"ImageObject","inLanguage":"pt-BR","@id":"https:\/\/secure.gravatar.com\/avatar\/7cf84d31f581ec97b887c1039d478a7c293086896c84951a86753fb2c2af7527?s=96&d=mm&r=g","url":"https:\/\/secure.gravatar.com\/avatar\/7cf84d31f581ec97b887c1039d478a7c293086896c84951a86753fb2c2af7527?s=96&d=mm&r=g","contentUrl":"https:\/\/secure.gravatar.com\/avatar\/7cf84d31f581ec97b887c1039d478a7c293086896c84951a86753fb2c2af7527?s=96&d=mm&r=g","caption":"alextreh@gmail.com"},"sameAs":["http:\/\/salmosbiblicos.com.br"],"url":"https:\/\/salmosbiblicos.com.br\/index.php\/author\/alextrehgmail-com\/"}]}},"_links":{"self":[{"href":"https:\/\/salmosbiblicos.com.br\/index.php\/wp-json\/wp\/v2\/posts\/6322","targetHints":{"allow":["GET"]}}],"collection":[{"href":"https:\/\/salmosbiblicos.com.br\/index.php\/wp-json\/wp\/v2\/posts"}],"about":[{"href":"https:\/\/salmosbiblicos.com.br\/index.php\/wp-json\/wp\/v2\/types\/post"}],"author":[{"embeddable":true,"href":"https:\/\/salmosbiblicos.com.br\/index.php\/wp-json\/wp\/v2\/users\/1"}],"replies":[{"embeddable":true,"href":"https:\/\/salmosbiblicos.com.br\/index.php\/wp-json\/wp\/v2\/comments?post=6322"}],"version-history":[{"count":1,"href":"https:\/\/salmosbiblicos.com.br\/index.php\/wp-json\/wp\/v2\/posts\/6322\/revisions"}],"predecessor-version":[{"id":6323,"href":"https:\/\/salmosbiblicos.com.br\/index.php\/wp-json\/wp\/v2\/posts\/6322\/revisions\/6323"}],"wp:attachment":[{"href":"https:\/\/salmosbiblicos.com.br\/index.php\/wp-json\/wp\/v2\/media?parent=6322"}],"wp:term":[{"taxonomy":"category","embeddable":true,"href":"https:\/\/salmosbiblicos.com.br\/index.php\/wp-json\/wp\/v2\/categories?post=6322"},{"taxonomy":"post_tag","embeddable":true,"href":"https:\/\/salmosbiblicos.com.br\/index.php\/wp-json\/wp\/v2\/tags?post=6322"}],"curies":[{"name":"wp","href":"https:\/\/api.w.org\/{rel}","templated":true}]}}