{"id":6338,"date":"2026-04-02T04:22:17","date_gmt":"2026-04-02T07:22:17","guid":{"rendered":"https:\/\/salmosbiblicos.com.br\/?p=6338"},"modified":"2026-04-02T04:22:17","modified_gmt":"2026-04-02T07:22:17","slug":"cura-e-libertacao-a-fonte-divina-em-meio-a-dor","status":"publish","type":"post","link":"https:\/\/salmosbiblicos.com.br\/index.php\/2026\/04\/02\/cura-e-libertacao-a-fonte-divina-em-meio-a-dor\/","title":{"rendered":"Cura e Liberta\u00e7\u00e3o: A Fonte Divina em Meio \u00e0 Dor"},"content":{"rendered":"<p>## A Fonte da Cura e da Liberta\u00e7\u00e3o<\/p>\n<p>No turbilh\u00e3o da vida, em meio \u00e0s dores e incertezas, todos n\u00f3s buscamos al\u00edvio, restaura\u00e7\u00e3o e esperan\u00e7a. O cora\u00e7\u00e3o humano anseia por uma cura que transcenda o f\u00edsico, uma liberta\u00e7\u00e3o que alcance a alma. E a busca nos leva, inevitavelmente, \u00e0 fonte primordial de todo o bem: a Palavra de Deus.<\/p>\n<p>### A Montanha da Ora\u00e7\u00e3o e o Chamado dos Ap\u00f3stolos<\/p>\n<p>Contemplamos a cena de um homem, imerso em profunda ora\u00e7\u00e3o, buscando a vontade do Pai. A montanha, lugar de encontro com o divino, testemunhou a intensidade de Seu esp\u00edrito. E foi a partir desse lugar de comunh\u00e3o que Ele escolheu seus companheiros, aqueles que seriam instrumentos de Sua gra\u00e7a: **Sim\u00e3o, a quem chamou Pedro, e seu irm\u00e3o Andr\u00e9, Tiago e Jo\u00e3o, Felipe, Bartolomeu, Mateus, Tom\u00e9, Tiago, filho de Alfeu, Sim\u00e3o, o Zelota, Judas, filho de Tiago, e Judas Iscariotes, o traidor**.<\/p>\n<p>### Uma Multid\u00e3o Sedenta de Cura<\/p>\n<p>A not\u00edcia da presen\u00e7a de Jesus ecoou pelos vales e montanhas. Uma multid\u00e3o, vinda de todos os cantos, **procurava ouvir Sua voz e ser curada de suas doen\u00e7as**. Aqueles que eram atormentados por esp\u00edritos malignos tamb\u00e9m buscavam o toque da Sua miseric\u00f3rdia. A for\u00e7a que emanava d\u2019Ele era palp\u00e1vel, uma energia que curava a todos que a tocavam. **A multid\u00e3o toda procurava tocar em Jesus porque uma for\u00e7a saia dele e curava todos.**<\/p>\n<p>### Buscando a Cura: F\u00e9 e Raz\u00e3o em Harmonia<\/p>\n<p>Muitas vezes, ouvimos interpreta\u00e7\u00f5es que nos fazem temer a busca pela cura em Deus. Mas a Palavra nos mostra algo diferente: **vieram para ouvir Jesus e serem curados de suas doen\u00e7as**. N\u00e3o h\u00e1 contradi\u00e7\u00e3o em buscar a cura atrav\u00e9s da medicina, dos profissionais de sa\u00fade, mas n\u00e3o devemos jamais esquecer que a fonte primordial da restaura\u00e7\u00e3o \u00e9 o pr\u00f3prio Deus. <\/p>\n<p>Buscar a cura em Deus n\u00e3o significa rejeitar a ci\u00eancia ou a medicina. Pelo contr\u00e1rio, a medicina, em si, \u00e9 um dom divino, um instrumento atrav\u00e9s do qual Deus manifesta Sua cura. No entanto, a f\u00e9 nos impulsiona a buscar a Deus antes de tudo, a oferecer nossas necessidades a Ele, pois somos chamados a tocar na Fonte da Vida, que dele emana a cura.<\/p>\n<p>### A Import\u00e2ncia da Confiss\u00e3o e da Ora\u00e7\u00e3o<\/p>\n<p>H\u00e1 aqueles que sofrem de males que a ci\u00eancia n\u00e3o consegue explicar, que s\u00e3o atormentados por for\u00e7as invis\u00edveis. A Palavra nos revela que, em muitos casos, a causa da enfermidade n\u00e3o \u00e9 f\u00edsica, mas espiritual. **Existem esp\u00edritos malignos que atormentam a humanidade**, buscando aprisionar a alma e roubar a alegria. Nesses momentos, a confiss\u00e3o, a ora\u00e7\u00e3o e o toque da gra\u00e7a divina s\u00e3o os \u00fanicos caminhos para a liberta\u00e7\u00e3o.<\/p>\n<p>N\u00e3o se iluda, amados irm\u00e3os, com falsas explica\u00e7\u00f5es e solu\u00e7\u00f5es simplistas. **N\u00e3o se esque\u00e7a de Jesus, pois Dele saia uma for\u00e7a que cura as doen\u00e7as.** Acredite na Palavra, escute a voz do Senhor e pe\u00e7a com f\u00e9: &#8220;Jesus, me toca, Jesus, me cura&#8221;.<\/p>\n<p>### A F\u00e9 que Transforma<\/p>\n<p>Que possamos reviver a f\u00e9 daqueles que buscavam Jesus com esperan\u00e7a e persist\u00eancia. Que possamos compreender que a cura n\u00e3o \u00e9 apenas a aus\u00eancia de doen\u00e7a, mas a restaura\u00e7\u00e3o da alma, a liberta\u00e7\u00e3o do esp\u00edrito. Abra a sua B\u00edblia, aprofunde-se na Palavra, ou\u00e7a a voz de Jesus e deixe que a f\u00e9 que transforma penetre em cada c\u00e9lula do seu ser.<\/p>\n<p>Lembre-se: a cura que buscamos n\u00e3o est\u00e1 apenas nas m\u00e3os dos m\u00e9dicos, mas, acima de tudo, nas m\u00e3os do nosso Senhor e Salvador. Ele \u00e9 o m\u00e9dico dos m\u00e9dicos, o libertador dos cativos, o curador das nossas dores. Creia e testemunhe os milagres que Ele pode realizar em sua vida. Que a gra\u00e7a e a paz de Deus estejam com todos voc\u00eas.<\/p>\n","protected":false},"excerpt":{"rendered":"<p>## A Fonte da Cura e da Liberta\u00e7\u00e3o No turbilh\u00e3o da vida, em meio \u00e0s dores e incertezas, todos n\u00f3s buscamos al\u00edvio, restaura\u00e7\u00e3o e esperan\u00e7a. O cora\u00e7\u00e3o humano anseia por uma cura que transcenda o f\u00edsico, uma liberta\u00e7\u00e3o que alcance a alma. E a busca nos leva, inevitavelmente, \u00e0 fonte primordial de todo o bem: [&hellip;]<\/p>\n","protected":false},"author":1,"featured_media":0,"comment_status":"closed","ping_status":"open","sticky":false,"template":"","format":"standard","meta":{"footnotes":""},"categories":[14],"tags":[],"class_list":["post-6338","post","type-post","status-publish","format-standard","hentry","category-reflexao"],"yoast_head":"<!-- This site is optimized with the Yoast SEO plugin v27.2 - https:\/\/yoast.com\/product\/yoast-seo-wordpress\/ -->\n<title>Cura e Liberta\u00e7\u00e3o: A Fonte Divina em Meio \u00e0 Dor - Salmos B\u00edblicos<\/title>\n<meta name=\"robots\" content=\"index, follow, max-snippet:-1, max-image-preview:large, max-video-preview:-1\" \/>\n<link rel=\"canonical\" href=\"https:\/\/salmosbiblicos.com.br\/index.php\/2026\/04\/02\/cura-e-libertacao-a-fonte-divina-em-meio-a-dor\/\" \/>\n<meta property=\"og:locale\" content=\"pt_BR\" \/>\n<meta property=\"og:type\" content=\"article\" \/>\n<meta property=\"og:title\" content=\"Cura e Liberta\u00e7\u00e3o: A Fonte Divina em Meio \u00e0 Dor - Salmos B\u00edblicos\" \/>\n<meta property=\"og:description\" content=\"## A Fonte da Cura e da Liberta\u00e7\u00e3o No turbilh\u00e3o da vida, em meio \u00e0s dores e incertezas, todos n\u00f3s buscamos al\u00edvio, restaura\u00e7\u00e3o e esperan\u00e7a. O cora\u00e7\u00e3o humano anseia por uma cura que transcenda o f\u00edsico, uma liberta\u00e7\u00e3o que alcance a alma. E a busca nos leva, inevitavelmente, \u00e0 fonte primordial de todo o bem: [&hellip;]\" \/>\n<meta property=\"og:url\" content=\"https:\/\/salmosbiblicos.com.br\/index.php\/2026\/04\/02\/cura-e-libertacao-a-fonte-divina-em-meio-a-dor\/\" \/>\n<meta property=\"og:site_name\" content=\"Salmos B\u00edblicos\" \/>\n<meta property=\"article:published_time\" content=\"2026-04-02T07:22:17+00:00\" \/>\n<meta name=\"author\" content=\"alextreh@gmail.com\" \/>\n<meta name=\"twitter:card\" content=\"summary_large_image\" \/>\n<meta name=\"twitter:label1\" content=\"Escrito por\" \/>\n\t<meta name=\"twitter:data1\" content=\"alextreh@gmail.com\" \/>\n\t<meta name=\"twitter:label2\" content=\"Est. tempo de leitura\" \/>\n\t<meta name=\"twitter:data2\" content=\"3 minutos\" \/>\n<script type=\"application\/ld+json\" class=\"yoast-schema-graph\">{\"@context\":\"https:\/\/schema.org\",\"@graph\":[{\"@type\":\"Article\",\"@id\":\"https:\/\/salmosbiblicos.com.br\/index.php\/2026\/04\/02\/cura-e-libertacao-a-fonte-divina-em-meio-a-dor\/#article\",\"isPartOf\":{\"@id\":\"https:\/\/salmosbiblicos.com.br\/index.php\/2026\/04\/02\/cura-e-libertacao-a-fonte-divina-em-meio-a-dor\/\"},\"author\":{\"name\":\"alextreh@gmail.com\",\"@id\":\"https:\/\/salmosbiblicos.com.br\/#\/schema\/person\/30586d0fb3f3a46b78a3414fc39cc975\"},\"headline\":\"Cura e Liberta\u00e7\u00e3o: A Fonte Divina em Meio \u00e0 Dor\",\"datePublished\":\"2026-04-02T07:22:17+00:00\",\"mainEntityOfPage\":{\"@id\":\"https:\/\/salmosbiblicos.com.br\/index.php\/2026\/04\/02\/cura-e-libertacao-a-fonte-divina-em-meio-a-dor\/\"},\"wordCount\":699,\"articleSection\":[\"Reflex\u00e3o\"],\"inLanguage\":\"pt-BR\"},{\"@type\":\"WebPage\",\"@id\":\"https:\/\/salmosbiblicos.com.br\/index.php\/2026\/04\/02\/cura-e-libertacao-a-fonte-divina-em-meio-a-dor\/\",\"url\":\"https:\/\/salmosbiblicos.com.br\/index.php\/2026\/04\/02\/cura-e-libertacao-a-fonte-divina-em-meio-a-dor\/\",\"name\":\"Cura e Liberta\u00e7\u00e3o: A Fonte Divina em Meio \u00e0 Dor - Salmos B\u00edblicos\",\"isPartOf\":{\"@id\":\"https:\/\/salmosbiblicos.com.br\/#website\"},\"datePublished\":\"2026-04-02T07:22:17+00:00\",\"author\":{\"@id\":\"https:\/\/salmosbiblicos.com.br\/#\/schema\/person\/30586d0fb3f3a46b78a3414fc39cc975\"},\"breadcrumb\":{\"@id\":\"https:\/\/salmosbiblicos.com.br\/index.php\/2026\/04\/02\/cura-e-libertacao-a-fonte-divina-em-meio-a-dor\/#breadcrumb\"},\"inLanguage\":\"pt-BR\",\"potentialAction\":[{\"@type\":\"ReadAction\",\"target\":[\"https:\/\/salmosbiblicos.com.br\/index.php\/2026\/04\/02\/cura-e-libertacao-a-fonte-divina-em-meio-a-dor\/\"]}]},{\"@type\":\"BreadcrumbList\",\"@id\":\"https:\/\/salmosbiblicos.com.br\/index.php\/2026\/04\/02\/cura-e-libertacao-a-fonte-divina-em-meio-a-dor\/#breadcrumb\",\"itemListElement\":[{\"@type\":\"ListItem\",\"position\":1,\"name\":\"Home\",\"item\":\"https:\/\/salmosbiblicos.com.br\/\"},{\"@type\":\"ListItem\",\"position\":2,\"name\":\"Cura e Liberta\u00e7\u00e3o: A Fonte Divina em Meio \u00e0 Dor\"}]},{\"@type\":\"WebSite\",\"@id\":\"https:\/\/salmosbiblicos.com.br\/#website\",\"url\":\"https:\/\/salmosbiblicos.com.br\/\",\"name\":\"Salmos B\u00edblicos\",\"description\":\"Uma e-Livraria com e-Books novos para voc\u00ea refletir.\",\"potentialAction\":[{\"@type\":\"SearchAction\",\"target\":{\"@type\":\"EntryPoint\",\"urlTemplate\":\"https:\/\/salmosbiblicos.com.br\/?s={search_term_string}\"},\"query-input\":{\"@type\":\"PropertyValueSpecification\",\"valueRequired\":true,\"valueName\":\"search_term_string\"}}],\"inLanguage\":\"pt-BR\"},{\"@type\":\"Person\",\"@id\":\"https:\/\/salmosbiblicos.com.br\/#\/schema\/person\/30586d0fb3f3a46b78a3414fc39cc975\",\"name\":\"alextreh@gmail.com\",\"image\":{\"@type\":\"ImageObject\",\"inLanguage\":\"pt-BR\",\"@id\":\"https:\/\/secure.gravatar.com\/avatar\/7cf84d31f581ec97b887c1039d478a7c293086896c84951a86753fb2c2af7527?s=96&d=mm&r=g\",\"url\":\"https:\/\/secure.gravatar.com\/avatar\/7cf84d31f581ec97b887c1039d478a7c293086896c84951a86753fb2c2af7527?s=96&d=mm&r=g\",\"contentUrl\":\"https:\/\/secure.gravatar.com\/avatar\/7cf84d31f581ec97b887c1039d478a7c293086896c84951a86753fb2c2af7527?s=96&d=mm&r=g\",\"caption\":\"alextreh@gmail.com\"},\"sameAs\":[\"http:\/\/salmosbiblicos.com.br\"],\"url\":\"https:\/\/salmosbiblicos.com.br\/index.php\/author\/alextrehgmail-com\/\"}]}<\/script>\n<!-- \/ Yoast SEO plugin. -->","yoast_head_json":{"title":"Cura e Liberta\u00e7\u00e3o: A Fonte Divina em Meio \u00e0 Dor - Salmos B\u00edblicos","robots":{"index":"index","follow":"follow","max-snippet":"max-snippet:-1","max-image-preview":"max-image-preview:large","max-video-preview":"max-video-preview:-1"},"canonical":"https:\/\/salmosbiblicos.com.br\/index.php\/2026\/04\/02\/cura-e-libertacao-a-fonte-divina-em-meio-a-dor\/","og_locale":"pt_BR","og_type":"article","og_title":"Cura e Liberta\u00e7\u00e3o: A Fonte Divina em Meio \u00e0 Dor - Salmos B\u00edblicos","og_description":"## A Fonte da Cura e da Liberta\u00e7\u00e3o No turbilh\u00e3o da vida, em meio \u00e0s dores e incertezas, todos n\u00f3s buscamos al\u00edvio, restaura\u00e7\u00e3o e esperan\u00e7a. O cora\u00e7\u00e3o humano anseia por uma cura que transcenda o f\u00edsico, uma liberta\u00e7\u00e3o que alcance a alma. E a busca nos leva, inevitavelmente, \u00e0 fonte primordial de todo o bem: [&hellip;]","og_url":"https:\/\/salmosbiblicos.com.br\/index.php\/2026\/04\/02\/cura-e-libertacao-a-fonte-divina-em-meio-a-dor\/","og_site_name":"Salmos B\u00edblicos","article_published_time":"2026-04-02T07:22:17+00:00","author":"alextreh@gmail.com","twitter_card":"summary_large_image","twitter_misc":{"Escrito por":"alextreh@gmail.com","Est. tempo de leitura":"3 minutos"},"schema":{"@context":"https:\/\/schema.org","@graph":[{"@type":"Article","@id":"https:\/\/salmosbiblicos.com.br\/index.php\/2026\/04\/02\/cura-e-libertacao-a-fonte-divina-em-meio-a-dor\/#article","isPartOf":{"@id":"https:\/\/salmosbiblicos.com.br\/index.php\/2026\/04\/02\/cura-e-libertacao-a-fonte-divina-em-meio-a-dor\/"},"author":{"name":"alextreh@gmail.com","@id":"https:\/\/salmosbiblicos.com.br\/#\/schema\/person\/30586d0fb3f3a46b78a3414fc39cc975"},"headline":"Cura e Liberta\u00e7\u00e3o: A Fonte Divina em Meio \u00e0 Dor","datePublished":"2026-04-02T07:22:17+00:00","mainEntityOfPage":{"@id":"https:\/\/salmosbiblicos.com.br\/index.php\/2026\/04\/02\/cura-e-libertacao-a-fonte-divina-em-meio-a-dor\/"},"wordCount":699,"articleSection":["Reflex\u00e3o"],"inLanguage":"pt-BR"},{"@type":"WebPage","@id":"https:\/\/salmosbiblicos.com.br\/index.php\/2026\/04\/02\/cura-e-libertacao-a-fonte-divina-em-meio-a-dor\/","url":"https:\/\/salmosbiblicos.com.br\/index.php\/2026\/04\/02\/cura-e-libertacao-a-fonte-divina-em-meio-a-dor\/","name":"Cura e Liberta\u00e7\u00e3o: A Fonte Divina em Meio \u00e0 Dor - Salmos B\u00edblicos","isPartOf":{"@id":"https:\/\/salmosbiblicos.com.br\/#website"},"datePublished":"2026-04-02T07:22:17+00:00","author":{"@id":"https:\/\/salmosbiblicos.com.br\/#\/schema\/person\/30586d0fb3f3a46b78a3414fc39cc975"},"breadcrumb":{"@id":"https:\/\/salmosbiblicos.com.br\/index.php\/2026\/04\/02\/cura-e-libertacao-a-fonte-divina-em-meio-a-dor\/#breadcrumb"},"inLanguage":"pt-BR","potentialAction":[{"@type":"ReadAction","target":["https:\/\/salmosbiblicos.com.br\/index.php\/2026\/04\/02\/cura-e-libertacao-a-fonte-divina-em-meio-a-dor\/"]}]},{"@type":"BreadcrumbList","@id":"https:\/\/salmosbiblicos.com.br\/index.php\/2026\/04\/02\/cura-e-libertacao-a-fonte-divina-em-meio-a-dor\/#breadcrumb","itemListElement":[{"@type":"ListItem","position":1,"name":"Home","item":"https:\/\/salmosbiblicos.com.br\/"},{"@type":"ListItem","position":2,"name":"Cura e Liberta\u00e7\u00e3o: A Fonte Divina em Meio \u00e0 Dor"}]},{"@type":"WebSite","@id":"https:\/\/salmosbiblicos.com.br\/#website","url":"https:\/\/salmosbiblicos.com.br\/","name":"Salmos B\u00edblicos","description":"Uma e-Livraria com e-Books novos para voc\u00ea refletir.","potentialAction":[{"@type":"SearchAction","target":{"@type":"EntryPoint","urlTemplate":"https:\/\/salmosbiblicos.com.br\/?s={search_term_string}"},"query-input":{"@type":"PropertyValueSpecification","valueRequired":true,"valueName":"search_term_string"}}],"inLanguage":"pt-BR"},{"@type":"Person","@id":"https:\/\/salmosbiblicos.com.br\/#\/schema\/person\/30586d0fb3f3a46b78a3414fc39cc975","name":"alextreh@gmail.com","image":{"@type":"ImageObject","inLanguage":"pt-BR","@id":"https:\/\/secure.gravatar.com\/avatar\/7cf84d31f581ec97b887c1039d478a7c293086896c84951a86753fb2c2af7527?s=96&d=mm&r=g","url":"https:\/\/secure.gravatar.com\/avatar\/7cf84d31f581ec97b887c1039d478a7c293086896c84951a86753fb2c2af7527?s=96&d=mm&r=g","contentUrl":"https:\/\/secure.gravatar.com\/avatar\/7cf84d31f581ec97b887c1039d478a7c293086896c84951a86753fb2c2af7527?s=96&d=mm&r=g","caption":"alextreh@gmail.com"},"sameAs":["http:\/\/salmosbiblicos.com.br"],"url":"https:\/\/salmosbiblicos.com.br\/index.php\/author\/alextrehgmail-com\/"}]}},"_links":{"self":[{"href":"https:\/\/salmosbiblicos.com.br\/index.php\/wp-json\/wp\/v2\/posts\/6338","targetHints":{"allow":["GET"]}}],"collection":[{"href":"https:\/\/salmosbiblicos.com.br\/index.php\/wp-json\/wp\/v2\/posts"}],"about":[{"href":"https:\/\/salmosbiblicos.com.br\/index.php\/wp-json\/wp\/v2\/types\/post"}],"author":[{"embeddable":true,"href":"https:\/\/salmosbiblicos.com.br\/index.php\/wp-json\/wp\/v2\/users\/1"}],"replies":[{"embeddable":true,"href":"https:\/\/salmosbiblicos.com.br\/index.php\/wp-json\/wp\/v2\/comments?post=6338"}],"version-history":[{"count":1,"href":"https:\/\/salmosbiblicos.com.br\/index.php\/wp-json\/wp\/v2\/posts\/6338\/revisions"}],"predecessor-version":[{"id":6339,"href":"https:\/\/salmosbiblicos.com.br\/index.php\/wp-json\/wp\/v2\/posts\/6338\/revisions\/6339"}],"wp:attachment":[{"href":"https:\/\/salmosbiblicos.com.br\/index.php\/wp-json\/wp\/v2\/media?parent=6338"}],"wp:term":[{"taxonomy":"category","embeddable":true,"href":"https:\/\/salmosbiblicos.com.br\/index.php\/wp-json\/wp\/v2\/categories?post=6338"},{"taxonomy":"post_tag","embeddable":true,"href":"https:\/\/salmosbiblicos.com.br\/index.php\/wp-json\/wp\/v2\/tags?post=6338"}],"curies":[{"name":"wp","href":"https:\/\/api.w.org\/{rel}","templated":true}]}}