{"id":6350,"date":"2026-04-02T05:05:05","date_gmt":"2026-04-02T08:05:05","guid":{"rendered":"https:\/\/salmosbiblicos.com.br\/?p=6350"},"modified":"2026-04-02T05:05:05","modified_gmt":"2026-04-02T08:05:05","slug":"vida-e-fe-encontre-paz-na-protecao-divina","status":"publish","type":"post","link":"https:\/\/salmosbiblicos.com.br\/index.php\/2026\/04\/02\/vida-e-fe-encontre-paz-na-protecao-divina\/","title":{"rendered":"Vida e F\u00e9: Encontre Paz na Prote\u00e7\u00e3o Divina"},"content":{"rendered":"<p>## A Imensur\u00e1vel Dignidade da Vida<\/p>\n<p>Quantas vezes nos sentimos pequenos, insignificantes, \u00e0 merc\u00ea de for\u00e7as que parecem maiores do que n\u00f3s? Quantas vezes a ang\u00fastia nos oprime, a sensa\u00e7\u00e3o de que a vida est\u00e1 fora de controle? A mensagem de hoje nos convida a refletir sobre a profunda verdade: **a nossa exist\u00eancia repousa nas m\u00e3os de Deus.**<\/p>\n<p>N\u00e3o \u00e9 uma ilus\u00e3o acreditar que dominamos o nosso destino. A realidade \u00e9 que somos parte de um plano maior, tecidos na tape\u00e7aria da divindade. Uma tape\u00e7aria onde cada fio, por menor que seja, \u00e9 essencial.<\/p>\n<p>### O Cuidado Divino<\/p>\n<p>O Evangelho nos recorda que Deus observa cada detalhe da nossa jornada. At\u00e9 mesmo os cabelos da nossa cabe\u00e7a est\u00e3o contados. Essa n\u00e3o \u00e9 uma mera curiosidade, mas uma demonstra\u00e7\u00e3o da aten\u00e7\u00e3o infinita que o Criador dedica a cada um de n\u00f3s.<\/p>\n<p>A mensagem se estende a todas as criaturas, aos animais que habitam a Terra. **Deus n\u00e3o esquece nenhum deles.** Essa verdade nos convida a um profundo respeito por toda a vida, a reconhecer a beleza e a import\u00e2ncia de cada ser em sua singularidade.<\/p>\n<p>\u00c9 importante, contudo, manter o equil\u00edbrio. A admira\u00e7\u00e3o e o cuidado com os animais n\u00e3o devem nos levar a negligenciar a dignidade e o valor intr\u00ednseco do ser humano. A vida humana, singularmente aben\u00e7oada, encontra seu \u00e1pice no sacrif\u00edcio de Cristo.<\/p>\n<p>### O Medo S\u00e1bio<\/p>\n<p>Jesus nos adverte: n\u00e3o temais aqueles que podem destruir o corpo, mas temei aquele que pode destruir a alma. Este \u00e9 um chamado \u00e0 consci\u00eancia, um alerta para as for\u00e7as que nos afastam do bem. O medo, neste contexto, n\u00e3o \u00e9 paralisante, mas um guia que nos direciona para a prud\u00eancia e a busca pela virtude.<\/p>\n<p>Eis a ess\u00eancia do Evangelho: **voc\u00eas valem mais do que muitos pardais**. A imensur\u00e1vel gra\u00e7a que nos foi concedida, o sacrif\u00edcio redentor que nos foi oferecido, atesta a nossa inestim\u00e1vel dignidade.<\/p>\n<p>### Um Amor Incondicional<\/p>\n<p>A mensagem que Jesus nos entrega \u00e9 clara: Ele se preocupa com a nossa salva\u00e7\u00e3o. O amor de Deus \u00e9 um rio caudaloso, que transborda e nos envolve em sua miseric\u00f3rdia. Ele morreu numa cruz por n\u00f3s, para nos libertar do pecado e nos abrir as portas do Para\u00edso.<\/p>\n<p>Que possamos internalizar essa verdade, que a fortale\u00e7a em nossos cora\u00e7\u00f5es. Que possamos valorizar este amor, lutar pela nossa salva\u00e7\u00e3o e viver uma vida que reflita a luz divina que nos ilumina.<\/p>\n<p>*   Busquemos a honestidade em nossas a\u00e7\u00f5es e palavras.<br \/>*   Rejeitemos a hipocrisia e a falsidade.<br \/>*   Vivamos em profunda rever\u00eancia por toda a cria\u00e7\u00e3o.<br \/>*   Agrade\u00e7amos a gra\u00e7a de uma vida salva pelo amor de Deus.<\/p>\n<p>Lembremos as palavras de esperan\u00e7a: **&#8221;De tal modo amou Deus o mundo, que deu seu Filho unig\u00eanito, para que todo aquele que nele cr\u00ea n\u00e3o pere\u00e7a, mas tenha a vida eterna.&#8221;**<\/p>\n","protected":false},"excerpt":{"rendered":"<p>## A Imensur\u00e1vel Dignidade da Vida Quantas vezes nos sentimos pequenos, insignificantes, \u00e0 merc\u00ea de for\u00e7as que parecem maiores do que n\u00f3s? Quantas vezes a ang\u00fastia nos oprime, a sensa\u00e7\u00e3o de que a vida est\u00e1 fora de controle? A mensagem de hoje nos convida a refletir sobre a profunda verdade: **a nossa exist\u00eancia repousa nas [&hellip;]<\/p>\n","protected":false},"author":1,"featured_media":0,"comment_status":"closed","ping_status":"open","sticky":false,"template":"","format":"standard","meta":{"footnotes":""},"categories":[14],"tags":[],"class_list":["post-6350","post","type-post","status-publish","format-standard","hentry","category-reflexao"],"yoast_head":"<!-- This site is optimized with the Yoast SEO plugin v27.2 - https:\/\/yoast.com\/product\/yoast-seo-wordpress\/ -->\n<title>Vida e F\u00e9: Encontre Paz na Prote\u00e7\u00e3o Divina - Salmos B\u00edblicos<\/title>\n<meta name=\"robots\" content=\"index, follow, max-snippet:-1, max-image-preview:large, max-video-preview:-1\" \/>\n<link rel=\"canonical\" href=\"https:\/\/salmosbiblicos.com.br\/index.php\/2026\/04\/02\/vida-e-fe-encontre-paz-na-protecao-divina\/\" \/>\n<meta property=\"og:locale\" content=\"pt_BR\" \/>\n<meta property=\"og:type\" content=\"article\" \/>\n<meta property=\"og:title\" content=\"Vida e F\u00e9: Encontre Paz na Prote\u00e7\u00e3o Divina - Salmos B\u00edblicos\" \/>\n<meta property=\"og:description\" content=\"## A Imensur\u00e1vel Dignidade da Vida Quantas vezes nos sentimos pequenos, insignificantes, \u00e0 merc\u00ea de for\u00e7as que parecem maiores do que n\u00f3s? Quantas vezes a ang\u00fastia nos oprime, a sensa\u00e7\u00e3o de que a vida est\u00e1 fora de controle? A mensagem de hoje nos convida a refletir sobre a profunda verdade: **a nossa exist\u00eancia repousa nas [&hellip;]\" \/>\n<meta property=\"og:url\" content=\"https:\/\/salmosbiblicos.com.br\/index.php\/2026\/04\/02\/vida-e-fe-encontre-paz-na-protecao-divina\/\" \/>\n<meta property=\"og:site_name\" content=\"Salmos B\u00edblicos\" \/>\n<meta property=\"article:published_time\" content=\"2026-04-02T08:05:05+00:00\" \/>\n<meta name=\"author\" content=\"alextreh@gmail.com\" \/>\n<meta name=\"twitter:card\" content=\"summary_large_image\" \/>\n<meta name=\"twitter:label1\" content=\"Escrito por\" \/>\n\t<meta name=\"twitter:data1\" content=\"alextreh@gmail.com\" \/>\n\t<meta name=\"twitter:label2\" content=\"Est. tempo de leitura\" \/>\n\t<meta name=\"twitter:data2\" content=\"2 minutos\" \/>\n<script type=\"application\/ld+json\" class=\"yoast-schema-graph\">{\"@context\":\"https:\/\/schema.org\",\"@graph\":[{\"@type\":\"Article\",\"@id\":\"https:\/\/salmosbiblicos.com.br\/index.php\/2026\/04\/02\/vida-e-fe-encontre-paz-na-protecao-divina\/#article\",\"isPartOf\":{\"@id\":\"https:\/\/salmosbiblicos.com.br\/index.php\/2026\/04\/02\/vida-e-fe-encontre-paz-na-protecao-divina\/\"},\"author\":{\"name\":\"alextreh@gmail.com\",\"@id\":\"https:\/\/salmosbiblicos.com.br\/#\/schema\/person\/30586d0fb3f3a46b78a3414fc39cc975\"},\"headline\":\"Vida e F\u00e9: Encontre Paz na Prote\u00e7\u00e3o Divina\",\"datePublished\":\"2026-04-02T08:05:05+00:00\",\"mainEntityOfPage\":{\"@id\":\"https:\/\/salmosbiblicos.com.br\/index.php\/2026\/04\/02\/vida-e-fe-encontre-paz-na-protecao-divina\/\"},\"wordCount\":512,\"articleSection\":[\"Reflex\u00e3o\"],\"inLanguage\":\"pt-BR\"},{\"@type\":\"WebPage\",\"@id\":\"https:\/\/salmosbiblicos.com.br\/index.php\/2026\/04\/02\/vida-e-fe-encontre-paz-na-protecao-divina\/\",\"url\":\"https:\/\/salmosbiblicos.com.br\/index.php\/2026\/04\/02\/vida-e-fe-encontre-paz-na-protecao-divina\/\",\"name\":\"Vida e F\u00e9: Encontre Paz na Prote\u00e7\u00e3o Divina - Salmos B\u00edblicos\",\"isPartOf\":{\"@id\":\"https:\/\/salmosbiblicos.com.br\/#website\"},\"datePublished\":\"2026-04-02T08:05:05+00:00\",\"author\":{\"@id\":\"https:\/\/salmosbiblicos.com.br\/#\/schema\/person\/30586d0fb3f3a46b78a3414fc39cc975\"},\"breadcrumb\":{\"@id\":\"https:\/\/salmosbiblicos.com.br\/index.php\/2026\/04\/02\/vida-e-fe-encontre-paz-na-protecao-divina\/#breadcrumb\"},\"inLanguage\":\"pt-BR\",\"potentialAction\":[{\"@type\":\"ReadAction\",\"target\":[\"https:\/\/salmosbiblicos.com.br\/index.php\/2026\/04\/02\/vida-e-fe-encontre-paz-na-protecao-divina\/\"]}]},{\"@type\":\"BreadcrumbList\",\"@id\":\"https:\/\/salmosbiblicos.com.br\/index.php\/2026\/04\/02\/vida-e-fe-encontre-paz-na-protecao-divina\/#breadcrumb\",\"itemListElement\":[{\"@type\":\"ListItem\",\"position\":1,\"name\":\"Home\",\"item\":\"https:\/\/salmosbiblicos.com.br\/\"},{\"@type\":\"ListItem\",\"position\":2,\"name\":\"Vida e F\u00e9: Encontre Paz na Prote\u00e7\u00e3o Divina\"}]},{\"@type\":\"WebSite\",\"@id\":\"https:\/\/salmosbiblicos.com.br\/#website\",\"url\":\"https:\/\/salmosbiblicos.com.br\/\",\"name\":\"Salmos B\u00edblicos\",\"description\":\"Uma e-Livraria com e-Books novos para voc\u00ea refletir.\",\"potentialAction\":[{\"@type\":\"SearchAction\",\"target\":{\"@type\":\"EntryPoint\",\"urlTemplate\":\"https:\/\/salmosbiblicos.com.br\/?s={search_term_string}\"},\"query-input\":{\"@type\":\"PropertyValueSpecification\",\"valueRequired\":true,\"valueName\":\"search_term_string\"}}],\"inLanguage\":\"pt-BR\"},{\"@type\":\"Person\",\"@id\":\"https:\/\/salmosbiblicos.com.br\/#\/schema\/person\/30586d0fb3f3a46b78a3414fc39cc975\",\"name\":\"alextreh@gmail.com\",\"image\":{\"@type\":\"ImageObject\",\"inLanguage\":\"pt-BR\",\"@id\":\"https:\/\/secure.gravatar.com\/avatar\/7cf84d31f581ec97b887c1039d478a7c293086896c84951a86753fb2c2af7527?s=96&d=mm&r=g\",\"url\":\"https:\/\/secure.gravatar.com\/avatar\/7cf84d31f581ec97b887c1039d478a7c293086896c84951a86753fb2c2af7527?s=96&d=mm&r=g\",\"contentUrl\":\"https:\/\/secure.gravatar.com\/avatar\/7cf84d31f581ec97b887c1039d478a7c293086896c84951a86753fb2c2af7527?s=96&d=mm&r=g\",\"caption\":\"alextreh@gmail.com\"},\"sameAs\":[\"http:\/\/salmosbiblicos.com.br\"],\"url\":\"https:\/\/salmosbiblicos.com.br\/index.php\/author\/alextrehgmail-com\/\"}]}<\/script>\n<!-- \/ Yoast SEO plugin. -->","yoast_head_json":{"title":"Vida e F\u00e9: Encontre Paz na Prote\u00e7\u00e3o Divina - Salmos B\u00edblicos","robots":{"index":"index","follow":"follow","max-snippet":"max-snippet:-1","max-image-preview":"max-image-preview:large","max-video-preview":"max-video-preview:-1"},"canonical":"https:\/\/salmosbiblicos.com.br\/index.php\/2026\/04\/02\/vida-e-fe-encontre-paz-na-protecao-divina\/","og_locale":"pt_BR","og_type":"article","og_title":"Vida e F\u00e9: Encontre Paz na Prote\u00e7\u00e3o Divina - Salmos B\u00edblicos","og_description":"## A Imensur\u00e1vel Dignidade da Vida Quantas vezes nos sentimos pequenos, insignificantes, \u00e0 merc\u00ea de for\u00e7as que parecem maiores do que n\u00f3s? Quantas vezes a ang\u00fastia nos oprime, a sensa\u00e7\u00e3o de que a vida est\u00e1 fora de controle? A mensagem de hoje nos convida a refletir sobre a profunda verdade: **a nossa exist\u00eancia repousa nas [&hellip;]","og_url":"https:\/\/salmosbiblicos.com.br\/index.php\/2026\/04\/02\/vida-e-fe-encontre-paz-na-protecao-divina\/","og_site_name":"Salmos B\u00edblicos","article_published_time":"2026-04-02T08:05:05+00:00","author":"alextreh@gmail.com","twitter_card":"summary_large_image","twitter_misc":{"Escrito por":"alextreh@gmail.com","Est. tempo de leitura":"2 minutos"},"schema":{"@context":"https:\/\/schema.org","@graph":[{"@type":"Article","@id":"https:\/\/salmosbiblicos.com.br\/index.php\/2026\/04\/02\/vida-e-fe-encontre-paz-na-protecao-divina\/#article","isPartOf":{"@id":"https:\/\/salmosbiblicos.com.br\/index.php\/2026\/04\/02\/vida-e-fe-encontre-paz-na-protecao-divina\/"},"author":{"name":"alextreh@gmail.com","@id":"https:\/\/salmosbiblicos.com.br\/#\/schema\/person\/30586d0fb3f3a46b78a3414fc39cc975"},"headline":"Vida e F\u00e9: Encontre Paz na Prote\u00e7\u00e3o Divina","datePublished":"2026-04-02T08:05:05+00:00","mainEntityOfPage":{"@id":"https:\/\/salmosbiblicos.com.br\/index.php\/2026\/04\/02\/vida-e-fe-encontre-paz-na-protecao-divina\/"},"wordCount":512,"articleSection":["Reflex\u00e3o"],"inLanguage":"pt-BR"},{"@type":"WebPage","@id":"https:\/\/salmosbiblicos.com.br\/index.php\/2026\/04\/02\/vida-e-fe-encontre-paz-na-protecao-divina\/","url":"https:\/\/salmosbiblicos.com.br\/index.php\/2026\/04\/02\/vida-e-fe-encontre-paz-na-protecao-divina\/","name":"Vida e F\u00e9: Encontre Paz na Prote\u00e7\u00e3o Divina - Salmos B\u00edblicos","isPartOf":{"@id":"https:\/\/salmosbiblicos.com.br\/#website"},"datePublished":"2026-04-02T08:05:05+00:00","author":{"@id":"https:\/\/salmosbiblicos.com.br\/#\/schema\/person\/30586d0fb3f3a46b78a3414fc39cc975"},"breadcrumb":{"@id":"https:\/\/salmosbiblicos.com.br\/index.php\/2026\/04\/02\/vida-e-fe-encontre-paz-na-protecao-divina\/#breadcrumb"},"inLanguage":"pt-BR","potentialAction":[{"@type":"ReadAction","target":["https:\/\/salmosbiblicos.com.br\/index.php\/2026\/04\/02\/vida-e-fe-encontre-paz-na-protecao-divina\/"]}]},{"@type":"BreadcrumbList","@id":"https:\/\/salmosbiblicos.com.br\/index.php\/2026\/04\/02\/vida-e-fe-encontre-paz-na-protecao-divina\/#breadcrumb","itemListElement":[{"@type":"ListItem","position":1,"name":"Home","item":"https:\/\/salmosbiblicos.com.br\/"},{"@type":"ListItem","position":2,"name":"Vida e F\u00e9: Encontre Paz na Prote\u00e7\u00e3o Divina"}]},{"@type":"WebSite","@id":"https:\/\/salmosbiblicos.com.br\/#website","url":"https:\/\/salmosbiblicos.com.br\/","name":"Salmos B\u00edblicos","description":"Uma e-Livraria com e-Books novos para voc\u00ea refletir.","potentialAction":[{"@type":"SearchAction","target":{"@type":"EntryPoint","urlTemplate":"https:\/\/salmosbiblicos.com.br\/?s={search_term_string}"},"query-input":{"@type":"PropertyValueSpecification","valueRequired":true,"valueName":"search_term_string"}}],"inLanguage":"pt-BR"},{"@type":"Person","@id":"https:\/\/salmosbiblicos.com.br\/#\/schema\/person\/30586d0fb3f3a46b78a3414fc39cc975","name":"alextreh@gmail.com","image":{"@type":"ImageObject","inLanguage":"pt-BR","@id":"https:\/\/secure.gravatar.com\/avatar\/7cf84d31f581ec97b887c1039d478a7c293086896c84951a86753fb2c2af7527?s=96&d=mm&r=g","url":"https:\/\/secure.gravatar.com\/avatar\/7cf84d31f581ec97b887c1039d478a7c293086896c84951a86753fb2c2af7527?s=96&d=mm&r=g","contentUrl":"https:\/\/secure.gravatar.com\/avatar\/7cf84d31f581ec97b887c1039d478a7c293086896c84951a86753fb2c2af7527?s=96&d=mm&r=g","caption":"alextreh@gmail.com"},"sameAs":["http:\/\/salmosbiblicos.com.br"],"url":"https:\/\/salmosbiblicos.com.br\/index.php\/author\/alextrehgmail-com\/"}]}},"_links":{"self":[{"href":"https:\/\/salmosbiblicos.com.br\/index.php\/wp-json\/wp\/v2\/posts\/6350","targetHints":{"allow":["GET"]}}],"collection":[{"href":"https:\/\/salmosbiblicos.com.br\/index.php\/wp-json\/wp\/v2\/posts"}],"about":[{"href":"https:\/\/salmosbiblicos.com.br\/index.php\/wp-json\/wp\/v2\/types\/post"}],"author":[{"embeddable":true,"href":"https:\/\/salmosbiblicos.com.br\/index.php\/wp-json\/wp\/v2\/users\/1"}],"replies":[{"embeddable":true,"href":"https:\/\/salmosbiblicos.com.br\/index.php\/wp-json\/wp\/v2\/comments?post=6350"}],"version-history":[{"count":1,"href":"https:\/\/salmosbiblicos.com.br\/index.php\/wp-json\/wp\/v2\/posts\/6350\/revisions"}],"predecessor-version":[{"id":6351,"href":"https:\/\/salmosbiblicos.com.br\/index.php\/wp-json\/wp\/v2\/posts\/6350\/revisions\/6351"}],"wp:attachment":[{"href":"https:\/\/salmosbiblicos.com.br\/index.php\/wp-json\/wp\/v2\/media?parent=6350"}],"wp:term":[{"taxonomy":"category","embeddable":true,"href":"https:\/\/salmosbiblicos.com.br\/index.php\/wp-json\/wp\/v2\/categories?post=6350"},{"taxonomy":"post_tag","embeddable":true,"href":"https:\/\/salmosbiblicos.com.br\/index.php\/wp-json\/wp\/v2\/tags?post=6350"}],"curies":[{"name":"wp","href":"https:\/\/api.w.org\/{rel}","templated":true}]}}