{"id":6352,"date":"2026-04-02T05:12:03","date_gmt":"2026-04-02T08:12:03","guid":{"rendered":"https:\/\/salmosbiblicos.com.br\/?p=6352"},"modified":"2026-04-02T05:12:03","modified_gmt":"2026-04-02T08:12:03","slug":"justica-divina-compreendendo-a-graca-e-a-redencao","status":"publish","type":"post","link":"https:\/\/salmosbiblicos.com.br\/index.php\/2026\/04\/02\/justica-divina-compreendendo-a-graca-e-a-redencao\/","title":{"rendered":"Justi\u00e7a Divina: Compreendendo a Gra\u00e7a e a Reden\u00e7\u00e3o"},"content":{"rendered":"<p>## A Justi\u00e7a Divina e a Gra\u00e7a Redentora<\/p>\n<p>H\u00e1 uma busca incessante no cora\u00e7\u00e3o humano por justi\u00e7a, por equidade. Sentimos, em nossa ess\u00eancia, a necessidade de um equil\u00edbrio, de uma ordem que nos permita viver em paz e harmonia. Mas, por vezes, a realidade nos confronta com a imperfei\u00e7\u00e3o, com a falha, com o pecado que nos afasta dessa ordem ideal.<\/p>\n<p>### A Profunda Verdade do Pecado Original<\/p>\n<p>A Escritura nos revela que, desde o princ\u00edpio, essa busca por justi\u00e7a foi comprometida. Todos n\u00f3s, por natureza, carregamos em n\u00f3s as consequ\u00eancias de uma escolha antiga, um pecado que nos separou da fonte da gra\u00e7a e da luz. Essa sombra paira sobre a humanidade, nos deixando privados da gl\u00f3ria que nos pertence.<\/p>\n<p>### A Manifesta\u00e7\u00e3o da Justi\u00e7a de Deus<\/p>\n<p>Mas a esperan\u00e7a n\u00e3o est\u00e1 extinta! A justi\u00e7a de Deus, que por tanto tempo permanecera escondida, se manifesta atrav\u00e9s de uma obra extraordin\u00e1ria. N\u00e3o mais atrav\u00e9s da imposi\u00e7\u00e3o de leis ou da busca por m\u00e9ritos, mas atrav\u00e9s da gra\u00e7a, da miseric\u00f3rdia divina.<\/p>\n<p>### A Gra\u00e7a de Jesus Cristo<\/p>\n<p>Essa gra\u00e7a se materializa em Jesus Cristo, que se oferece como sacrif\u00edcio para a nossa reden\u00e7\u00e3o. Por meio de seu sangue precioso, nossa d\u00edvida \u00e9 paga, nossas faltas s\u00e3o perdoadas. **Essa justi\u00e7a \u00e9 dada gratuitamente, como um presente imerecido.** \u00c9 um ato de amor que transcende a nossa compreens\u00e3o.<\/p>\n<p>### A F\u00e9 como Caminho para a Justi\u00e7a<\/p>\n<p>A salva\u00e7\u00e3o n\u00e3o \u00e9 conquistada por obras, mas recebida pela f\u00e9. N\u00e3o podemos nos orgulhar de nossos esfor\u00e7os, pois tudo o que somos e temos prov\u00e9m da gra\u00e7a divina. A f\u00e9 \u00e9 a resposta, a entrega confiante a esse amor incondicional. \u00c9 dizer sim \u00e0 proposta de Deus, \u00e9 permitir que Ele transforme o nosso cora\u00e7\u00e3o.<\/p>\n<p>### Um Deus para Todos os Povos<\/p>\n<p>**N\u00e3o h\u00e1 distin\u00e7\u00e3o entre os que s\u00e3o considerados judeus e os que s\u00e3o chamados de pag\u00e3os.** A oferta da salva\u00e7\u00e3o \u00e9 universal, alcan\u00e7ando a todos que se abrem ao amor de Deus. A esperan\u00e7a n\u00e3o \u00e9 restrita a um grupo escolhido, mas se estende a toda a humanidade.<\/p>\n<p>### A Centralidade de Jesus Cristo<\/p>\n<p>Em meio a tantas ofertas, em meio a tantas vozes, existe um s\u00f3 nome que tem o poder de salvar. **\u00c9 somente atrav\u00e9s da f\u00e9 em Jesus Cristo que podemos encontrar a justi\u00e7a e a reconcilia\u00e7\u00e3o com Deus.**  \u00c9 em Seu nome que somos lavados, perdoados e transformados.<\/p>\n<p>### Entregue a Sua Vida<\/p>\n<p>Que possamos, ent\u00e3o, acolher essa gra\u00e7a com um cora\u00e7\u00e3o aberto e uma f\u00e9 sincera. Que possamos entregar a Ele a nossa vida, a nossa vontade, a nossa esperan\u00e7a. Que a f\u00e9 que nos justifica seja a for\u00e7a que nos guia em cada passo do caminho. <\/p>\n<p>Lembre-se, a justi\u00e7a de Deus \u00e9 acess\u00edvel a todos que buscam.  Que a gra\u00e7a de nosso Senhor Jesus Cristo esteja sempre presente em seus cora\u00e7\u00f5es.<\/p>\n","protected":false},"excerpt":{"rendered":"<p>## A Justi\u00e7a Divina e a Gra\u00e7a Redentora H\u00e1 uma busca incessante no cora\u00e7\u00e3o humano por justi\u00e7a, por equidade. Sentimos, em nossa ess\u00eancia, a necessidade de um equil\u00edbrio, de uma ordem que nos permita viver em paz e harmonia. Mas, por vezes, a realidade nos confronta com a imperfei\u00e7\u00e3o, com a falha, com o pecado [&hellip;]<\/p>\n","protected":false},"author":1,"featured_media":0,"comment_status":"closed","ping_status":"open","sticky":false,"template":"","format":"standard","meta":{"footnotes":""},"categories":[14],"tags":[],"class_list":["post-6352","post","type-post","status-publish","format-standard","hentry","category-reflexao"],"yoast_head":"<!-- This site is optimized with the Yoast SEO plugin v27.2 - https:\/\/yoast.com\/product\/yoast-seo-wordpress\/ -->\n<title>Justi\u00e7a Divina: Compreendendo a Gra\u00e7a e a Reden\u00e7\u00e3o - Salmos B\u00edblicos<\/title>\n<meta name=\"robots\" content=\"index, follow, max-snippet:-1, max-image-preview:large, max-video-preview:-1\" \/>\n<link rel=\"canonical\" href=\"https:\/\/salmosbiblicos.com.br\/index.php\/2026\/04\/02\/justica-divina-compreendendo-a-graca-e-a-redencao\/\" \/>\n<meta property=\"og:locale\" content=\"pt_BR\" \/>\n<meta property=\"og:type\" content=\"article\" \/>\n<meta property=\"og:title\" content=\"Justi\u00e7a Divina: Compreendendo a Gra\u00e7a e a Reden\u00e7\u00e3o - Salmos B\u00edblicos\" \/>\n<meta property=\"og:description\" content=\"## A Justi\u00e7a Divina e a Gra\u00e7a Redentora H\u00e1 uma busca incessante no cora\u00e7\u00e3o humano por justi\u00e7a, por equidade. Sentimos, em nossa ess\u00eancia, a necessidade de um equil\u00edbrio, de uma ordem que nos permita viver em paz e harmonia. Mas, por vezes, a realidade nos confronta com a imperfei\u00e7\u00e3o, com a falha, com o pecado [&hellip;]\" \/>\n<meta property=\"og:url\" content=\"https:\/\/salmosbiblicos.com.br\/index.php\/2026\/04\/02\/justica-divina-compreendendo-a-graca-e-a-redencao\/\" \/>\n<meta property=\"og:site_name\" content=\"Salmos B\u00edblicos\" \/>\n<meta property=\"article:published_time\" content=\"2026-04-02T08:12:03+00:00\" \/>\n<meta name=\"author\" content=\"alextreh@gmail.com\" \/>\n<meta name=\"twitter:card\" content=\"summary_large_image\" \/>\n<meta name=\"twitter:label1\" content=\"Escrito por\" \/>\n\t<meta name=\"twitter:data1\" content=\"alextreh@gmail.com\" \/>\n\t<meta name=\"twitter:label2\" content=\"Est. tempo de leitura\" \/>\n\t<meta name=\"twitter:data2\" content=\"3 minutos\" \/>\n<script type=\"application\/ld+json\" class=\"yoast-schema-graph\">{\"@context\":\"https:\/\/schema.org\",\"@graph\":[{\"@type\":\"Article\",\"@id\":\"https:\/\/salmosbiblicos.com.br\/index.php\/2026\/04\/02\/justica-divina-compreendendo-a-graca-e-a-redencao\/#article\",\"isPartOf\":{\"@id\":\"https:\/\/salmosbiblicos.com.br\/index.php\/2026\/04\/02\/justica-divina-compreendendo-a-graca-e-a-redencao\/\"},\"author\":{\"name\":\"alextreh@gmail.com\",\"@id\":\"https:\/\/salmosbiblicos.com.br\/#\/schema\/person\/30586d0fb3f3a46b78a3414fc39cc975\"},\"headline\":\"Justi\u00e7a Divina: Compreendendo a Gra\u00e7a e a Reden\u00e7\u00e3o\",\"datePublished\":\"2026-04-02T08:12:03+00:00\",\"mainEntityOfPage\":{\"@id\":\"https:\/\/salmosbiblicos.com.br\/index.php\/2026\/04\/02\/justica-divina-compreendendo-a-graca-e-a-redencao\/\"},\"wordCount\":528,\"articleSection\":[\"Reflex\u00e3o\"],\"inLanguage\":\"pt-BR\"},{\"@type\":\"WebPage\",\"@id\":\"https:\/\/salmosbiblicos.com.br\/index.php\/2026\/04\/02\/justica-divina-compreendendo-a-graca-e-a-redencao\/\",\"url\":\"https:\/\/salmosbiblicos.com.br\/index.php\/2026\/04\/02\/justica-divina-compreendendo-a-graca-e-a-redencao\/\",\"name\":\"Justi\u00e7a Divina: Compreendendo a Gra\u00e7a e a Reden\u00e7\u00e3o - Salmos B\u00edblicos\",\"isPartOf\":{\"@id\":\"https:\/\/salmosbiblicos.com.br\/#website\"},\"datePublished\":\"2026-04-02T08:12:03+00:00\",\"author\":{\"@id\":\"https:\/\/salmosbiblicos.com.br\/#\/schema\/person\/30586d0fb3f3a46b78a3414fc39cc975\"},\"breadcrumb\":{\"@id\":\"https:\/\/salmosbiblicos.com.br\/index.php\/2026\/04\/02\/justica-divina-compreendendo-a-graca-e-a-redencao\/#breadcrumb\"},\"inLanguage\":\"pt-BR\",\"potentialAction\":[{\"@type\":\"ReadAction\",\"target\":[\"https:\/\/salmosbiblicos.com.br\/index.php\/2026\/04\/02\/justica-divina-compreendendo-a-graca-e-a-redencao\/\"]}]},{\"@type\":\"BreadcrumbList\",\"@id\":\"https:\/\/salmosbiblicos.com.br\/index.php\/2026\/04\/02\/justica-divina-compreendendo-a-graca-e-a-redencao\/#breadcrumb\",\"itemListElement\":[{\"@type\":\"ListItem\",\"position\":1,\"name\":\"Home\",\"item\":\"https:\/\/salmosbiblicos.com.br\/\"},{\"@type\":\"ListItem\",\"position\":2,\"name\":\"Justi\u00e7a Divina: Compreendendo a Gra\u00e7a e a Reden\u00e7\u00e3o\"}]},{\"@type\":\"WebSite\",\"@id\":\"https:\/\/salmosbiblicos.com.br\/#website\",\"url\":\"https:\/\/salmosbiblicos.com.br\/\",\"name\":\"Salmos B\u00edblicos\",\"description\":\"Uma e-Livraria com e-Books novos para voc\u00ea refletir.\",\"potentialAction\":[{\"@type\":\"SearchAction\",\"target\":{\"@type\":\"EntryPoint\",\"urlTemplate\":\"https:\/\/salmosbiblicos.com.br\/?s={search_term_string}\"},\"query-input\":{\"@type\":\"PropertyValueSpecification\",\"valueRequired\":true,\"valueName\":\"search_term_string\"}}],\"inLanguage\":\"pt-BR\"},{\"@type\":\"Person\",\"@id\":\"https:\/\/salmosbiblicos.com.br\/#\/schema\/person\/30586d0fb3f3a46b78a3414fc39cc975\",\"name\":\"alextreh@gmail.com\",\"image\":{\"@type\":\"ImageObject\",\"inLanguage\":\"pt-BR\",\"@id\":\"https:\/\/secure.gravatar.com\/avatar\/7cf84d31f581ec97b887c1039d478a7c293086896c84951a86753fb2c2af7527?s=96&d=mm&r=g\",\"url\":\"https:\/\/secure.gravatar.com\/avatar\/7cf84d31f581ec97b887c1039d478a7c293086896c84951a86753fb2c2af7527?s=96&d=mm&r=g\",\"contentUrl\":\"https:\/\/secure.gravatar.com\/avatar\/7cf84d31f581ec97b887c1039d478a7c293086896c84951a86753fb2c2af7527?s=96&d=mm&r=g\",\"caption\":\"alextreh@gmail.com\"},\"sameAs\":[\"http:\/\/salmosbiblicos.com.br\"],\"url\":\"https:\/\/salmosbiblicos.com.br\/index.php\/author\/alextrehgmail-com\/\"}]}<\/script>\n<!-- \/ Yoast SEO plugin. -->","yoast_head_json":{"title":"Justi\u00e7a Divina: Compreendendo a Gra\u00e7a e a Reden\u00e7\u00e3o - Salmos B\u00edblicos","robots":{"index":"index","follow":"follow","max-snippet":"max-snippet:-1","max-image-preview":"max-image-preview:large","max-video-preview":"max-video-preview:-1"},"canonical":"https:\/\/salmosbiblicos.com.br\/index.php\/2026\/04\/02\/justica-divina-compreendendo-a-graca-e-a-redencao\/","og_locale":"pt_BR","og_type":"article","og_title":"Justi\u00e7a Divina: Compreendendo a Gra\u00e7a e a Reden\u00e7\u00e3o - Salmos B\u00edblicos","og_description":"## A Justi\u00e7a Divina e a Gra\u00e7a Redentora H\u00e1 uma busca incessante no cora\u00e7\u00e3o humano por justi\u00e7a, por equidade. Sentimos, em nossa ess\u00eancia, a necessidade de um equil\u00edbrio, de uma ordem que nos permita viver em paz e harmonia. Mas, por vezes, a realidade nos confronta com a imperfei\u00e7\u00e3o, com a falha, com o pecado [&hellip;]","og_url":"https:\/\/salmosbiblicos.com.br\/index.php\/2026\/04\/02\/justica-divina-compreendendo-a-graca-e-a-redencao\/","og_site_name":"Salmos B\u00edblicos","article_published_time":"2026-04-02T08:12:03+00:00","author":"alextreh@gmail.com","twitter_card":"summary_large_image","twitter_misc":{"Escrito por":"alextreh@gmail.com","Est. tempo de leitura":"3 minutos"},"schema":{"@context":"https:\/\/schema.org","@graph":[{"@type":"Article","@id":"https:\/\/salmosbiblicos.com.br\/index.php\/2026\/04\/02\/justica-divina-compreendendo-a-graca-e-a-redencao\/#article","isPartOf":{"@id":"https:\/\/salmosbiblicos.com.br\/index.php\/2026\/04\/02\/justica-divina-compreendendo-a-graca-e-a-redencao\/"},"author":{"name":"alextreh@gmail.com","@id":"https:\/\/salmosbiblicos.com.br\/#\/schema\/person\/30586d0fb3f3a46b78a3414fc39cc975"},"headline":"Justi\u00e7a Divina: Compreendendo a Gra\u00e7a e a Reden\u00e7\u00e3o","datePublished":"2026-04-02T08:12:03+00:00","mainEntityOfPage":{"@id":"https:\/\/salmosbiblicos.com.br\/index.php\/2026\/04\/02\/justica-divina-compreendendo-a-graca-e-a-redencao\/"},"wordCount":528,"articleSection":["Reflex\u00e3o"],"inLanguage":"pt-BR"},{"@type":"WebPage","@id":"https:\/\/salmosbiblicos.com.br\/index.php\/2026\/04\/02\/justica-divina-compreendendo-a-graca-e-a-redencao\/","url":"https:\/\/salmosbiblicos.com.br\/index.php\/2026\/04\/02\/justica-divina-compreendendo-a-graca-e-a-redencao\/","name":"Justi\u00e7a Divina: Compreendendo a Gra\u00e7a e a Reden\u00e7\u00e3o - Salmos B\u00edblicos","isPartOf":{"@id":"https:\/\/salmosbiblicos.com.br\/#website"},"datePublished":"2026-04-02T08:12:03+00:00","author":{"@id":"https:\/\/salmosbiblicos.com.br\/#\/schema\/person\/30586d0fb3f3a46b78a3414fc39cc975"},"breadcrumb":{"@id":"https:\/\/salmosbiblicos.com.br\/index.php\/2026\/04\/02\/justica-divina-compreendendo-a-graca-e-a-redencao\/#breadcrumb"},"inLanguage":"pt-BR","potentialAction":[{"@type":"ReadAction","target":["https:\/\/salmosbiblicos.com.br\/index.php\/2026\/04\/02\/justica-divina-compreendendo-a-graca-e-a-redencao\/"]}]},{"@type":"BreadcrumbList","@id":"https:\/\/salmosbiblicos.com.br\/index.php\/2026\/04\/02\/justica-divina-compreendendo-a-graca-e-a-redencao\/#breadcrumb","itemListElement":[{"@type":"ListItem","position":1,"name":"Home","item":"https:\/\/salmosbiblicos.com.br\/"},{"@type":"ListItem","position":2,"name":"Justi\u00e7a Divina: Compreendendo a Gra\u00e7a e a Reden\u00e7\u00e3o"}]},{"@type":"WebSite","@id":"https:\/\/salmosbiblicos.com.br\/#website","url":"https:\/\/salmosbiblicos.com.br\/","name":"Salmos B\u00edblicos","description":"Uma e-Livraria com e-Books novos para voc\u00ea refletir.","potentialAction":[{"@type":"SearchAction","target":{"@type":"EntryPoint","urlTemplate":"https:\/\/salmosbiblicos.com.br\/?s={search_term_string}"},"query-input":{"@type":"PropertyValueSpecification","valueRequired":true,"valueName":"search_term_string"}}],"inLanguage":"pt-BR"},{"@type":"Person","@id":"https:\/\/salmosbiblicos.com.br\/#\/schema\/person\/30586d0fb3f3a46b78a3414fc39cc975","name":"alextreh@gmail.com","image":{"@type":"ImageObject","inLanguage":"pt-BR","@id":"https:\/\/secure.gravatar.com\/avatar\/7cf84d31f581ec97b887c1039d478a7c293086896c84951a86753fb2c2af7527?s=96&d=mm&r=g","url":"https:\/\/secure.gravatar.com\/avatar\/7cf84d31f581ec97b887c1039d478a7c293086896c84951a86753fb2c2af7527?s=96&d=mm&r=g","contentUrl":"https:\/\/secure.gravatar.com\/avatar\/7cf84d31f581ec97b887c1039d478a7c293086896c84951a86753fb2c2af7527?s=96&d=mm&r=g","caption":"alextreh@gmail.com"},"sameAs":["http:\/\/salmosbiblicos.com.br"],"url":"https:\/\/salmosbiblicos.com.br\/index.php\/author\/alextrehgmail-com\/"}]}},"_links":{"self":[{"href":"https:\/\/salmosbiblicos.com.br\/index.php\/wp-json\/wp\/v2\/posts\/6352","targetHints":{"allow":["GET"]}}],"collection":[{"href":"https:\/\/salmosbiblicos.com.br\/index.php\/wp-json\/wp\/v2\/posts"}],"about":[{"href":"https:\/\/salmosbiblicos.com.br\/index.php\/wp-json\/wp\/v2\/types\/post"}],"author":[{"embeddable":true,"href":"https:\/\/salmosbiblicos.com.br\/index.php\/wp-json\/wp\/v2\/users\/1"}],"replies":[{"embeddable":true,"href":"https:\/\/salmosbiblicos.com.br\/index.php\/wp-json\/wp\/v2\/comments?post=6352"}],"version-history":[{"count":1,"href":"https:\/\/salmosbiblicos.com.br\/index.php\/wp-json\/wp\/v2\/posts\/6352\/revisions"}],"predecessor-version":[{"id":6353,"href":"https:\/\/salmosbiblicos.com.br\/index.php\/wp-json\/wp\/v2\/posts\/6352\/revisions\/6353"}],"wp:attachment":[{"href":"https:\/\/salmosbiblicos.com.br\/index.php\/wp-json\/wp\/v2\/media?parent=6352"}],"wp:term":[{"taxonomy":"category","embeddable":true,"href":"https:\/\/salmosbiblicos.com.br\/index.php\/wp-json\/wp\/v2\/categories?post=6352"},{"taxonomy":"post_tag","embeddable":true,"href":"https:\/\/salmosbiblicos.com.br\/index.php\/wp-json\/wp\/v2\/tags?post=6352"}],"curies":[{"name":"wp","href":"https:\/\/api.w.org\/{rel}","templated":true}]}}