{"id":6372,"date":"2026-04-02T06:58:21","date_gmt":"2026-04-02T09:58:21","guid":{"rendered":"https:\/\/salmosbiblicos.com.br\/?p=6372"},"modified":"2026-04-02T06:58:21","modified_gmt":"2026-04-02T09:58:21","slug":"arcanjos-revelacao-da-batalha-cosmica-e-o-chamado-a-fe","status":"publish","type":"post","link":"https:\/\/salmosbiblicos.com.br\/index.php\/2026\/04\/02\/arcanjos-revelacao-da-batalha-cosmica-e-o-chamado-a-fe\/","title":{"rendered":"Arcanjos: Revela\u00e7\u00e3o da Batalha C\u00f3smica e o Chamado \u00e0 F\u00e9"},"content":{"rendered":"<p>## A Batalha Espiritual e o Chamado \u00e0 F\u00e9<\/p>\n<p>H\u00e1 tempos, em um evento c\u00f3smico de propor\u00e7\u00f5es inimagin\u00e1veis, um conflito reverberou atrav\u00e9s do firmamento. Um confronto entre a luz e a escurid\u00e3o, a ordem e a desordem, a fidelidade e a rebeli\u00e3o.  Este \u00e9 um dia especial, o dia dos Arcanjos, um dia para contemplar a for\u00e7a e a prote\u00e7\u00e3o que nos s\u00e3o oferecidas.<\/p>\n<p>### Uma Revela\u00e7\u00e3o do Apocalipse<\/p>\n<p>As Escrituras nos revelam, atrav\u00e9s das palavras de Jo\u00e3o, uma realidade surpreendente: houve uma batalha nos c\u00e9us. Miguel e seus anjos guerrearam contra o drag\u00e3o, antiga serpente, personifica\u00e7\u00e3o do mal. Esta n\u00e3o \u00e9 uma hist\u00f3ria de contos de fadas, mas uma **revela\u00e7\u00e3o fundamental** sobre a natureza do universo e a luta constante entre o bem e o mal. <\/p>\n<p>O drag\u00e3o, o Satan\u00e1s, o sedutor do mundo inteiro, foi derrotado e expulso do c\u00e9u.  Mas a vit\u00f3ria n\u00e3o se limita a um evento distante. Ela ressoa em nossos cora\u00e7\u00f5es, anunciando a salva\u00e7\u00e3o, a for\u00e7a e o poder de Deus que nos libertam do acusador.<\/p>\n<p>### A Liberdade da Escolha e a Prova da Vida<\/p>\n<p>Assim como nos c\u00e9us, aqui na Terra, a liberdade de escolha \u00e9 um dom precioso. Cada um de n\u00f3s tem a capacidade de escolher entre o caminho da luz e o caminho das trevas, entre o amor a Deus e o afastamento d\u2019Ele. Ningu\u00e9m pode for\u00e7ar a f\u00e9 em outro, pois a verdadeira ades\u00e3o vem do cora\u00e7\u00e3o. <\/p>\n<p>A vida, portanto, \u00e9 uma prova, um per\u00edodo de discernimento onde testamos nossas convic\u00e7\u00f5es e manifestamos nossos verdadeiros desejos. Nossas a\u00e7\u00f5es e atitudes s\u00e3o o reflexo dessa escolha, a medida do nosso compromisso com o bem.<\/p>\n<p>### O Pecado Contra o Esp\u00edrito e a Impossibilidade do Arrependimento<\/p>\n<p>Os anjos tamb\u00e9m enfrentaram uma prova semelhante, uma decis\u00e3o crucial sobre a sua fidelidade a Deus. Alguns, consumidos pelo orgulho e pela rebeli\u00e3o, escolheram o caminho do drag\u00e3o. Essa escolha resultou em uma expuls\u00e3o definitiva do para\u00edso, pois a reden\u00e7\u00e3o n\u00e3o \u00e9 poss\u00edvel para os anjos.<\/p>\n<p>Existe um pecado irrepar\u00e1vel, o pecado contra o Esp\u00edrito Santo: a rejei\u00e7\u00e3o do perd\u00e3o divino. N\u00e3o \u00e9 que Deus se recusa a perdoar, mas sim que a alma se fecha \u00e0 miseric\u00f3rdia, preferindo a escurid\u00e3o \u00e0 luz. O diabo, em sua obstina\u00e7\u00e3o, personifica essa escolha, buscando nos seduzir a trilhar o mesmo caminho de rebeli\u00e3o.<\/p>\n<p>### Miguel, o Pequeno Anjo que Batalhou com F\u00e9<\/p>\n<p>Em meio a essa batalha colossal, emerge a figura de Miguel, um anjo de aparente fragilidade, mas imensa coragem. Ele representa a for\u00e7a da humildade e da perseveran\u00e7a, a certeza de que mesmo os mais humildes podem vencer o mal pela f\u00e9 e pela obedi\u00eancia. <\/p>\n<p>O drag\u00e3o foi expulso para a Terra, onde continua sua obra de sedu\u00e7\u00e3o, tentando nos desviar do caminho da salva\u00e7\u00e3o. A boa not\u00edcia \u00e9 que Miguel e seus anjos est\u00e3o aqui para nos defender.<\/p>\n<p>### O Chamado \u00e0 Defesa da F\u00e9<\/p>\n<p>Neste dia, o dia de S\u00e3o Miguel Arcanjo, respondamos ao seu chamado. Fortalecemos a nossa f\u00e9, busquemos a prote\u00e7\u00e3o divina e resistamos \u00e0s tenta\u00e7\u00f5es do mundo.<\/p>\n<p>*   **Reconhe\u00e7a** a batalha espiritual que se trava ao seu redor.<br \/>*   **Busque** a for\u00e7a de Deus para resistir \u00e0s tenta\u00e7\u00f5es.<br \/>*   **Fortale\u00e7a** a sua f\u00e9 atrav\u00e9s da ora\u00e7\u00e3o e da reflex\u00e3o.<br \/>*   **Seja** um instrumento da paz e da justi\u00e7a no mundo.<br \/>*   **Permita** que Miguel, o Arcanjo, seja o seu defensor.<\/p>\n<p>Que a luz de Deus ilumine o nosso caminho e nos guie \u00e0 vit\u00f3ria, em nome do Pai, do Filho e do Esp\u00edrito Santo. Am\u00e9m.<\/p>\n","protected":false},"excerpt":{"rendered":"<p>## A Batalha Espiritual e o Chamado \u00e0 F\u00e9 H\u00e1 tempos, em um evento c\u00f3smico de propor\u00e7\u00f5es inimagin\u00e1veis, um conflito reverberou atrav\u00e9s do firmamento. Um confronto entre a luz e a escurid\u00e3o, a ordem e a desordem, a fidelidade e a rebeli\u00e3o. Este \u00e9 um dia especial, o dia dos Arcanjos, um dia para contemplar [&hellip;]<\/p>\n","protected":false},"author":1,"featured_media":0,"comment_status":"closed","ping_status":"open","sticky":false,"template":"","format":"standard","meta":{"footnotes":""},"categories":[14],"tags":[],"class_list":["post-6372","post","type-post","status-publish","format-standard","hentry","category-reflexao"],"yoast_head":"<!-- This site is optimized with the Yoast SEO plugin v27.2 - https:\/\/yoast.com\/product\/yoast-seo-wordpress\/ -->\n<title>Arcanjos: Revela\u00e7\u00e3o da Batalha C\u00f3smica e o Chamado \u00e0 F\u00e9 - Salmos B\u00edblicos<\/title>\n<meta name=\"robots\" content=\"index, follow, max-snippet:-1, max-image-preview:large, max-video-preview:-1\" \/>\n<link rel=\"canonical\" href=\"http:\/\/salmosbiblicos.com.br\/index.php\/2026\/04\/02\/arcanjos-revelacao-da-batalha-cosmica-e-o-chamado-a-fe\/\" \/>\n<meta property=\"og:locale\" content=\"pt_BR\" \/>\n<meta property=\"og:type\" content=\"article\" \/>\n<meta property=\"og:title\" content=\"Arcanjos: Revela\u00e7\u00e3o da Batalha C\u00f3smica e o Chamado \u00e0 F\u00e9 - Salmos B\u00edblicos\" \/>\n<meta property=\"og:description\" content=\"## A Batalha Espiritual e o Chamado \u00e0 F\u00e9 H\u00e1 tempos, em um evento c\u00f3smico de propor\u00e7\u00f5es inimagin\u00e1veis, um conflito reverberou atrav\u00e9s do firmamento. Um confronto entre a luz e a escurid\u00e3o, a ordem e a desordem, a fidelidade e a rebeli\u00e3o. Este \u00e9 um dia especial, o dia dos Arcanjos, um dia para contemplar [&hellip;]\" \/>\n<meta property=\"og:url\" content=\"http:\/\/salmosbiblicos.com.br\/index.php\/2026\/04\/02\/arcanjos-revelacao-da-batalha-cosmica-e-o-chamado-a-fe\/\" \/>\n<meta property=\"og:site_name\" content=\"Salmos B\u00edblicos\" \/>\n<meta property=\"article:published_time\" content=\"2026-04-02T09:58:21+00:00\" \/>\n<meta name=\"author\" content=\"alextreh@gmail.com\" \/>\n<meta name=\"twitter:card\" content=\"summary_large_image\" \/>\n<meta name=\"twitter:label1\" content=\"Escrito por\" \/>\n\t<meta name=\"twitter:data1\" content=\"alextreh@gmail.com\" \/>\n\t<meta name=\"twitter:label2\" content=\"Est. tempo de leitura\" \/>\n\t<meta name=\"twitter:data2\" content=\"3 minutos\" \/>\n<script type=\"application\/ld+json\" class=\"yoast-schema-graph\">{\"@context\":\"https:\/\/schema.org\",\"@graph\":[{\"@type\":\"Article\",\"@id\":\"http:\/\/salmosbiblicos.com.br\/index.php\/2026\/04\/02\/arcanjos-revelacao-da-batalha-cosmica-e-o-chamado-a-fe\/#article\",\"isPartOf\":{\"@id\":\"http:\/\/salmosbiblicos.com.br\/index.php\/2026\/04\/02\/arcanjos-revelacao-da-batalha-cosmica-e-o-chamado-a-fe\/\"},\"author\":{\"name\":\"alextreh@gmail.com\",\"@id\":\"https:\/\/salmosbiblicos.com.br\/#\/schema\/person\/30586d0fb3f3a46b78a3414fc39cc975\"},\"headline\":\"Arcanjos: Revela\u00e7\u00e3o da Batalha C\u00f3smica e o Chamado \u00e0 F\u00e9\",\"datePublished\":\"2026-04-02T09:58:21+00:00\",\"mainEntityOfPage\":{\"@id\":\"http:\/\/salmosbiblicos.com.br\/index.php\/2026\/04\/02\/arcanjos-revelacao-da-batalha-cosmica-e-o-chamado-a-fe\/\"},\"wordCount\":652,\"articleSection\":[\"Reflex\u00e3o\"],\"inLanguage\":\"pt-BR\"},{\"@type\":\"WebPage\",\"@id\":\"http:\/\/salmosbiblicos.com.br\/index.php\/2026\/04\/02\/arcanjos-revelacao-da-batalha-cosmica-e-o-chamado-a-fe\/\",\"url\":\"http:\/\/salmosbiblicos.com.br\/index.php\/2026\/04\/02\/arcanjos-revelacao-da-batalha-cosmica-e-o-chamado-a-fe\/\",\"name\":\"Arcanjos: Revela\u00e7\u00e3o da Batalha C\u00f3smica e o Chamado \u00e0 F\u00e9 - Salmos B\u00edblicos\",\"isPartOf\":{\"@id\":\"https:\/\/salmosbiblicos.com.br\/#website\"},\"datePublished\":\"2026-04-02T09:58:21+00:00\",\"author\":{\"@id\":\"https:\/\/salmosbiblicos.com.br\/#\/schema\/person\/30586d0fb3f3a46b78a3414fc39cc975\"},\"breadcrumb\":{\"@id\":\"http:\/\/salmosbiblicos.com.br\/index.php\/2026\/04\/02\/arcanjos-revelacao-da-batalha-cosmica-e-o-chamado-a-fe\/#breadcrumb\"},\"inLanguage\":\"pt-BR\",\"potentialAction\":[{\"@type\":\"ReadAction\",\"target\":[\"http:\/\/salmosbiblicos.com.br\/index.php\/2026\/04\/02\/arcanjos-revelacao-da-batalha-cosmica-e-o-chamado-a-fe\/\"]}]},{\"@type\":\"BreadcrumbList\",\"@id\":\"http:\/\/salmosbiblicos.com.br\/index.php\/2026\/04\/02\/arcanjos-revelacao-da-batalha-cosmica-e-o-chamado-a-fe\/#breadcrumb\",\"itemListElement\":[{\"@type\":\"ListItem\",\"position\":1,\"name\":\"Home\",\"item\":\"https:\/\/salmosbiblicos.com.br\/\"},{\"@type\":\"ListItem\",\"position\":2,\"name\":\"Arcanjos: Revela\u00e7\u00e3o da Batalha C\u00f3smica e o Chamado \u00e0 F\u00e9\"}]},{\"@type\":\"WebSite\",\"@id\":\"https:\/\/salmosbiblicos.com.br\/#website\",\"url\":\"https:\/\/salmosbiblicos.com.br\/\",\"name\":\"Salmos B\u00edblicos\",\"description\":\"Uma e-Livraria com e-Books novos para voc\u00ea refletir.\",\"potentialAction\":[{\"@type\":\"SearchAction\",\"target\":{\"@type\":\"EntryPoint\",\"urlTemplate\":\"https:\/\/salmosbiblicos.com.br\/?s={search_term_string}\"},\"query-input\":{\"@type\":\"PropertyValueSpecification\",\"valueRequired\":true,\"valueName\":\"search_term_string\"}}],\"inLanguage\":\"pt-BR\"},{\"@type\":\"Person\",\"@id\":\"https:\/\/salmosbiblicos.com.br\/#\/schema\/person\/30586d0fb3f3a46b78a3414fc39cc975\",\"name\":\"alextreh@gmail.com\",\"image\":{\"@type\":\"ImageObject\",\"inLanguage\":\"pt-BR\",\"@id\":\"https:\/\/secure.gravatar.com\/avatar\/7cf84d31f581ec97b887c1039d478a7c293086896c84951a86753fb2c2af7527?s=96&d=mm&r=g\",\"url\":\"https:\/\/secure.gravatar.com\/avatar\/7cf84d31f581ec97b887c1039d478a7c293086896c84951a86753fb2c2af7527?s=96&d=mm&r=g\",\"contentUrl\":\"https:\/\/secure.gravatar.com\/avatar\/7cf84d31f581ec97b887c1039d478a7c293086896c84951a86753fb2c2af7527?s=96&d=mm&r=g\",\"caption\":\"alextreh@gmail.com\"},\"sameAs\":[\"http:\/\/salmosbiblicos.com.br\"],\"url\":\"https:\/\/salmosbiblicos.com.br\/index.php\/author\/alextrehgmail-com\/\"}]}<\/script>\n<!-- \/ Yoast SEO plugin. -->","yoast_head_json":{"title":"Arcanjos: Revela\u00e7\u00e3o da Batalha C\u00f3smica e o Chamado \u00e0 F\u00e9 - Salmos B\u00edblicos","robots":{"index":"index","follow":"follow","max-snippet":"max-snippet:-1","max-image-preview":"max-image-preview:large","max-video-preview":"max-video-preview:-1"},"canonical":"http:\/\/salmosbiblicos.com.br\/index.php\/2026\/04\/02\/arcanjos-revelacao-da-batalha-cosmica-e-o-chamado-a-fe\/","og_locale":"pt_BR","og_type":"article","og_title":"Arcanjos: Revela\u00e7\u00e3o da Batalha C\u00f3smica e o Chamado \u00e0 F\u00e9 - Salmos B\u00edblicos","og_description":"## A Batalha Espiritual e o Chamado \u00e0 F\u00e9 H\u00e1 tempos, em um evento c\u00f3smico de propor\u00e7\u00f5es inimagin\u00e1veis, um conflito reverberou atrav\u00e9s do firmamento. Um confronto entre a luz e a escurid\u00e3o, a ordem e a desordem, a fidelidade e a rebeli\u00e3o. Este \u00e9 um dia especial, o dia dos Arcanjos, um dia para contemplar [&hellip;]","og_url":"http:\/\/salmosbiblicos.com.br\/index.php\/2026\/04\/02\/arcanjos-revelacao-da-batalha-cosmica-e-o-chamado-a-fe\/","og_site_name":"Salmos B\u00edblicos","article_published_time":"2026-04-02T09:58:21+00:00","author":"alextreh@gmail.com","twitter_card":"summary_large_image","twitter_misc":{"Escrito por":"alextreh@gmail.com","Est. tempo de leitura":"3 minutos"},"schema":{"@context":"https:\/\/schema.org","@graph":[{"@type":"Article","@id":"http:\/\/salmosbiblicos.com.br\/index.php\/2026\/04\/02\/arcanjos-revelacao-da-batalha-cosmica-e-o-chamado-a-fe\/#article","isPartOf":{"@id":"http:\/\/salmosbiblicos.com.br\/index.php\/2026\/04\/02\/arcanjos-revelacao-da-batalha-cosmica-e-o-chamado-a-fe\/"},"author":{"name":"alextreh@gmail.com","@id":"https:\/\/salmosbiblicos.com.br\/#\/schema\/person\/30586d0fb3f3a46b78a3414fc39cc975"},"headline":"Arcanjos: Revela\u00e7\u00e3o da Batalha C\u00f3smica e o Chamado \u00e0 F\u00e9","datePublished":"2026-04-02T09:58:21+00:00","mainEntityOfPage":{"@id":"http:\/\/salmosbiblicos.com.br\/index.php\/2026\/04\/02\/arcanjos-revelacao-da-batalha-cosmica-e-o-chamado-a-fe\/"},"wordCount":652,"articleSection":["Reflex\u00e3o"],"inLanguage":"pt-BR"},{"@type":"WebPage","@id":"http:\/\/salmosbiblicos.com.br\/index.php\/2026\/04\/02\/arcanjos-revelacao-da-batalha-cosmica-e-o-chamado-a-fe\/","url":"http:\/\/salmosbiblicos.com.br\/index.php\/2026\/04\/02\/arcanjos-revelacao-da-batalha-cosmica-e-o-chamado-a-fe\/","name":"Arcanjos: Revela\u00e7\u00e3o da Batalha C\u00f3smica e o Chamado \u00e0 F\u00e9 - Salmos B\u00edblicos","isPartOf":{"@id":"https:\/\/salmosbiblicos.com.br\/#website"},"datePublished":"2026-04-02T09:58:21+00:00","author":{"@id":"https:\/\/salmosbiblicos.com.br\/#\/schema\/person\/30586d0fb3f3a46b78a3414fc39cc975"},"breadcrumb":{"@id":"http:\/\/salmosbiblicos.com.br\/index.php\/2026\/04\/02\/arcanjos-revelacao-da-batalha-cosmica-e-o-chamado-a-fe\/#breadcrumb"},"inLanguage":"pt-BR","potentialAction":[{"@type":"ReadAction","target":["http:\/\/salmosbiblicos.com.br\/index.php\/2026\/04\/02\/arcanjos-revelacao-da-batalha-cosmica-e-o-chamado-a-fe\/"]}]},{"@type":"BreadcrumbList","@id":"http:\/\/salmosbiblicos.com.br\/index.php\/2026\/04\/02\/arcanjos-revelacao-da-batalha-cosmica-e-o-chamado-a-fe\/#breadcrumb","itemListElement":[{"@type":"ListItem","position":1,"name":"Home","item":"https:\/\/salmosbiblicos.com.br\/"},{"@type":"ListItem","position":2,"name":"Arcanjos: Revela\u00e7\u00e3o da Batalha C\u00f3smica e o Chamado \u00e0 F\u00e9"}]},{"@type":"WebSite","@id":"https:\/\/salmosbiblicos.com.br\/#website","url":"https:\/\/salmosbiblicos.com.br\/","name":"Salmos B\u00edblicos","description":"Uma e-Livraria com e-Books novos para voc\u00ea refletir.","potentialAction":[{"@type":"SearchAction","target":{"@type":"EntryPoint","urlTemplate":"https:\/\/salmosbiblicos.com.br\/?s={search_term_string}"},"query-input":{"@type":"PropertyValueSpecification","valueRequired":true,"valueName":"search_term_string"}}],"inLanguage":"pt-BR"},{"@type":"Person","@id":"https:\/\/salmosbiblicos.com.br\/#\/schema\/person\/30586d0fb3f3a46b78a3414fc39cc975","name":"alextreh@gmail.com","image":{"@type":"ImageObject","inLanguage":"pt-BR","@id":"https:\/\/secure.gravatar.com\/avatar\/7cf84d31f581ec97b887c1039d478a7c293086896c84951a86753fb2c2af7527?s=96&d=mm&r=g","url":"https:\/\/secure.gravatar.com\/avatar\/7cf84d31f581ec97b887c1039d478a7c293086896c84951a86753fb2c2af7527?s=96&d=mm&r=g","contentUrl":"https:\/\/secure.gravatar.com\/avatar\/7cf84d31f581ec97b887c1039d478a7c293086896c84951a86753fb2c2af7527?s=96&d=mm&r=g","caption":"alextreh@gmail.com"},"sameAs":["http:\/\/salmosbiblicos.com.br"],"url":"https:\/\/salmosbiblicos.com.br\/index.php\/author\/alextrehgmail-com\/"}]}},"_links":{"self":[{"href":"https:\/\/salmosbiblicos.com.br\/index.php\/wp-json\/wp\/v2\/posts\/6372","targetHints":{"allow":["GET"]}}],"collection":[{"href":"https:\/\/salmosbiblicos.com.br\/index.php\/wp-json\/wp\/v2\/posts"}],"about":[{"href":"https:\/\/salmosbiblicos.com.br\/index.php\/wp-json\/wp\/v2\/types\/post"}],"author":[{"embeddable":true,"href":"https:\/\/salmosbiblicos.com.br\/index.php\/wp-json\/wp\/v2\/users\/1"}],"replies":[{"embeddable":true,"href":"https:\/\/salmosbiblicos.com.br\/index.php\/wp-json\/wp\/v2\/comments?post=6372"}],"version-history":[{"count":1,"href":"https:\/\/salmosbiblicos.com.br\/index.php\/wp-json\/wp\/v2\/posts\/6372\/revisions"}],"predecessor-version":[{"id":6373,"href":"https:\/\/salmosbiblicos.com.br\/index.php\/wp-json\/wp\/v2\/posts\/6372\/revisions\/6373"}],"wp:attachment":[{"href":"https:\/\/salmosbiblicos.com.br\/index.php\/wp-json\/wp\/v2\/media?parent=6372"}],"wp:term":[{"taxonomy":"category","embeddable":true,"href":"https:\/\/salmosbiblicos.com.br\/index.php\/wp-json\/wp\/v2\/categories?post=6372"},{"taxonomy":"post_tag","embeddable":true,"href":"https:\/\/salmosbiblicos.com.br\/index.php\/wp-json\/wp\/v2\/tags?post=6372"}],"curies":[{"name":"wp","href":"https:\/\/api.w.org\/{rel}","templated":true}]}}