{"id":6376,"date":"2026-04-02T07:12:26","date_gmt":"2026-04-02T10:12:26","guid":{"rendered":"https:\/\/salmosbiblicos.com.br\/?p=6376"},"modified":"2026-04-02T07:12:26","modified_gmt":"2026-04-02T10:12:26","slug":"chamado-espiritual-a-escolha-a-missao-e-a-autoridade-divina","status":"publish","type":"post","link":"https:\/\/salmosbiblicos.com.br\/index.php\/2026\/04\/02\/chamado-espiritual-a-escolha-a-missao-e-a-autoridade-divina\/","title":{"rendered":"Chamado Espiritual: A Escolha, a Miss\u00e3o e a Autoridade Divina"},"content":{"rendered":"<p>## A Chamada e a Autoridade Espiritual<\/p>\n<p>H\u00e1 um momento sublime na vida de cada um: o instante em que percebemos que fomos tocados por uma for\u00e7a maior, convidados a fazer parte de algo grandioso. \u00c9 a lembran\u00e7a de que, em meio \u00e0 jornada, somos escolhidos, chamados a uma miss\u00e3o. Essa convic\u00e7\u00e3o, essa certeza, pode ser um b\u00e1lsamo para a alma, um alento em tempos de prova\u00e7\u00e3o.<\/p>\n<p>### O Disc\u00edpulo Escolhido<\/p>\n<p>A Escritura nos relata a hist\u00f3ria de doze homens escolhidos por Jesus, dotados de poder para curar e proclamar o Reino. E algo ainda mais profundo: a promessa de que cada um de n\u00f3s, \u00e0 nossa maneira, tamb\u00e9m fomos escolhidos. Essa escolha n\u00e3o \u00e9 um fardo, mas uma gra\u00e7a, uma oportunidade de vivermos em sintonia com a vontade divina.<\/p>\n<p>Mas, com a escolha, vem a responsabilidade. O chamado nos convida a seguir os passos do Mestre, a refletir a Sua luz no mundo. \u00c9 um convite a sermos disc\u00edpulos, n\u00e3o apenas em palavras, mas em a\u00e7\u00f5es, em amor ao pr\u00f3ximo.<\/p>\n<p>### A Batalha Espiritual<\/p>\n<p>A jornada do disc\u00edpulo, no entanto, n\u00e3o \u00e9 isenta de desafios. A Escritura nos adverte: nossa luta n\u00e3o \u00e9 contra os homens, mas contra as for\u00e7as do mal. As sombras que nos assombram, as enfermidades que nos afligem, as ang\u00fastias que nos corroem \u2013 muitas vezes, s\u00e3o reflexos de uma batalha espiritual que se trava em nosso interior.<\/p>\n<p>Entendemos, ent\u00e3o, que a for\u00e7a para superar esses obst\u00e1culos n\u00e3o reside em n\u00f3s mesmos, mas na gra\u00e7a divina, na autoridade que emana do pr\u00f3prio Jesus. <\/p>\n<p>### A Autoridade em Seu Nome<\/p>\n<p>H\u00e1 um relato impressionante que ilustra a import\u00e2ncia de vivermos em comunh\u00e3o com essa autoridade. Relatos de aqueles que tentaram empreender a expuls\u00e3o de esp\u00edritos malignos sem a for\u00e7a da f\u00e9. As palavras que ecoaram na escurid\u00e3o: &#8220;Eu sei quem \u00e9 Paulo, mas quem \u00e9 voc\u00ea?&#8221;. Essa pergunta ressalta a import\u00e2ncia de estarmos conectados \u00e0 fonte da autoridade espiritual: o pr\u00f3prio Jesus Cristo.<\/p>\n<p>N\u00e3o se trata de buscar reconhecimento ou poder pessoal, mas de nos revestirmos da for\u00e7a que emana do amor divino. A autoridade em nome de Jesus se manifesta na vida daqueles que se entregam a Ele, que se nutrem da Sua palavra e que se fortalecem nos sacramentos.<\/p>\n<p>### Fortalecendo a Alma<\/p>\n<p>A f\u00e9 \u00e9 como uma chama: precisa ser alimentada para n\u00e3o se extinguir. Para que possamos exercer a autoridade que nos foi dada, precisamos:<\/p>\n<p>*   **Aprofundar-nos na Palavra:** A Escritura \u00e9 a luz que ilumina o nosso caminho, a b\u00fassola que nos guia em meio \u00e0 tempestade.<br \/>*   **Viver os Sacramentos:** S\u00e3o canais de gra\u00e7a divina, fontes de for\u00e7a e renova\u00e7\u00e3o espiritual.<br \/>*   **Viver em Amor ao Pr\u00f3ximo:** A pr\u00e1tica da caridade e da compaix\u00e3o nos conecta \u00e0 ess\u00eancia do Evangelho.<\/p>\n<p>Ao nos dedicarmos a essas pr\u00e1ticas, fortalecemos a nossa alma e nos tornamos instrumentos de paz e esperan\u00e7a no mundo. Que possamos, ent\u00e3o, viver com a certeza de que fomos escolhidos, chamados e aben\u00e7oados com a autoridade de Jesus Cristo para vencer todo o mal e proclamar a Sua mensagem de amor e salva\u00e7\u00e3o.<\/p>\n","protected":false},"excerpt":{"rendered":"<p>## A Chamada e a Autoridade Espiritual H\u00e1 um momento sublime na vida de cada um: o instante em que percebemos que fomos tocados por uma for\u00e7a maior, convidados a fazer parte de algo grandioso. \u00c9 a lembran\u00e7a de que, em meio \u00e0 jornada, somos escolhidos, chamados a uma miss\u00e3o. Essa convic\u00e7\u00e3o, essa certeza, pode [&hellip;]<\/p>\n","protected":false},"author":1,"featured_media":0,"comment_status":"closed","ping_status":"open","sticky":false,"template":"","format":"standard","meta":{"footnotes":""},"categories":[14],"tags":[],"class_list":["post-6376","post","type-post","status-publish","format-standard","hentry","category-reflexao"],"yoast_head":"<!-- This site is optimized with the Yoast SEO plugin v27.2 - https:\/\/yoast.com\/product\/yoast-seo-wordpress\/ -->\n<title>Chamado Espiritual: A Escolha, a Miss\u00e3o e a Autoridade Divina - Salmos B\u00edblicos<\/title>\n<meta name=\"robots\" content=\"index, follow, max-snippet:-1, max-image-preview:large, max-video-preview:-1\" \/>\n<link rel=\"canonical\" href=\"https:\/\/salmosbiblicos.com.br\/index.php\/2026\/04\/02\/chamado-espiritual-a-escolha-a-missao-e-a-autoridade-divina\/\" \/>\n<meta property=\"og:locale\" content=\"pt_BR\" \/>\n<meta property=\"og:type\" content=\"article\" \/>\n<meta property=\"og:title\" content=\"Chamado Espiritual: A Escolha, a Miss\u00e3o e a Autoridade Divina - Salmos B\u00edblicos\" \/>\n<meta property=\"og:description\" content=\"## A Chamada e a Autoridade Espiritual H\u00e1 um momento sublime na vida de cada um: o instante em que percebemos que fomos tocados por uma for\u00e7a maior, convidados a fazer parte de algo grandioso. \u00c9 a lembran\u00e7a de que, em meio \u00e0 jornada, somos escolhidos, chamados a uma miss\u00e3o. Essa convic\u00e7\u00e3o, essa certeza, pode [&hellip;]\" \/>\n<meta property=\"og:url\" content=\"https:\/\/salmosbiblicos.com.br\/index.php\/2026\/04\/02\/chamado-espiritual-a-escolha-a-missao-e-a-autoridade-divina\/\" \/>\n<meta property=\"og:site_name\" content=\"Salmos B\u00edblicos\" \/>\n<meta property=\"article:published_time\" content=\"2026-04-02T10:12:26+00:00\" \/>\n<meta name=\"author\" content=\"alextreh@gmail.com\" \/>\n<meta name=\"twitter:card\" content=\"summary_large_image\" \/>\n<meta name=\"twitter:label1\" content=\"Escrito por\" \/>\n\t<meta name=\"twitter:data1\" content=\"alextreh@gmail.com\" \/>\n\t<meta name=\"twitter:label2\" content=\"Est. tempo de leitura\" \/>\n\t<meta name=\"twitter:data2\" content=\"3 minutos\" \/>\n<script type=\"application\/ld+json\" class=\"yoast-schema-graph\">{\"@context\":\"https:\/\/schema.org\",\"@graph\":[{\"@type\":\"Article\",\"@id\":\"https:\/\/salmosbiblicos.com.br\/index.php\/2026\/04\/02\/chamado-espiritual-a-escolha-a-missao-e-a-autoridade-divina\/#article\",\"isPartOf\":{\"@id\":\"https:\/\/salmosbiblicos.com.br\/index.php\/2026\/04\/02\/chamado-espiritual-a-escolha-a-missao-e-a-autoridade-divina\/\"},\"author\":{\"name\":\"alextreh@gmail.com\",\"@id\":\"https:\/\/salmosbiblicos.com.br\/#\/schema\/person\/30586d0fb3f3a46b78a3414fc39cc975\"},\"headline\":\"Chamado Espiritual: A Escolha, a Miss\u00e3o e a Autoridade Divina\",\"datePublished\":\"2026-04-02T10:12:26+00:00\",\"mainEntityOfPage\":{\"@id\":\"https:\/\/salmosbiblicos.com.br\/index.php\/2026\/04\/02\/chamado-espiritual-a-escolha-a-missao-e-a-autoridade-divina\/\"},\"wordCount\":556,\"articleSection\":[\"Reflex\u00e3o\"],\"inLanguage\":\"pt-BR\"},{\"@type\":\"WebPage\",\"@id\":\"https:\/\/salmosbiblicos.com.br\/index.php\/2026\/04\/02\/chamado-espiritual-a-escolha-a-missao-e-a-autoridade-divina\/\",\"url\":\"https:\/\/salmosbiblicos.com.br\/index.php\/2026\/04\/02\/chamado-espiritual-a-escolha-a-missao-e-a-autoridade-divina\/\",\"name\":\"Chamado Espiritual: A Escolha, a Miss\u00e3o e a Autoridade Divina - Salmos B\u00edblicos\",\"isPartOf\":{\"@id\":\"https:\/\/salmosbiblicos.com.br\/#website\"},\"datePublished\":\"2026-04-02T10:12:26+00:00\",\"author\":{\"@id\":\"https:\/\/salmosbiblicos.com.br\/#\/schema\/person\/30586d0fb3f3a46b78a3414fc39cc975\"},\"breadcrumb\":{\"@id\":\"https:\/\/salmosbiblicos.com.br\/index.php\/2026\/04\/02\/chamado-espiritual-a-escolha-a-missao-e-a-autoridade-divina\/#breadcrumb\"},\"inLanguage\":\"pt-BR\",\"potentialAction\":[{\"@type\":\"ReadAction\",\"target\":[\"https:\/\/salmosbiblicos.com.br\/index.php\/2026\/04\/02\/chamado-espiritual-a-escolha-a-missao-e-a-autoridade-divina\/\"]}]},{\"@type\":\"BreadcrumbList\",\"@id\":\"https:\/\/salmosbiblicos.com.br\/index.php\/2026\/04\/02\/chamado-espiritual-a-escolha-a-missao-e-a-autoridade-divina\/#breadcrumb\",\"itemListElement\":[{\"@type\":\"ListItem\",\"position\":1,\"name\":\"Home\",\"item\":\"https:\/\/salmosbiblicos.com.br\/\"},{\"@type\":\"ListItem\",\"position\":2,\"name\":\"Chamado Espiritual: A Escolha, a Miss\u00e3o e a Autoridade Divina\"}]},{\"@type\":\"WebSite\",\"@id\":\"https:\/\/salmosbiblicos.com.br\/#website\",\"url\":\"https:\/\/salmosbiblicos.com.br\/\",\"name\":\"Salmos B\u00edblicos\",\"description\":\"Uma e-Livraria com e-Books novos para voc\u00ea refletir.\",\"potentialAction\":[{\"@type\":\"SearchAction\",\"target\":{\"@type\":\"EntryPoint\",\"urlTemplate\":\"https:\/\/salmosbiblicos.com.br\/?s={search_term_string}\"},\"query-input\":{\"@type\":\"PropertyValueSpecification\",\"valueRequired\":true,\"valueName\":\"search_term_string\"}}],\"inLanguage\":\"pt-BR\"},{\"@type\":\"Person\",\"@id\":\"https:\/\/salmosbiblicos.com.br\/#\/schema\/person\/30586d0fb3f3a46b78a3414fc39cc975\",\"name\":\"alextreh@gmail.com\",\"image\":{\"@type\":\"ImageObject\",\"inLanguage\":\"pt-BR\",\"@id\":\"https:\/\/secure.gravatar.com\/avatar\/7cf84d31f581ec97b887c1039d478a7c293086896c84951a86753fb2c2af7527?s=96&d=mm&r=g\",\"url\":\"https:\/\/secure.gravatar.com\/avatar\/7cf84d31f581ec97b887c1039d478a7c293086896c84951a86753fb2c2af7527?s=96&d=mm&r=g\",\"contentUrl\":\"https:\/\/secure.gravatar.com\/avatar\/7cf84d31f581ec97b887c1039d478a7c293086896c84951a86753fb2c2af7527?s=96&d=mm&r=g\",\"caption\":\"alextreh@gmail.com\"},\"sameAs\":[\"http:\/\/salmosbiblicos.com.br\"],\"url\":\"https:\/\/salmosbiblicos.com.br\/index.php\/author\/alextrehgmail-com\/\"}]}<\/script>\n<!-- \/ Yoast SEO plugin. -->","yoast_head_json":{"title":"Chamado Espiritual: A Escolha, a Miss\u00e3o e a Autoridade Divina - Salmos B\u00edblicos","robots":{"index":"index","follow":"follow","max-snippet":"max-snippet:-1","max-image-preview":"max-image-preview:large","max-video-preview":"max-video-preview:-1"},"canonical":"https:\/\/salmosbiblicos.com.br\/index.php\/2026\/04\/02\/chamado-espiritual-a-escolha-a-missao-e-a-autoridade-divina\/","og_locale":"pt_BR","og_type":"article","og_title":"Chamado Espiritual: A Escolha, a Miss\u00e3o e a Autoridade Divina - Salmos B\u00edblicos","og_description":"## A Chamada e a Autoridade Espiritual H\u00e1 um momento sublime na vida de cada um: o instante em que percebemos que fomos tocados por uma for\u00e7a maior, convidados a fazer parte de algo grandioso. \u00c9 a lembran\u00e7a de que, em meio \u00e0 jornada, somos escolhidos, chamados a uma miss\u00e3o. Essa convic\u00e7\u00e3o, essa certeza, pode [&hellip;]","og_url":"https:\/\/salmosbiblicos.com.br\/index.php\/2026\/04\/02\/chamado-espiritual-a-escolha-a-missao-e-a-autoridade-divina\/","og_site_name":"Salmos B\u00edblicos","article_published_time":"2026-04-02T10:12:26+00:00","author":"alextreh@gmail.com","twitter_card":"summary_large_image","twitter_misc":{"Escrito por":"alextreh@gmail.com","Est. tempo de leitura":"3 minutos"},"schema":{"@context":"https:\/\/schema.org","@graph":[{"@type":"Article","@id":"https:\/\/salmosbiblicos.com.br\/index.php\/2026\/04\/02\/chamado-espiritual-a-escolha-a-missao-e-a-autoridade-divina\/#article","isPartOf":{"@id":"https:\/\/salmosbiblicos.com.br\/index.php\/2026\/04\/02\/chamado-espiritual-a-escolha-a-missao-e-a-autoridade-divina\/"},"author":{"name":"alextreh@gmail.com","@id":"https:\/\/salmosbiblicos.com.br\/#\/schema\/person\/30586d0fb3f3a46b78a3414fc39cc975"},"headline":"Chamado Espiritual: A Escolha, a Miss\u00e3o e a Autoridade Divina","datePublished":"2026-04-02T10:12:26+00:00","mainEntityOfPage":{"@id":"https:\/\/salmosbiblicos.com.br\/index.php\/2026\/04\/02\/chamado-espiritual-a-escolha-a-missao-e-a-autoridade-divina\/"},"wordCount":556,"articleSection":["Reflex\u00e3o"],"inLanguage":"pt-BR"},{"@type":"WebPage","@id":"https:\/\/salmosbiblicos.com.br\/index.php\/2026\/04\/02\/chamado-espiritual-a-escolha-a-missao-e-a-autoridade-divina\/","url":"https:\/\/salmosbiblicos.com.br\/index.php\/2026\/04\/02\/chamado-espiritual-a-escolha-a-missao-e-a-autoridade-divina\/","name":"Chamado Espiritual: A Escolha, a Miss\u00e3o e a Autoridade Divina - Salmos B\u00edblicos","isPartOf":{"@id":"https:\/\/salmosbiblicos.com.br\/#website"},"datePublished":"2026-04-02T10:12:26+00:00","author":{"@id":"https:\/\/salmosbiblicos.com.br\/#\/schema\/person\/30586d0fb3f3a46b78a3414fc39cc975"},"breadcrumb":{"@id":"https:\/\/salmosbiblicos.com.br\/index.php\/2026\/04\/02\/chamado-espiritual-a-escolha-a-missao-e-a-autoridade-divina\/#breadcrumb"},"inLanguage":"pt-BR","potentialAction":[{"@type":"ReadAction","target":["https:\/\/salmosbiblicos.com.br\/index.php\/2026\/04\/02\/chamado-espiritual-a-escolha-a-missao-e-a-autoridade-divina\/"]}]},{"@type":"BreadcrumbList","@id":"https:\/\/salmosbiblicos.com.br\/index.php\/2026\/04\/02\/chamado-espiritual-a-escolha-a-missao-e-a-autoridade-divina\/#breadcrumb","itemListElement":[{"@type":"ListItem","position":1,"name":"Home","item":"https:\/\/salmosbiblicos.com.br\/"},{"@type":"ListItem","position":2,"name":"Chamado Espiritual: A Escolha, a Miss\u00e3o e a Autoridade Divina"}]},{"@type":"WebSite","@id":"https:\/\/salmosbiblicos.com.br\/#website","url":"https:\/\/salmosbiblicos.com.br\/","name":"Salmos B\u00edblicos","description":"Uma e-Livraria com e-Books novos para voc\u00ea refletir.","potentialAction":[{"@type":"SearchAction","target":{"@type":"EntryPoint","urlTemplate":"https:\/\/salmosbiblicos.com.br\/?s={search_term_string}"},"query-input":{"@type":"PropertyValueSpecification","valueRequired":true,"valueName":"search_term_string"}}],"inLanguage":"pt-BR"},{"@type":"Person","@id":"https:\/\/salmosbiblicos.com.br\/#\/schema\/person\/30586d0fb3f3a46b78a3414fc39cc975","name":"alextreh@gmail.com","image":{"@type":"ImageObject","inLanguage":"pt-BR","@id":"https:\/\/secure.gravatar.com\/avatar\/7cf84d31f581ec97b887c1039d478a7c293086896c84951a86753fb2c2af7527?s=96&d=mm&r=g","url":"https:\/\/secure.gravatar.com\/avatar\/7cf84d31f581ec97b887c1039d478a7c293086896c84951a86753fb2c2af7527?s=96&d=mm&r=g","contentUrl":"https:\/\/secure.gravatar.com\/avatar\/7cf84d31f581ec97b887c1039d478a7c293086896c84951a86753fb2c2af7527?s=96&d=mm&r=g","caption":"alextreh@gmail.com"},"sameAs":["http:\/\/salmosbiblicos.com.br"],"url":"https:\/\/salmosbiblicos.com.br\/index.php\/author\/alextrehgmail-com\/"}]}},"_links":{"self":[{"href":"https:\/\/salmosbiblicos.com.br\/index.php\/wp-json\/wp\/v2\/posts\/6376","targetHints":{"allow":["GET"]}}],"collection":[{"href":"https:\/\/salmosbiblicos.com.br\/index.php\/wp-json\/wp\/v2\/posts"}],"about":[{"href":"https:\/\/salmosbiblicos.com.br\/index.php\/wp-json\/wp\/v2\/types\/post"}],"author":[{"embeddable":true,"href":"https:\/\/salmosbiblicos.com.br\/index.php\/wp-json\/wp\/v2\/users\/1"}],"replies":[{"embeddable":true,"href":"https:\/\/salmosbiblicos.com.br\/index.php\/wp-json\/wp\/v2\/comments?post=6376"}],"version-history":[{"count":1,"href":"https:\/\/salmosbiblicos.com.br\/index.php\/wp-json\/wp\/v2\/posts\/6376\/revisions"}],"predecessor-version":[{"id":6377,"href":"https:\/\/salmosbiblicos.com.br\/index.php\/wp-json\/wp\/v2\/posts\/6376\/revisions\/6377"}],"wp:attachment":[{"href":"https:\/\/salmosbiblicos.com.br\/index.php\/wp-json\/wp\/v2\/media?parent=6376"}],"wp:term":[{"taxonomy":"category","embeddable":true,"href":"https:\/\/salmosbiblicos.com.br\/index.php\/wp-json\/wp\/v2\/categories?post=6376"},{"taxonomy":"post_tag","embeddable":true,"href":"https:\/\/salmosbiblicos.com.br\/index.php\/wp-json\/wp\/v2\/tags?post=6376"}],"curies":[{"name":"wp","href":"https:\/\/api.w.org\/{rel}","templated":true}]}}