{"id":6378,"date":"2026-04-02T07:19:26","date_gmt":"2026-04-02T10:19:26","guid":{"rendered":"https:\/\/salmosbiblicos.com.br\/?p=6378"},"modified":"2026-04-02T07:19:26","modified_gmt":"2026-04-02T10:19:26","slug":"familia-da-graca-o-que-significa-pertencer-e-ser-adotado","status":"publish","type":"post","link":"https:\/\/salmosbiblicos.com.br\/index.php\/2026\/04\/02\/familia-da-graca-o-que-significa-pertencer-e-ser-adotado\/","title":{"rendered":"Fam\u00edlia da Gra\u00e7a: O Que Significa Pertencer e Ser Adotado"},"content":{"rendered":"<p>## A Fam\u00edlia da Gra\u00e7a e o Chamado \u00e0 Pr\u00e1tica<\/p>\n<p>H\u00e1 algo profundamente reconfortante em sentirmo-nos parte de algo maior do que n\u00f3s mesmos. A busca por pertencimento \u00e9 inerente \u00e0 condi\u00e7\u00e3o humana, e \u00e9 nesse anseio que muitas vezes encontramos o caminho para a verdadeira alegria e prop\u00f3sito. Mas o que significa, de fato, pertencer a uma fam\u00edlia?<\/p>\n<p>### Os Irm\u00e3os de Jesus e a Ess\u00eancia da Pertencen\u00e7a<\/p>\n<p>No Evangelho, encontramos uma passagem que nos convida a refletir sobre essa quest\u00e3o. Jesus, cercado pela multid\u00e3o, \u00e9 informado de que seus irm\u00e3os e sua m\u00e3e desejam v\u00ea-lo. Sua resposta, aparentemente simples, revela uma verdade profunda: **&#8221;Meus irm\u00e3os s\u00e3o aqueles que ouvem a palavra de Deus e a praticam.&#8221;**<\/p>\n<p>Esta afirma\u00e7\u00e3o desafia as expectativas. Os &#8220;irm\u00e3os&#8221; de Jesus n\u00e3o eram, em sua maioria, la\u00e7os de sangue, mas sim aqueles que se aproximavam dele em esp\u00edrito, buscando compreender e viver de acordo com seus ensinamentos.  S\u00e3o primos, sim, mas o que os une \u00e9 a f\u00e9 e a disposi\u00e7\u00e3o de seguir o caminho da gra\u00e7a.<\/p>\n<p>### Uma Ado\u00e7\u00e3o Divina: O Batismo como Porta de Entrada<\/p>\n<p>Como podemos n\u00f3s, seres humanos, integrarmo-nos a essa fam\u00edlia? Jesus nos convida a essa uni\u00e3o atrav\u00e9s de uma ado\u00e7\u00e3o. Assim como um filho \u00e9 acolhido em uma nova fam\u00edlia, n\u00f3s somos adotados por Deus no momento do nosso batismo.<\/p>\n<p>\u00c9 um momento transformador. Antes do batismo, somos criaturas amadas por Deus, mas o batismo nos torna **filhos** de Deus, herdeiros de sua gra\u00e7a e participantes de sua natureza divina.  \u00c9 o dia em que somos inscritos no livro da vida, e a alegria dessa inclus\u00e3o transcende qualquer compreens\u00e3o.<\/p>\n<p>### Uma Fam\u00edlia Universal: Irm\u00e3os e Irm\u00e3s em Cristo<\/p>\n<p>Se fomos adotados por Deus, ent\u00e3o somos irm\u00e3os e irm\u00e3s uns dos outros. A barreira do nascimento, da nacionalidade ou da cultura se desfaz diante da unidade que encontramos em Cristo.  Todos aqueles que foram batizados em nome do Pai, do Filho e do Esp\u00edrito Santo compartilham o mesmo legado, a mesma esperan\u00e7a e o mesmo amor.<\/p>\n<p>***<\/p>\n<p>*   Somos parte de uma fam\u00edlia que transcende os la\u00e7os sangu\u00edneos.<br \/>*   O batismo \u00e9 a porta de entrada para essa ado\u00e7\u00e3o divina.<br \/>*   Jesus Cristo \u00e9 nosso irm\u00e3o, e Deus \u00e9 nosso pai.<br \/>*   A pr\u00e1tica da palavra de Deus \u00e9 a prova do nosso pertencimento.<\/p>\n<p>### O Legado de Maria e o Amor Materno<\/p>\n<p>Na hora da cruz, Jesus entrega a Virgem Maria como m\u00e3e \u00e0 humanidade inteira.  Maria, a m\u00e3e de Jesus, torna-se tamb\u00e9m a nossa m\u00e3e, acolhendo-nos em seu amor maternal e intercedendo por n\u00f3s junto ao Pai. Que possamos honrar esse legado, buscando a sua orienta\u00e7\u00e3o e seu exemplo em nossa jornada espiritual.<\/p>\n<p>Que a urg\u00eancia em aben\u00e7oar nossas crian\u00e7as com o sacramento do batismo seja uma prioridade, para que desde cedo elas possam ser acolhidas no seio da fam\u00edlia de Deus. Que a f\u00e9 seja passada de gera\u00e7\u00e3o em gera\u00e7\u00e3o, nutrindo as almas e fortalecendo os la\u00e7os que nos unem em Cristo.<\/p>\n","protected":false},"excerpt":{"rendered":"<p>## A Fam\u00edlia da Gra\u00e7a e o Chamado \u00e0 Pr\u00e1tica H\u00e1 algo profundamente reconfortante em sentirmo-nos parte de algo maior do que n\u00f3s mesmos. A busca por pertencimento \u00e9 inerente \u00e0 condi\u00e7\u00e3o humana, e \u00e9 nesse anseio que muitas vezes encontramos o caminho para a verdadeira alegria e prop\u00f3sito. Mas o que significa, de fato, [&hellip;]<\/p>\n","protected":false},"author":1,"featured_media":0,"comment_status":"closed","ping_status":"open","sticky":false,"template":"","format":"standard","meta":{"footnotes":""},"categories":[14],"tags":[],"class_list":["post-6378","post","type-post","status-publish","format-standard","hentry","category-reflexao"],"yoast_head":"<!-- This site is optimized with the Yoast SEO plugin v27.2 - https:\/\/yoast.com\/product\/yoast-seo-wordpress\/ -->\n<title>Fam\u00edlia da Gra\u00e7a: O Que Significa Pertencer e Ser Adotado - Salmos B\u00edblicos<\/title>\n<meta name=\"robots\" content=\"index, follow, max-snippet:-1, max-image-preview:large, max-video-preview:-1\" \/>\n<link rel=\"canonical\" href=\"https:\/\/salmosbiblicos.com.br\/index.php\/2026\/04\/02\/familia-da-graca-o-que-significa-pertencer-e-ser-adotado\/\" \/>\n<meta property=\"og:locale\" content=\"pt_BR\" \/>\n<meta property=\"og:type\" content=\"article\" \/>\n<meta property=\"og:title\" content=\"Fam\u00edlia da Gra\u00e7a: O Que Significa Pertencer e Ser Adotado - Salmos B\u00edblicos\" \/>\n<meta property=\"og:description\" content=\"## A Fam\u00edlia da Gra\u00e7a e o Chamado \u00e0 Pr\u00e1tica H\u00e1 algo profundamente reconfortante em sentirmo-nos parte de algo maior do que n\u00f3s mesmos. A busca por pertencimento \u00e9 inerente \u00e0 condi\u00e7\u00e3o humana, e \u00e9 nesse anseio que muitas vezes encontramos o caminho para a verdadeira alegria e prop\u00f3sito. Mas o que significa, de fato, [&hellip;]\" \/>\n<meta property=\"og:url\" content=\"https:\/\/salmosbiblicos.com.br\/index.php\/2026\/04\/02\/familia-da-graca-o-que-significa-pertencer-e-ser-adotado\/\" \/>\n<meta property=\"og:site_name\" content=\"Salmos B\u00edblicos\" \/>\n<meta property=\"article:published_time\" content=\"2026-04-02T10:19:26+00:00\" \/>\n<meta name=\"author\" content=\"alextreh@gmail.com\" \/>\n<meta name=\"twitter:card\" content=\"summary_large_image\" \/>\n<meta name=\"twitter:label1\" content=\"Escrito por\" \/>\n\t<meta name=\"twitter:data1\" content=\"alextreh@gmail.com\" \/>\n\t<meta name=\"twitter:label2\" content=\"Est. tempo de leitura\" \/>\n\t<meta name=\"twitter:data2\" content=\"3 minutos\" \/>\n<script type=\"application\/ld+json\" class=\"yoast-schema-graph\">{\"@context\":\"https:\/\/schema.org\",\"@graph\":[{\"@type\":\"Article\",\"@id\":\"https:\/\/salmosbiblicos.com.br\/index.php\/2026\/04\/02\/familia-da-graca-o-que-significa-pertencer-e-ser-adotado\/#article\",\"isPartOf\":{\"@id\":\"https:\/\/salmosbiblicos.com.br\/index.php\/2026\/04\/02\/familia-da-graca-o-que-significa-pertencer-e-ser-adotado\/\"},\"author\":{\"name\":\"alextreh@gmail.com\",\"@id\":\"https:\/\/salmosbiblicos.com.br\/#\/schema\/person\/30586d0fb3f3a46b78a3414fc39cc975\"},\"headline\":\"Fam\u00edlia da Gra\u00e7a: O Que Significa Pertencer e Ser Adotado\",\"datePublished\":\"2026-04-02T10:19:26+00:00\",\"mainEntityOfPage\":{\"@id\":\"https:\/\/salmosbiblicos.com.br\/index.php\/2026\/04\/02\/familia-da-graca-o-que-significa-pertencer-e-ser-adotado\/\"},\"wordCount\":547,\"articleSection\":[\"Reflex\u00e3o\"],\"inLanguage\":\"pt-BR\"},{\"@type\":\"WebPage\",\"@id\":\"https:\/\/salmosbiblicos.com.br\/index.php\/2026\/04\/02\/familia-da-graca-o-que-significa-pertencer-e-ser-adotado\/\",\"url\":\"https:\/\/salmosbiblicos.com.br\/index.php\/2026\/04\/02\/familia-da-graca-o-que-significa-pertencer-e-ser-adotado\/\",\"name\":\"Fam\u00edlia da Gra\u00e7a: O Que Significa Pertencer e Ser Adotado - Salmos B\u00edblicos\",\"isPartOf\":{\"@id\":\"https:\/\/salmosbiblicos.com.br\/#website\"},\"datePublished\":\"2026-04-02T10:19:26+00:00\",\"author\":{\"@id\":\"https:\/\/salmosbiblicos.com.br\/#\/schema\/person\/30586d0fb3f3a46b78a3414fc39cc975\"},\"breadcrumb\":{\"@id\":\"https:\/\/salmosbiblicos.com.br\/index.php\/2026\/04\/02\/familia-da-graca-o-que-significa-pertencer-e-ser-adotado\/#breadcrumb\"},\"inLanguage\":\"pt-BR\",\"potentialAction\":[{\"@type\":\"ReadAction\",\"target\":[\"https:\/\/salmosbiblicos.com.br\/index.php\/2026\/04\/02\/familia-da-graca-o-que-significa-pertencer-e-ser-adotado\/\"]}]},{\"@type\":\"BreadcrumbList\",\"@id\":\"https:\/\/salmosbiblicos.com.br\/index.php\/2026\/04\/02\/familia-da-graca-o-que-significa-pertencer-e-ser-adotado\/#breadcrumb\",\"itemListElement\":[{\"@type\":\"ListItem\",\"position\":1,\"name\":\"Home\",\"item\":\"https:\/\/salmosbiblicos.com.br\/\"},{\"@type\":\"ListItem\",\"position\":2,\"name\":\"Fam\u00edlia da Gra\u00e7a: O Que Significa Pertencer e Ser Adotado\"}]},{\"@type\":\"WebSite\",\"@id\":\"https:\/\/salmosbiblicos.com.br\/#website\",\"url\":\"https:\/\/salmosbiblicos.com.br\/\",\"name\":\"Salmos B\u00edblicos\",\"description\":\"Uma e-Livraria com e-Books novos para voc\u00ea refletir.\",\"potentialAction\":[{\"@type\":\"SearchAction\",\"target\":{\"@type\":\"EntryPoint\",\"urlTemplate\":\"https:\/\/salmosbiblicos.com.br\/?s={search_term_string}\"},\"query-input\":{\"@type\":\"PropertyValueSpecification\",\"valueRequired\":true,\"valueName\":\"search_term_string\"}}],\"inLanguage\":\"pt-BR\"},{\"@type\":\"Person\",\"@id\":\"https:\/\/salmosbiblicos.com.br\/#\/schema\/person\/30586d0fb3f3a46b78a3414fc39cc975\",\"name\":\"alextreh@gmail.com\",\"image\":{\"@type\":\"ImageObject\",\"inLanguage\":\"pt-BR\",\"@id\":\"https:\/\/secure.gravatar.com\/avatar\/7cf84d31f581ec97b887c1039d478a7c293086896c84951a86753fb2c2af7527?s=96&d=mm&r=g\",\"url\":\"https:\/\/secure.gravatar.com\/avatar\/7cf84d31f581ec97b887c1039d478a7c293086896c84951a86753fb2c2af7527?s=96&d=mm&r=g\",\"contentUrl\":\"https:\/\/secure.gravatar.com\/avatar\/7cf84d31f581ec97b887c1039d478a7c293086896c84951a86753fb2c2af7527?s=96&d=mm&r=g\",\"caption\":\"alextreh@gmail.com\"},\"sameAs\":[\"http:\/\/salmosbiblicos.com.br\"],\"url\":\"https:\/\/salmosbiblicos.com.br\/index.php\/author\/alextrehgmail-com\/\"}]}<\/script>\n<!-- \/ Yoast SEO plugin. -->","yoast_head_json":{"title":"Fam\u00edlia da Gra\u00e7a: O Que Significa Pertencer e Ser Adotado - Salmos B\u00edblicos","robots":{"index":"index","follow":"follow","max-snippet":"max-snippet:-1","max-image-preview":"max-image-preview:large","max-video-preview":"max-video-preview:-1"},"canonical":"https:\/\/salmosbiblicos.com.br\/index.php\/2026\/04\/02\/familia-da-graca-o-que-significa-pertencer-e-ser-adotado\/","og_locale":"pt_BR","og_type":"article","og_title":"Fam\u00edlia da Gra\u00e7a: O Que Significa Pertencer e Ser Adotado - Salmos B\u00edblicos","og_description":"## A Fam\u00edlia da Gra\u00e7a e o Chamado \u00e0 Pr\u00e1tica H\u00e1 algo profundamente reconfortante em sentirmo-nos parte de algo maior do que n\u00f3s mesmos. A busca por pertencimento \u00e9 inerente \u00e0 condi\u00e7\u00e3o humana, e \u00e9 nesse anseio que muitas vezes encontramos o caminho para a verdadeira alegria e prop\u00f3sito. Mas o que significa, de fato, [&hellip;]","og_url":"https:\/\/salmosbiblicos.com.br\/index.php\/2026\/04\/02\/familia-da-graca-o-que-significa-pertencer-e-ser-adotado\/","og_site_name":"Salmos B\u00edblicos","article_published_time":"2026-04-02T10:19:26+00:00","author":"alextreh@gmail.com","twitter_card":"summary_large_image","twitter_misc":{"Escrito por":"alextreh@gmail.com","Est. tempo de leitura":"3 minutos"},"schema":{"@context":"https:\/\/schema.org","@graph":[{"@type":"Article","@id":"https:\/\/salmosbiblicos.com.br\/index.php\/2026\/04\/02\/familia-da-graca-o-que-significa-pertencer-e-ser-adotado\/#article","isPartOf":{"@id":"https:\/\/salmosbiblicos.com.br\/index.php\/2026\/04\/02\/familia-da-graca-o-que-significa-pertencer-e-ser-adotado\/"},"author":{"name":"alextreh@gmail.com","@id":"https:\/\/salmosbiblicos.com.br\/#\/schema\/person\/30586d0fb3f3a46b78a3414fc39cc975"},"headline":"Fam\u00edlia da Gra\u00e7a: O Que Significa Pertencer e Ser Adotado","datePublished":"2026-04-02T10:19:26+00:00","mainEntityOfPage":{"@id":"https:\/\/salmosbiblicos.com.br\/index.php\/2026\/04\/02\/familia-da-graca-o-que-significa-pertencer-e-ser-adotado\/"},"wordCount":547,"articleSection":["Reflex\u00e3o"],"inLanguage":"pt-BR"},{"@type":"WebPage","@id":"https:\/\/salmosbiblicos.com.br\/index.php\/2026\/04\/02\/familia-da-graca-o-que-significa-pertencer-e-ser-adotado\/","url":"https:\/\/salmosbiblicos.com.br\/index.php\/2026\/04\/02\/familia-da-graca-o-que-significa-pertencer-e-ser-adotado\/","name":"Fam\u00edlia da Gra\u00e7a: O Que Significa Pertencer e Ser Adotado - Salmos B\u00edblicos","isPartOf":{"@id":"https:\/\/salmosbiblicos.com.br\/#website"},"datePublished":"2026-04-02T10:19:26+00:00","author":{"@id":"https:\/\/salmosbiblicos.com.br\/#\/schema\/person\/30586d0fb3f3a46b78a3414fc39cc975"},"breadcrumb":{"@id":"https:\/\/salmosbiblicos.com.br\/index.php\/2026\/04\/02\/familia-da-graca-o-que-significa-pertencer-e-ser-adotado\/#breadcrumb"},"inLanguage":"pt-BR","potentialAction":[{"@type":"ReadAction","target":["https:\/\/salmosbiblicos.com.br\/index.php\/2026\/04\/02\/familia-da-graca-o-que-significa-pertencer-e-ser-adotado\/"]}]},{"@type":"BreadcrumbList","@id":"https:\/\/salmosbiblicos.com.br\/index.php\/2026\/04\/02\/familia-da-graca-o-que-significa-pertencer-e-ser-adotado\/#breadcrumb","itemListElement":[{"@type":"ListItem","position":1,"name":"Home","item":"https:\/\/salmosbiblicos.com.br\/"},{"@type":"ListItem","position":2,"name":"Fam\u00edlia da Gra\u00e7a: O Que Significa Pertencer e Ser Adotado"}]},{"@type":"WebSite","@id":"https:\/\/salmosbiblicos.com.br\/#website","url":"https:\/\/salmosbiblicos.com.br\/","name":"Salmos B\u00edblicos","description":"Uma e-Livraria com e-Books novos para voc\u00ea refletir.","potentialAction":[{"@type":"SearchAction","target":{"@type":"EntryPoint","urlTemplate":"https:\/\/salmosbiblicos.com.br\/?s={search_term_string}"},"query-input":{"@type":"PropertyValueSpecification","valueRequired":true,"valueName":"search_term_string"}}],"inLanguage":"pt-BR"},{"@type":"Person","@id":"https:\/\/salmosbiblicos.com.br\/#\/schema\/person\/30586d0fb3f3a46b78a3414fc39cc975","name":"alextreh@gmail.com","image":{"@type":"ImageObject","inLanguage":"pt-BR","@id":"https:\/\/secure.gravatar.com\/avatar\/7cf84d31f581ec97b887c1039d478a7c293086896c84951a86753fb2c2af7527?s=96&d=mm&r=g","url":"https:\/\/secure.gravatar.com\/avatar\/7cf84d31f581ec97b887c1039d478a7c293086896c84951a86753fb2c2af7527?s=96&d=mm&r=g","contentUrl":"https:\/\/secure.gravatar.com\/avatar\/7cf84d31f581ec97b887c1039d478a7c293086896c84951a86753fb2c2af7527?s=96&d=mm&r=g","caption":"alextreh@gmail.com"},"sameAs":["http:\/\/salmosbiblicos.com.br"],"url":"https:\/\/salmosbiblicos.com.br\/index.php\/author\/alextrehgmail-com\/"}]}},"_links":{"self":[{"href":"https:\/\/salmosbiblicos.com.br\/index.php\/wp-json\/wp\/v2\/posts\/6378","targetHints":{"allow":["GET"]}}],"collection":[{"href":"https:\/\/salmosbiblicos.com.br\/index.php\/wp-json\/wp\/v2\/posts"}],"about":[{"href":"https:\/\/salmosbiblicos.com.br\/index.php\/wp-json\/wp\/v2\/types\/post"}],"author":[{"embeddable":true,"href":"https:\/\/salmosbiblicos.com.br\/index.php\/wp-json\/wp\/v2\/users\/1"}],"replies":[{"embeddable":true,"href":"https:\/\/salmosbiblicos.com.br\/index.php\/wp-json\/wp\/v2\/comments?post=6378"}],"version-history":[{"count":1,"href":"https:\/\/salmosbiblicos.com.br\/index.php\/wp-json\/wp\/v2\/posts\/6378\/revisions"}],"predecessor-version":[{"id":6379,"href":"https:\/\/salmosbiblicos.com.br\/index.php\/wp-json\/wp\/v2\/posts\/6378\/revisions\/6379"}],"wp:attachment":[{"href":"https:\/\/salmosbiblicos.com.br\/index.php\/wp-json\/wp\/v2\/media?parent=6378"}],"wp:term":[{"taxonomy":"category","embeddable":true,"href":"https:\/\/salmosbiblicos.com.br\/index.php\/wp-json\/wp\/v2\/categories?post=6378"},{"taxonomy":"post_tag","embeddable":true,"href":"https:\/\/salmosbiblicos.com.br\/index.php\/wp-json\/wp\/v2\/tags?post=6378"}],"curies":[{"name":"wp","href":"https:\/\/api.w.org\/{rel}","templated":true}]}}