{"id":6382,"date":"2026-04-02T07:33:24","date_gmt":"2026-04-02T10:33:24","guid":{"rendered":"https:\/\/salmosbiblicos.com.br\/?p=6382"},"modified":"2026-04-02T07:33:24","modified_gmt":"2026-04-02T10:33:24","slug":"viver-para-deus-a-jornada-da-luz-e-a-essencia-da-vida-gloriosa","status":"publish","type":"post","link":"https:\/\/salmosbiblicos.com.br\/index.php\/2026\/04\/02\/viver-para-deus-a-jornada-da-luz-e-a-essencia-da-vida-gloriosa\/","title":{"rendered":"Viver para Deus: A jornada da luz e a ess\u00eancia da vida gloriosa"},"content":{"rendered":"<p>## A Ess\u00eancia de Uma Vida Gloriosa<\/p>\n<p>Um sussurro ecoa em nossos cora\u00e7\u00f5es: a alegria de estar em comunh\u00e3o. Hoje, contemplamos a profunda sabedoria de um homem que, outrora, trilhou um caminho de sombras, mas que encontrou a luz transformadora do amor divino. Uma luz que o conduziu a um n\u00edvel de santidade que nos inspira e nos convida a um exame de consci\u00eancia.<\/p>\n<p>### O Desejo Ardente de Estar em Cristo<\/p>\n<p>Ele nos revela: &#8220;**Cristo vai ser glorificado no meu corpo, seja pela minha vida, seja pela minha morte.**&#8221; Uma declara\u00e7\u00e3o poderosa que ressoa com a verdade mais profunda da nossa exist\u00eancia. O que significa para n\u00f3s que nossa vida seja um instrumento para a gl\u00f3ria de Deus? Seria como um passarinho, que glorifica a Deus simplesmente por existir.<\/p>\n<p>A beleza da cria\u00e7\u00e3o nos ensina que cada criatura, em sua singela exist\u00eancia, reflete a gl\u00f3ria do Criador. **Um passarinho glorifica Deus ao cantar, ao voar, ao construir seu ninho.** Mesmo um peixe, em seu sil\u00eancio profundo nas \u00e1guas, manifesta a magnific\u00eancia do divino.<\/p>\n<p>### A Nossa Chamada: Viver \u00e0 Altura do Evangelho<\/p>\n<p>N\u00f3s, dotados de raz\u00e3o e liberdade, temos uma responsabilidade maior. N\u00e3o basta apenas existir; precisamos viver de forma que nossa exist\u00eancia seja um testemunho da gra\u00e7a divina. Nossa vida deve ser uma ora\u00e7\u00e3o, um ato de amor, um reflexo do Evangelho.<\/p>\n<p>**Se nossa vida se afasta do caminho da justi\u00e7a e da miseric\u00f3rdia, deixamos de glorificar Deus com ela.** A escolha \u00e9 nossa: abra\u00e7ar a luz ou permanecer na escurid\u00e3o.<\/p>\n<p>### O Sacrif\u00edcio e a Esperan\u00e7a<\/p>\n<p>O ap\u00f3stolo, em sua jornada de f\u00e9, expressa um anseio profundo: &#8220;Tenho desejo de partir para estar com Cristo, o que para mim seria de longe, o melhor.&#8221; A morte, para ele, n\u00e3o era um fim, mas um encontro glorioso com o seu Senhor.<\/p>\n<p>Essa perspectiva nos liberta do medo da morte. Ela nos lembra que, em Cristo, a vida transcende os limites terrenos e se estende para a eternidade. **&#8221;Para mim, o viver \u00e9 Cristo e o morrer \u00e9 lucro.&#8221;** Uma mensagem de esperan\u00e7a e consolo para cada um de n\u00f3s.<\/p>\n<p>### Um Testemunho de Amor e Devo\u00e7\u00e3o<\/p>\n<p>Aquele que se entrega a Cristo, encontra um prop\u00f3sito maior, uma for\u00e7a inabal\u00e1vel para enfrentar as prova\u00e7\u00f5es da vida. Ele compreende que a verdadeira riqueza n\u00e3o reside nos bens materiais, mas na intimidade com o divino.<\/p>\n<p>Ele nos exorta: &#8220;**S\u00f3 uma coisa importa: viver \u00e0 altura do Evangelho de Cristo.**&#8221; Que possamos abra\u00e7ar essa mensagem com humildade e determina\u00e7\u00e3o, buscando a cada dia aprofundar nosso relacionamento com Ele.<\/p>\n<p>### A Gloriosa Promessa<\/p>\n<p>Que cada um de n\u00f3s possa dizer, com a mesma convic\u00e7\u00e3o: &#8220;Cristo vai ser glorificado no meu corpo, seja pela minha vida, seja pela minha morte.&#8221; Que possamos nos espelhar na pureza de Maria, que foi elevada ao c\u00e9u em gl\u00f3ria. <\/p>\n<p>Que a nossa vida seja um testemunho de amor, f\u00e9 e esperan\u00e7a, para que, ao final do nosso caminho, possamos receber a b\u00ean\u00e7\u00e3o da vida eterna. Que a gra\u00e7a do Senhor nos ilumine e nos conduza. Que possamos viver em Cristo, e em Cristo morrer, para com Cristo viver para sempre.<\/p>\n","protected":false},"excerpt":{"rendered":"<p>## A Ess\u00eancia de Uma Vida Gloriosa Um sussurro ecoa em nossos cora\u00e7\u00f5es: a alegria de estar em comunh\u00e3o. Hoje, contemplamos a profunda sabedoria de um homem que, outrora, trilhou um caminho de sombras, mas que encontrou a luz transformadora do amor divino. Uma luz que o conduziu a um n\u00edvel de santidade que nos [&hellip;]<\/p>\n","protected":false},"author":1,"featured_media":0,"comment_status":"closed","ping_status":"open","sticky":false,"template":"","format":"standard","meta":{"footnotes":""},"categories":[14],"tags":[],"class_list":["post-6382","post","type-post","status-publish","format-standard","hentry","category-reflexao"],"yoast_head":"<!-- This site is optimized with the Yoast SEO plugin v27.2 - https:\/\/yoast.com\/product\/yoast-seo-wordpress\/ -->\n<title>Viver para Deus: A jornada da luz e a ess\u00eancia da vida gloriosa - Salmos B\u00edblicos<\/title>\n<meta name=\"robots\" content=\"index, follow, max-snippet:-1, max-image-preview:large, max-video-preview:-1\" \/>\n<link rel=\"canonical\" href=\"https:\/\/salmosbiblicos.com.br\/index.php\/2026\/04\/02\/viver-para-deus-a-jornada-da-luz-e-a-essencia-da-vida-gloriosa\/\" \/>\n<meta property=\"og:locale\" content=\"pt_BR\" \/>\n<meta property=\"og:type\" content=\"article\" \/>\n<meta property=\"og:title\" content=\"Viver para Deus: A jornada da luz e a ess\u00eancia da vida gloriosa - Salmos B\u00edblicos\" \/>\n<meta property=\"og:description\" content=\"## A Ess\u00eancia de Uma Vida Gloriosa Um sussurro ecoa em nossos cora\u00e7\u00f5es: a alegria de estar em comunh\u00e3o. Hoje, contemplamos a profunda sabedoria de um homem que, outrora, trilhou um caminho de sombras, mas que encontrou a luz transformadora do amor divino. Uma luz que o conduziu a um n\u00edvel de santidade que nos [&hellip;]\" \/>\n<meta property=\"og:url\" content=\"https:\/\/salmosbiblicos.com.br\/index.php\/2026\/04\/02\/viver-para-deus-a-jornada-da-luz-e-a-essencia-da-vida-gloriosa\/\" \/>\n<meta property=\"og:site_name\" content=\"Salmos B\u00edblicos\" \/>\n<meta property=\"article:published_time\" content=\"2026-04-02T10:33:24+00:00\" \/>\n<meta name=\"author\" content=\"alextreh@gmail.com\" \/>\n<meta name=\"twitter:card\" content=\"summary_large_image\" \/>\n<meta name=\"twitter:label1\" content=\"Escrito por\" \/>\n\t<meta name=\"twitter:data1\" content=\"alextreh@gmail.com\" \/>\n\t<meta name=\"twitter:label2\" content=\"Est. tempo de leitura\" \/>\n\t<meta name=\"twitter:data2\" content=\"3 minutos\" \/>\n<script type=\"application\/ld+json\" class=\"yoast-schema-graph\">{\"@context\":\"https:\/\/schema.org\",\"@graph\":[{\"@type\":\"Article\",\"@id\":\"https:\/\/salmosbiblicos.com.br\/index.php\/2026\/04\/02\/viver-para-deus-a-jornada-da-luz-e-a-essencia-da-vida-gloriosa\/#article\",\"isPartOf\":{\"@id\":\"https:\/\/salmosbiblicos.com.br\/index.php\/2026\/04\/02\/viver-para-deus-a-jornada-da-luz-e-a-essencia-da-vida-gloriosa\/\"},\"author\":{\"name\":\"alextreh@gmail.com\",\"@id\":\"https:\/\/salmosbiblicos.com.br\/#\/schema\/person\/30586d0fb3f3a46b78a3414fc39cc975\"},\"headline\":\"Viver para Deus: A jornada da luz e a ess\u00eancia da vida gloriosa\",\"datePublished\":\"2026-04-02T10:33:24+00:00\",\"mainEntityOfPage\":{\"@id\":\"https:\/\/salmosbiblicos.com.br\/index.php\/2026\/04\/02\/viver-para-deus-a-jornada-da-luz-e-a-essencia-da-vida-gloriosa\/\"},\"wordCount\":571,\"articleSection\":[\"Reflex\u00e3o\"],\"inLanguage\":\"pt-BR\"},{\"@type\":\"WebPage\",\"@id\":\"https:\/\/salmosbiblicos.com.br\/index.php\/2026\/04\/02\/viver-para-deus-a-jornada-da-luz-e-a-essencia-da-vida-gloriosa\/\",\"url\":\"https:\/\/salmosbiblicos.com.br\/index.php\/2026\/04\/02\/viver-para-deus-a-jornada-da-luz-e-a-essencia-da-vida-gloriosa\/\",\"name\":\"Viver para Deus: A jornada da luz e a ess\u00eancia da vida gloriosa - Salmos B\u00edblicos\",\"isPartOf\":{\"@id\":\"https:\/\/salmosbiblicos.com.br\/#website\"},\"datePublished\":\"2026-04-02T10:33:24+00:00\",\"author\":{\"@id\":\"https:\/\/salmosbiblicos.com.br\/#\/schema\/person\/30586d0fb3f3a46b78a3414fc39cc975\"},\"breadcrumb\":{\"@id\":\"https:\/\/salmosbiblicos.com.br\/index.php\/2026\/04\/02\/viver-para-deus-a-jornada-da-luz-e-a-essencia-da-vida-gloriosa\/#breadcrumb\"},\"inLanguage\":\"pt-BR\",\"potentialAction\":[{\"@type\":\"ReadAction\",\"target\":[\"https:\/\/salmosbiblicos.com.br\/index.php\/2026\/04\/02\/viver-para-deus-a-jornada-da-luz-e-a-essencia-da-vida-gloriosa\/\"]}]},{\"@type\":\"BreadcrumbList\",\"@id\":\"https:\/\/salmosbiblicos.com.br\/index.php\/2026\/04\/02\/viver-para-deus-a-jornada-da-luz-e-a-essencia-da-vida-gloriosa\/#breadcrumb\",\"itemListElement\":[{\"@type\":\"ListItem\",\"position\":1,\"name\":\"Home\",\"item\":\"https:\/\/salmosbiblicos.com.br\/\"},{\"@type\":\"ListItem\",\"position\":2,\"name\":\"Viver para Deus: A jornada da luz e a ess\u00eancia da vida gloriosa\"}]},{\"@type\":\"WebSite\",\"@id\":\"https:\/\/salmosbiblicos.com.br\/#website\",\"url\":\"https:\/\/salmosbiblicos.com.br\/\",\"name\":\"Salmos B\u00edblicos\",\"description\":\"Uma e-Livraria com e-Books novos para voc\u00ea refletir.\",\"potentialAction\":[{\"@type\":\"SearchAction\",\"target\":{\"@type\":\"EntryPoint\",\"urlTemplate\":\"https:\/\/salmosbiblicos.com.br\/?s={search_term_string}\"},\"query-input\":{\"@type\":\"PropertyValueSpecification\",\"valueRequired\":true,\"valueName\":\"search_term_string\"}}],\"inLanguage\":\"pt-BR\"},{\"@type\":\"Person\",\"@id\":\"https:\/\/salmosbiblicos.com.br\/#\/schema\/person\/30586d0fb3f3a46b78a3414fc39cc975\",\"name\":\"alextreh@gmail.com\",\"image\":{\"@type\":\"ImageObject\",\"inLanguage\":\"pt-BR\",\"@id\":\"https:\/\/secure.gravatar.com\/avatar\/7cf84d31f581ec97b887c1039d478a7c293086896c84951a86753fb2c2af7527?s=96&d=mm&r=g\",\"url\":\"https:\/\/secure.gravatar.com\/avatar\/7cf84d31f581ec97b887c1039d478a7c293086896c84951a86753fb2c2af7527?s=96&d=mm&r=g\",\"contentUrl\":\"https:\/\/secure.gravatar.com\/avatar\/7cf84d31f581ec97b887c1039d478a7c293086896c84951a86753fb2c2af7527?s=96&d=mm&r=g\",\"caption\":\"alextreh@gmail.com\"},\"sameAs\":[\"http:\/\/salmosbiblicos.com.br\"],\"url\":\"https:\/\/salmosbiblicos.com.br\/index.php\/author\/alextrehgmail-com\/\"}]}<\/script>\n<!-- \/ Yoast SEO plugin. -->","yoast_head_json":{"title":"Viver para Deus: A jornada da luz e a ess\u00eancia da vida gloriosa - Salmos B\u00edblicos","robots":{"index":"index","follow":"follow","max-snippet":"max-snippet:-1","max-image-preview":"max-image-preview:large","max-video-preview":"max-video-preview:-1"},"canonical":"https:\/\/salmosbiblicos.com.br\/index.php\/2026\/04\/02\/viver-para-deus-a-jornada-da-luz-e-a-essencia-da-vida-gloriosa\/","og_locale":"pt_BR","og_type":"article","og_title":"Viver para Deus: A jornada da luz e a ess\u00eancia da vida gloriosa - Salmos B\u00edblicos","og_description":"## A Ess\u00eancia de Uma Vida Gloriosa Um sussurro ecoa em nossos cora\u00e7\u00f5es: a alegria de estar em comunh\u00e3o. Hoje, contemplamos a profunda sabedoria de um homem que, outrora, trilhou um caminho de sombras, mas que encontrou a luz transformadora do amor divino. Uma luz que o conduziu a um n\u00edvel de santidade que nos [&hellip;]","og_url":"https:\/\/salmosbiblicos.com.br\/index.php\/2026\/04\/02\/viver-para-deus-a-jornada-da-luz-e-a-essencia-da-vida-gloriosa\/","og_site_name":"Salmos B\u00edblicos","article_published_time":"2026-04-02T10:33:24+00:00","author":"alextreh@gmail.com","twitter_card":"summary_large_image","twitter_misc":{"Escrito por":"alextreh@gmail.com","Est. tempo de leitura":"3 minutos"},"schema":{"@context":"https:\/\/schema.org","@graph":[{"@type":"Article","@id":"https:\/\/salmosbiblicos.com.br\/index.php\/2026\/04\/02\/viver-para-deus-a-jornada-da-luz-e-a-essencia-da-vida-gloriosa\/#article","isPartOf":{"@id":"https:\/\/salmosbiblicos.com.br\/index.php\/2026\/04\/02\/viver-para-deus-a-jornada-da-luz-e-a-essencia-da-vida-gloriosa\/"},"author":{"name":"alextreh@gmail.com","@id":"https:\/\/salmosbiblicos.com.br\/#\/schema\/person\/30586d0fb3f3a46b78a3414fc39cc975"},"headline":"Viver para Deus: A jornada da luz e a ess\u00eancia da vida gloriosa","datePublished":"2026-04-02T10:33:24+00:00","mainEntityOfPage":{"@id":"https:\/\/salmosbiblicos.com.br\/index.php\/2026\/04\/02\/viver-para-deus-a-jornada-da-luz-e-a-essencia-da-vida-gloriosa\/"},"wordCount":571,"articleSection":["Reflex\u00e3o"],"inLanguage":"pt-BR"},{"@type":"WebPage","@id":"https:\/\/salmosbiblicos.com.br\/index.php\/2026\/04\/02\/viver-para-deus-a-jornada-da-luz-e-a-essencia-da-vida-gloriosa\/","url":"https:\/\/salmosbiblicos.com.br\/index.php\/2026\/04\/02\/viver-para-deus-a-jornada-da-luz-e-a-essencia-da-vida-gloriosa\/","name":"Viver para Deus: A jornada da luz e a ess\u00eancia da vida gloriosa - Salmos B\u00edblicos","isPartOf":{"@id":"https:\/\/salmosbiblicos.com.br\/#website"},"datePublished":"2026-04-02T10:33:24+00:00","author":{"@id":"https:\/\/salmosbiblicos.com.br\/#\/schema\/person\/30586d0fb3f3a46b78a3414fc39cc975"},"breadcrumb":{"@id":"https:\/\/salmosbiblicos.com.br\/index.php\/2026\/04\/02\/viver-para-deus-a-jornada-da-luz-e-a-essencia-da-vida-gloriosa\/#breadcrumb"},"inLanguage":"pt-BR","potentialAction":[{"@type":"ReadAction","target":["https:\/\/salmosbiblicos.com.br\/index.php\/2026\/04\/02\/viver-para-deus-a-jornada-da-luz-e-a-essencia-da-vida-gloriosa\/"]}]},{"@type":"BreadcrumbList","@id":"https:\/\/salmosbiblicos.com.br\/index.php\/2026\/04\/02\/viver-para-deus-a-jornada-da-luz-e-a-essencia-da-vida-gloriosa\/#breadcrumb","itemListElement":[{"@type":"ListItem","position":1,"name":"Home","item":"https:\/\/salmosbiblicos.com.br\/"},{"@type":"ListItem","position":2,"name":"Viver para Deus: A jornada da luz e a ess\u00eancia da vida gloriosa"}]},{"@type":"WebSite","@id":"https:\/\/salmosbiblicos.com.br\/#website","url":"https:\/\/salmosbiblicos.com.br\/","name":"Salmos B\u00edblicos","description":"Uma e-Livraria com e-Books novos para voc\u00ea refletir.","potentialAction":[{"@type":"SearchAction","target":{"@type":"EntryPoint","urlTemplate":"https:\/\/salmosbiblicos.com.br\/?s={search_term_string}"},"query-input":{"@type":"PropertyValueSpecification","valueRequired":true,"valueName":"search_term_string"}}],"inLanguage":"pt-BR"},{"@type":"Person","@id":"https:\/\/salmosbiblicos.com.br\/#\/schema\/person\/30586d0fb3f3a46b78a3414fc39cc975","name":"alextreh@gmail.com","image":{"@type":"ImageObject","inLanguage":"pt-BR","@id":"https:\/\/secure.gravatar.com\/avatar\/7cf84d31f581ec97b887c1039d478a7c293086896c84951a86753fb2c2af7527?s=96&d=mm&r=g","url":"https:\/\/secure.gravatar.com\/avatar\/7cf84d31f581ec97b887c1039d478a7c293086896c84951a86753fb2c2af7527?s=96&d=mm&r=g","contentUrl":"https:\/\/secure.gravatar.com\/avatar\/7cf84d31f581ec97b887c1039d478a7c293086896c84951a86753fb2c2af7527?s=96&d=mm&r=g","caption":"alextreh@gmail.com"},"sameAs":["http:\/\/salmosbiblicos.com.br"],"url":"https:\/\/salmosbiblicos.com.br\/index.php\/author\/alextrehgmail-com\/"}]}},"_links":{"self":[{"href":"https:\/\/salmosbiblicos.com.br\/index.php\/wp-json\/wp\/v2\/posts\/6382","targetHints":{"allow":["GET"]}}],"collection":[{"href":"https:\/\/salmosbiblicos.com.br\/index.php\/wp-json\/wp\/v2\/posts"}],"about":[{"href":"https:\/\/salmosbiblicos.com.br\/index.php\/wp-json\/wp\/v2\/types\/post"}],"author":[{"embeddable":true,"href":"https:\/\/salmosbiblicos.com.br\/index.php\/wp-json\/wp\/v2\/users\/1"}],"replies":[{"embeddable":true,"href":"https:\/\/salmosbiblicos.com.br\/index.php\/wp-json\/wp\/v2\/comments?post=6382"}],"version-history":[{"count":1,"href":"https:\/\/salmosbiblicos.com.br\/index.php\/wp-json\/wp\/v2\/posts\/6382\/revisions"}],"predecessor-version":[{"id":6383,"href":"https:\/\/salmosbiblicos.com.br\/index.php\/wp-json\/wp\/v2\/posts\/6382\/revisions\/6383"}],"wp:attachment":[{"href":"https:\/\/salmosbiblicos.com.br\/index.php\/wp-json\/wp\/v2\/media?parent=6382"}],"wp:term":[{"taxonomy":"category","embeddable":true,"href":"https:\/\/salmosbiblicos.com.br\/index.php\/wp-json\/wp\/v2\/categories?post=6382"},{"taxonomy":"post_tag","embeddable":true,"href":"https:\/\/salmosbiblicos.com.br\/index.php\/wp-json\/wp\/v2\/tags?post=6382"}],"curies":[{"name":"wp","href":"https:\/\/api.w.org\/{rel}","templated":true}]}}