{"id":6384,"date":"2026-04-02T07:40:25","date_gmt":"2026-04-02T10:40:25","guid":{"rendered":"https:\/\/salmosbiblicos.com.br\/?p=6384"},"modified":"2026-04-02T07:40:25","modified_gmt":"2026-04-02T10:40:25","slug":"perseveranca-na-fe-reflexoes-sobre-a-parabola-do-semeador","status":"publish","type":"post","link":"https:\/\/salmosbiblicos.com.br\/index.php\/2026\/04\/02\/perseveranca-na-fe-reflexoes-sobre-a-parabola-do-semeador\/","title":{"rendered":"Perseveran\u00e7a na F\u00e9: Reflex\u00f5es sobre a Par\u00e1bola do Semeador"},"content":{"rendered":"<p>## A Semente e o Cora\u00e7\u00e3o: Um Chamado \u00e0 Perseveran\u00e7a<\/p>\n<p>Em cada vida, h\u00e1 um anseio profundo por sentido e dire\u00e7\u00e3o. Observamos, ao redor de n\u00f3s, as mudan\u00e7as, as prova\u00e7\u00f5es, e buscamos, em meio a tudo, uma b\u00fassola que nos guie. \u00c9 com este pensamento que reflito sobre a par\u00e1bola do Semeador, um relato que nos convida a examinar o solo do nosso interior.<\/p>\n<p>### A Palavra Divina: Uma Semente Universal<\/p>\n<p>A palavra de Deus \u00e9 semeada em todos os cora\u00e7\u00f5es. Ela \u00e9 uma for\u00e7a vital, uma promessa de esperan\u00e7a e transforma\u00e7\u00e3o. No entanto, a maneira como a recebemos, como a acolhemos, varia de indiv\u00edduo para indiv\u00edduo. Cada um de n\u00f3s \u00e9 um terreno diferente, suscet\u00edvel a influ\u00eancias e desafios \u00fanicos.<\/p>\n<p>### Terrenos \u00c1ridos: A Superficialidade da Vida<\/p>\n<p>\u00c9 f\u00e1cil encontrar desculpas. \u00c9 f\u00e1cil se deixar levar pela superficialidade do mundo, pela correria do dia a dia.  Assim, a semente pode cair \u00e0 beira do caminho, onde \u00e9 pisada e esquecida, ou sobre pedras, onde germina, mas logo seca por falta de sustenta\u00e7\u00e3o. **O diabo, como um vento impiedoso, tenta subtrair a semente do cora\u00e7\u00e3o.**<\/p>\n<p>### O Perigo da Estagna\u00e7\u00e3o<\/p>\n<p>Mas h\u00e1 um perigo ainda maior: a semente que cai entre os espinhos. A princ\u00edpio, o cora\u00e7\u00e3o se alegra com a mensagem, buscando a f\u00e9 com entusiasmo. Contudo, com o tempo, a preocupa\u00e7\u00e3o com as coisas do mundo, a busca incessante por riqueza e a busca incessante por prazeres, sufocam a semente. **A alegria inicial se esvai, e a f\u00e9 se torna um fardo.**<\/p>\n<p>A vida, com suas exig\u00eancias e tenta\u00e7\u00f5es, pode nos desviar do caminho. Podemos nos sentir sobrecarregados, desanimados e at\u00e9 mesmo abandonar a busca por Deus.  Essa \u00e9 uma armadilha sutil, que nos afasta da fonte de toda a gra\u00e7a.<\/p>\n<p>### O Solo F\u00e9rtil: A Paci\u00eancia da Esperan\u00e7a<\/p>\n<p>Felizmente, a par\u00e1bola n\u00e3o termina no desespero. Existe a terra boa, onde a semente encontra um solo f\u00e9rtil e d\u00e1 frutos abundantes. **Este terreno representa aqueles que acolhem a palavra com um cora\u00e7\u00e3o generoso e perseverante.** Eles guardam a mensagem em seus cora\u00e7\u00f5es e a colocam em pr\u00e1tica, produzindo bons frutos.<\/p>\n<p>Para que o solo de nosso cora\u00e7\u00e3o se torne f\u00e9rtil, precisamos estar atentos aos sinais que nos afetam. \u00c9 fundamental **avaliar constantemente se as preocupa\u00e7\u00f5es mundanas, a riqueza e os prazeres n\u00e3o est\u00e3o sufocando a semente da f\u00e9.** O reino de Deus deve sempre ocupar o primeiro lugar em nossas vidas, impulsionando nossas a\u00e7\u00f5es e decis\u00f5es.<\/p>\n<p>### O Amadurecimento na F\u00e9<\/p>\n<p>A jornada espiritual \u00e9 um processo cont\u00ednuo de crescimento e amadurecimento. Devemos buscar a sabedoria, a humildade e a perseveran\u00e7a. **O amor por Deus deve crescer com o tempo, tornando-se a for\u00e7a motriz de nossas vidas.**  N\u00e3o podemos permitir que o mundo nos endure\u00e7a, que nos distraia do prop\u00f3sito divino.<\/p>\n<p>*   Cultive a ora\u00e7\u00e3o e a medita\u00e7\u00e3o.<br \/>*   Busque o conhecimento da Palavra.<br \/>*   Compartilhe sua f\u00e9 com os outros.<br \/>*   Seja um instrumento de amor e compaix\u00e3o.<\/p>\n<p>Que possamos, cada um, examinar o solo de nossos cora\u00e7\u00f5es e remover as pedras, os espinhos e a sujeira que impedem a semente da f\u00e9 de germinar e dar frutos. Que a gra\u00e7a de Deus nos fortale\u00e7a para perseverar no caminho da esperan\u00e7a e do amor.<\/p>\n","protected":false},"excerpt":{"rendered":"<p>## A Semente e o Cora\u00e7\u00e3o: Um Chamado \u00e0 Perseveran\u00e7a Em cada vida, h\u00e1 um anseio profundo por sentido e dire\u00e7\u00e3o. Observamos, ao redor de n\u00f3s, as mudan\u00e7as, as prova\u00e7\u00f5es, e buscamos, em meio a tudo, uma b\u00fassola que nos guie. \u00c9 com este pensamento que reflito sobre a par\u00e1bola do Semeador, um relato que [&hellip;]<\/p>\n","protected":false},"author":1,"featured_media":0,"comment_status":"closed","ping_status":"open","sticky":false,"template":"","format":"standard","meta":{"footnotes":""},"categories":[14],"tags":[],"class_list":["post-6384","post","type-post","status-publish","format-standard","hentry","category-reflexao"],"yoast_head":"<!-- This site is optimized with the Yoast SEO plugin v27.2 - https:\/\/yoast.com\/product\/yoast-seo-wordpress\/ -->\n<title>Perseveran\u00e7a na F\u00e9: Reflex\u00f5es sobre a Par\u00e1bola do Semeador - Salmos B\u00edblicos<\/title>\n<meta name=\"robots\" content=\"index, follow, max-snippet:-1, max-image-preview:large, max-video-preview:-1\" \/>\n<link rel=\"canonical\" href=\"http:\/\/salmosbiblicos.com.br\/index.php\/2026\/04\/02\/perseveranca-na-fe-reflexoes-sobre-a-parabola-do-semeador\/\" \/>\n<meta property=\"og:locale\" content=\"pt_BR\" \/>\n<meta property=\"og:type\" content=\"article\" \/>\n<meta property=\"og:title\" content=\"Perseveran\u00e7a na F\u00e9: Reflex\u00f5es sobre a Par\u00e1bola do Semeador - Salmos B\u00edblicos\" \/>\n<meta property=\"og:description\" content=\"## A Semente e o Cora\u00e7\u00e3o: Um Chamado \u00e0 Perseveran\u00e7a Em cada vida, h\u00e1 um anseio profundo por sentido e dire\u00e7\u00e3o. Observamos, ao redor de n\u00f3s, as mudan\u00e7as, as prova\u00e7\u00f5es, e buscamos, em meio a tudo, uma b\u00fassola que nos guie. \u00c9 com este pensamento que reflito sobre a par\u00e1bola do Semeador, um relato que [&hellip;]\" \/>\n<meta property=\"og:url\" content=\"http:\/\/salmosbiblicos.com.br\/index.php\/2026\/04\/02\/perseveranca-na-fe-reflexoes-sobre-a-parabola-do-semeador\/\" \/>\n<meta property=\"og:site_name\" content=\"Salmos B\u00edblicos\" \/>\n<meta property=\"article:published_time\" content=\"2026-04-02T10:40:25+00:00\" \/>\n<meta name=\"author\" content=\"alextreh@gmail.com\" \/>\n<meta name=\"twitter:card\" content=\"summary_large_image\" \/>\n<meta name=\"twitter:label1\" content=\"Escrito por\" \/>\n\t<meta name=\"twitter:data1\" content=\"alextreh@gmail.com\" \/>\n\t<meta name=\"twitter:label2\" content=\"Est. tempo de leitura\" \/>\n\t<meta name=\"twitter:data2\" content=\"3 minutos\" \/>\n<script type=\"application\/ld+json\" class=\"yoast-schema-graph\">{\"@context\":\"https:\/\/schema.org\",\"@graph\":[{\"@type\":\"Article\",\"@id\":\"http:\/\/salmosbiblicos.com.br\/index.php\/2026\/04\/02\/perseveranca-na-fe-reflexoes-sobre-a-parabola-do-semeador\/#article\",\"isPartOf\":{\"@id\":\"http:\/\/salmosbiblicos.com.br\/index.php\/2026\/04\/02\/perseveranca-na-fe-reflexoes-sobre-a-parabola-do-semeador\/\"},\"author\":{\"name\":\"alextreh@gmail.com\",\"@id\":\"https:\/\/salmosbiblicos.com.br\/#\/schema\/person\/30586d0fb3f3a46b78a3414fc39cc975\"},\"headline\":\"Perseveran\u00e7a na F\u00e9: Reflex\u00f5es sobre a Par\u00e1bola do Semeador\",\"datePublished\":\"2026-04-02T10:40:25+00:00\",\"mainEntityOfPage\":{\"@id\":\"http:\/\/salmosbiblicos.com.br\/index.php\/2026\/04\/02\/perseveranca-na-fe-reflexoes-sobre-a-parabola-do-semeador\/\"},\"wordCount\":584,\"articleSection\":[\"Reflex\u00e3o\"],\"inLanguage\":\"pt-BR\"},{\"@type\":\"WebPage\",\"@id\":\"http:\/\/salmosbiblicos.com.br\/index.php\/2026\/04\/02\/perseveranca-na-fe-reflexoes-sobre-a-parabola-do-semeador\/\",\"url\":\"http:\/\/salmosbiblicos.com.br\/index.php\/2026\/04\/02\/perseveranca-na-fe-reflexoes-sobre-a-parabola-do-semeador\/\",\"name\":\"Perseveran\u00e7a na F\u00e9: Reflex\u00f5es sobre a Par\u00e1bola do Semeador - Salmos B\u00edblicos\",\"isPartOf\":{\"@id\":\"https:\/\/salmosbiblicos.com.br\/#website\"},\"datePublished\":\"2026-04-02T10:40:25+00:00\",\"author\":{\"@id\":\"https:\/\/salmosbiblicos.com.br\/#\/schema\/person\/30586d0fb3f3a46b78a3414fc39cc975\"},\"breadcrumb\":{\"@id\":\"http:\/\/salmosbiblicos.com.br\/index.php\/2026\/04\/02\/perseveranca-na-fe-reflexoes-sobre-a-parabola-do-semeador\/#breadcrumb\"},\"inLanguage\":\"pt-BR\",\"potentialAction\":[{\"@type\":\"ReadAction\",\"target\":[\"http:\/\/salmosbiblicos.com.br\/index.php\/2026\/04\/02\/perseveranca-na-fe-reflexoes-sobre-a-parabola-do-semeador\/\"]}]},{\"@type\":\"BreadcrumbList\",\"@id\":\"http:\/\/salmosbiblicos.com.br\/index.php\/2026\/04\/02\/perseveranca-na-fe-reflexoes-sobre-a-parabola-do-semeador\/#breadcrumb\",\"itemListElement\":[{\"@type\":\"ListItem\",\"position\":1,\"name\":\"Home\",\"item\":\"https:\/\/salmosbiblicos.com.br\/\"},{\"@type\":\"ListItem\",\"position\":2,\"name\":\"Perseveran\u00e7a na F\u00e9: Reflex\u00f5es sobre a Par\u00e1bola do Semeador\"}]},{\"@type\":\"WebSite\",\"@id\":\"https:\/\/salmosbiblicos.com.br\/#website\",\"url\":\"https:\/\/salmosbiblicos.com.br\/\",\"name\":\"Salmos B\u00edblicos\",\"description\":\"Uma e-Livraria com e-Books novos para voc\u00ea refletir.\",\"potentialAction\":[{\"@type\":\"SearchAction\",\"target\":{\"@type\":\"EntryPoint\",\"urlTemplate\":\"https:\/\/salmosbiblicos.com.br\/?s={search_term_string}\"},\"query-input\":{\"@type\":\"PropertyValueSpecification\",\"valueRequired\":true,\"valueName\":\"search_term_string\"}}],\"inLanguage\":\"pt-BR\"},{\"@type\":\"Person\",\"@id\":\"https:\/\/salmosbiblicos.com.br\/#\/schema\/person\/30586d0fb3f3a46b78a3414fc39cc975\",\"name\":\"alextreh@gmail.com\",\"image\":{\"@type\":\"ImageObject\",\"inLanguage\":\"pt-BR\",\"@id\":\"https:\/\/secure.gravatar.com\/avatar\/7cf84d31f581ec97b887c1039d478a7c293086896c84951a86753fb2c2af7527?s=96&d=mm&r=g\",\"url\":\"https:\/\/secure.gravatar.com\/avatar\/7cf84d31f581ec97b887c1039d478a7c293086896c84951a86753fb2c2af7527?s=96&d=mm&r=g\",\"contentUrl\":\"https:\/\/secure.gravatar.com\/avatar\/7cf84d31f581ec97b887c1039d478a7c293086896c84951a86753fb2c2af7527?s=96&d=mm&r=g\",\"caption\":\"alextreh@gmail.com\"},\"sameAs\":[\"http:\/\/salmosbiblicos.com.br\"],\"url\":\"https:\/\/salmosbiblicos.com.br\/index.php\/author\/alextrehgmail-com\/\"}]}<\/script>\n<!-- \/ Yoast SEO plugin. -->","yoast_head_json":{"title":"Perseveran\u00e7a na F\u00e9: Reflex\u00f5es sobre a Par\u00e1bola do Semeador - Salmos B\u00edblicos","robots":{"index":"index","follow":"follow","max-snippet":"max-snippet:-1","max-image-preview":"max-image-preview:large","max-video-preview":"max-video-preview:-1"},"canonical":"http:\/\/salmosbiblicos.com.br\/index.php\/2026\/04\/02\/perseveranca-na-fe-reflexoes-sobre-a-parabola-do-semeador\/","og_locale":"pt_BR","og_type":"article","og_title":"Perseveran\u00e7a na F\u00e9: Reflex\u00f5es sobre a Par\u00e1bola do Semeador - Salmos B\u00edblicos","og_description":"## A Semente e o Cora\u00e7\u00e3o: Um Chamado \u00e0 Perseveran\u00e7a Em cada vida, h\u00e1 um anseio profundo por sentido e dire\u00e7\u00e3o. Observamos, ao redor de n\u00f3s, as mudan\u00e7as, as prova\u00e7\u00f5es, e buscamos, em meio a tudo, uma b\u00fassola que nos guie. \u00c9 com este pensamento que reflito sobre a par\u00e1bola do Semeador, um relato que [&hellip;]","og_url":"http:\/\/salmosbiblicos.com.br\/index.php\/2026\/04\/02\/perseveranca-na-fe-reflexoes-sobre-a-parabola-do-semeador\/","og_site_name":"Salmos B\u00edblicos","article_published_time":"2026-04-02T10:40:25+00:00","author":"alextreh@gmail.com","twitter_card":"summary_large_image","twitter_misc":{"Escrito por":"alextreh@gmail.com","Est. tempo de leitura":"3 minutos"},"schema":{"@context":"https:\/\/schema.org","@graph":[{"@type":"Article","@id":"http:\/\/salmosbiblicos.com.br\/index.php\/2026\/04\/02\/perseveranca-na-fe-reflexoes-sobre-a-parabola-do-semeador\/#article","isPartOf":{"@id":"http:\/\/salmosbiblicos.com.br\/index.php\/2026\/04\/02\/perseveranca-na-fe-reflexoes-sobre-a-parabola-do-semeador\/"},"author":{"name":"alextreh@gmail.com","@id":"https:\/\/salmosbiblicos.com.br\/#\/schema\/person\/30586d0fb3f3a46b78a3414fc39cc975"},"headline":"Perseveran\u00e7a na F\u00e9: Reflex\u00f5es sobre a Par\u00e1bola do Semeador","datePublished":"2026-04-02T10:40:25+00:00","mainEntityOfPage":{"@id":"http:\/\/salmosbiblicos.com.br\/index.php\/2026\/04\/02\/perseveranca-na-fe-reflexoes-sobre-a-parabola-do-semeador\/"},"wordCount":584,"articleSection":["Reflex\u00e3o"],"inLanguage":"pt-BR"},{"@type":"WebPage","@id":"http:\/\/salmosbiblicos.com.br\/index.php\/2026\/04\/02\/perseveranca-na-fe-reflexoes-sobre-a-parabola-do-semeador\/","url":"http:\/\/salmosbiblicos.com.br\/index.php\/2026\/04\/02\/perseveranca-na-fe-reflexoes-sobre-a-parabola-do-semeador\/","name":"Perseveran\u00e7a na F\u00e9: Reflex\u00f5es sobre a Par\u00e1bola do Semeador - Salmos B\u00edblicos","isPartOf":{"@id":"https:\/\/salmosbiblicos.com.br\/#website"},"datePublished":"2026-04-02T10:40:25+00:00","author":{"@id":"https:\/\/salmosbiblicos.com.br\/#\/schema\/person\/30586d0fb3f3a46b78a3414fc39cc975"},"breadcrumb":{"@id":"http:\/\/salmosbiblicos.com.br\/index.php\/2026\/04\/02\/perseveranca-na-fe-reflexoes-sobre-a-parabola-do-semeador\/#breadcrumb"},"inLanguage":"pt-BR","potentialAction":[{"@type":"ReadAction","target":["http:\/\/salmosbiblicos.com.br\/index.php\/2026\/04\/02\/perseveranca-na-fe-reflexoes-sobre-a-parabola-do-semeador\/"]}]},{"@type":"BreadcrumbList","@id":"http:\/\/salmosbiblicos.com.br\/index.php\/2026\/04\/02\/perseveranca-na-fe-reflexoes-sobre-a-parabola-do-semeador\/#breadcrumb","itemListElement":[{"@type":"ListItem","position":1,"name":"Home","item":"https:\/\/salmosbiblicos.com.br\/"},{"@type":"ListItem","position":2,"name":"Perseveran\u00e7a na F\u00e9: Reflex\u00f5es sobre a Par\u00e1bola do Semeador"}]},{"@type":"WebSite","@id":"https:\/\/salmosbiblicos.com.br\/#website","url":"https:\/\/salmosbiblicos.com.br\/","name":"Salmos B\u00edblicos","description":"Uma e-Livraria com e-Books novos para voc\u00ea refletir.","potentialAction":[{"@type":"SearchAction","target":{"@type":"EntryPoint","urlTemplate":"https:\/\/salmosbiblicos.com.br\/?s={search_term_string}"},"query-input":{"@type":"PropertyValueSpecification","valueRequired":true,"valueName":"search_term_string"}}],"inLanguage":"pt-BR"},{"@type":"Person","@id":"https:\/\/salmosbiblicos.com.br\/#\/schema\/person\/30586d0fb3f3a46b78a3414fc39cc975","name":"alextreh@gmail.com","image":{"@type":"ImageObject","inLanguage":"pt-BR","@id":"https:\/\/secure.gravatar.com\/avatar\/7cf84d31f581ec97b887c1039d478a7c293086896c84951a86753fb2c2af7527?s=96&d=mm&r=g","url":"https:\/\/secure.gravatar.com\/avatar\/7cf84d31f581ec97b887c1039d478a7c293086896c84951a86753fb2c2af7527?s=96&d=mm&r=g","contentUrl":"https:\/\/secure.gravatar.com\/avatar\/7cf84d31f581ec97b887c1039d478a7c293086896c84951a86753fb2c2af7527?s=96&d=mm&r=g","caption":"alextreh@gmail.com"},"sameAs":["http:\/\/salmosbiblicos.com.br"],"url":"https:\/\/salmosbiblicos.com.br\/index.php\/author\/alextrehgmail-com\/"}]}},"_links":{"self":[{"href":"https:\/\/salmosbiblicos.com.br\/index.php\/wp-json\/wp\/v2\/posts\/6384","targetHints":{"allow":["GET"]}}],"collection":[{"href":"https:\/\/salmosbiblicos.com.br\/index.php\/wp-json\/wp\/v2\/posts"}],"about":[{"href":"https:\/\/salmosbiblicos.com.br\/index.php\/wp-json\/wp\/v2\/types\/post"}],"author":[{"embeddable":true,"href":"https:\/\/salmosbiblicos.com.br\/index.php\/wp-json\/wp\/v2\/users\/1"}],"replies":[{"embeddable":true,"href":"https:\/\/salmosbiblicos.com.br\/index.php\/wp-json\/wp\/v2\/comments?post=6384"}],"version-history":[{"count":1,"href":"https:\/\/salmosbiblicos.com.br\/index.php\/wp-json\/wp\/v2\/posts\/6384\/revisions"}],"predecessor-version":[{"id":6385,"href":"https:\/\/salmosbiblicos.com.br\/index.php\/wp-json\/wp\/v2\/posts\/6384\/revisions\/6385"}],"wp:attachment":[{"href":"https:\/\/salmosbiblicos.com.br\/index.php\/wp-json\/wp\/v2\/media?parent=6384"}],"wp:term":[{"taxonomy":"category","embeddable":true,"href":"https:\/\/salmosbiblicos.com.br\/index.php\/wp-json\/wp\/v2\/categories?post=6384"},{"taxonomy":"post_tag","embeddable":true,"href":"https:\/\/salmosbiblicos.com.br\/index.php\/wp-json\/wp\/v2\/tags?post=6384"}],"curies":[{"name":"wp","href":"https:\/\/api.w.org\/{rel}","templated":true}]}}