{"id":6388,"date":"2026-04-02T07:54:36","date_gmt":"2026-04-02T10:54:36","guid":{"rendered":"https:\/\/salmosbiblicos.com.br\/?p=6388"},"modified":"2026-04-02T07:54:36","modified_gmt":"2026-04-02T10:54:36","slug":"aflito-busca-cura-reflexao-sobre-a-humildade-e-a-fe","status":"publish","type":"post","link":"https:\/\/salmosbiblicos.com.br\/index.php\/2026\/04\/02\/aflito-busca-cura-reflexao-sobre-a-humildade-e-a-fe\/","title":{"rendered":"Aflito Busca Cura: Reflex\u00e3o Sobre a Humildade e a F\u00e9"},"content":{"rendered":"<p>## A Humildade do Aflito: Reconhecendo a Necessidade da Cura Divina<\/p>\n<p>\u00c9 um dom a cada um de n\u00f3s, refletir sobre a fragilidade da condi\u00e7\u00e3o humana. Quantas vezes nos encontramos em busca de al\u00edvio para as dores que nos afligem, sejam elas f\u00edsicas ou aquelas que corroem a alma?<\/p>\n<p>### A Mesa da Compaix\u00e3o<\/p>\n<p>Jesus, em sua infinita sabedoria, compartilha uma mesa com aqueles que a sociedade marginaliza. Cobradores de impostos, pecadores, aqueles que se sentem exclu\u00eddos \u2013 todos s\u00e3o acolhidos em sua presen\u00e7a. A rea\u00e7\u00e3o dos fariseus, por\u00e9m, revela a cegueira daqueles que se consideram justos. Questionam a escolha do Mestre, incapazes de compreender a profundidade de seu amor e miseric\u00f3rdia.<\/p>\n<p>Jesus responde com uma verdade lapidar: **\u201cAqueles que t\u00eam sa\u00fade e n\u00e3o precisam de m\u00e9dico, s\u00e3o os s\u00e3o. Eu vim chamar os pecadores, n\u00e3o os justos.\u201d** Uma afirma\u00e7\u00e3o que nos convida a uma profunda introspec\u00e7\u00e3o.<\/p>\n<p>### A Realidade da Doen\u00e7a<\/p>\n<p>Na vida f\u00edsica, a necessidade de cuidados m\u00e9dicos \u00e9 evidente. Reconhecemos quando estamos doentes e buscamos al\u00edvio. Mas o que dizer da nossa sa\u00fade espiritual?<\/p>\n<p>Se afirmarmos estar livres de enfermidades espirituais, estar\u00edamos negando a pr\u00f3pria necessidade de Cristo. \u00c9 um engano acreditar que podemos trilhar o caminho da f\u00e9 sem reconhecer nossas falhas, nossas fraquezas, nossos pecados.<\/p>\n<p>### A Doen\u00e7a da Alma<\/p>\n<p>Assim como o corpo necessita de cuidados, a alma anseia por cura. \u00c9 um processo di\u00e1rio, uma constante busca por perd\u00e3o e transforma\u00e7\u00e3o. A nega\u00e7\u00e3o da pr\u00f3pria fragilidade impede que busquemos a ajuda divina.<\/p>\n<p>Aquele que se recusa a ver a pr\u00f3pria doen\u00e7a, \u00e9 como o dependente qu\u00edmico que nega sua compuls\u00e3o, ou o viciado que se ilude com a falsa liberdade de escolher quando e quanto usar. **A ignor\u00e2ncia da pr\u00f3pria condi\u00e7\u00e3o nos aprisiona.**<\/p>\n<p>### Humildade e a Busca pela Cura<\/p>\n<p>A verdadeira humildade reside em reconhecer a nossa enfermidade espiritual. \u00c9 a consci\u00eancia de que precisamos de Jesus, que somos dependentes de sua gra\u00e7a e miseric\u00f3rdia. <\/p>\n<p>*   **Reconhe\u00e7a suas falhas:** N\u00e3o tenha medo de encarar as sombras que habitam em seu interior.<br \/>*   **Busque a cura:** Abrace a f\u00e9 como um b\u00e1lsamo para as feridas da alma.<br \/>*   **Permane\u00e7a em ora\u00e7\u00e3o:** Busque a for\u00e7a divina para superar as prova\u00e7\u00f5es.<br \/>*   **Ame o pr\u00f3ximo:** Estenda a m\u00e3o \u00e0queles que tamb\u00e9m se sentem perdidos e necessitados.<\/p>\n<p>Que possamos, a cada dia, abra\u00e7ar a nossa fragilidade e buscar a cura divina que nos liberta e nos transforma. Pois, s\u00f3 reconhecendo a nossa necessidade, podemos nos abrir para a infinita gra\u00e7a e amor de Deus.<\/p>\n","protected":false},"excerpt":{"rendered":"<p>## A Humildade do Aflito: Reconhecendo a Necessidade da Cura Divina \u00c9 um dom a cada um de n\u00f3s, refletir sobre a fragilidade da condi\u00e7\u00e3o humana. Quantas vezes nos encontramos em busca de al\u00edvio para as dores que nos afligem, sejam elas f\u00edsicas ou aquelas que corroem a alma? ### A Mesa da Compaix\u00e3o Jesus, [&hellip;]<\/p>\n","protected":false},"author":1,"featured_media":0,"comment_status":"closed","ping_status":"open","sticky":false,"template":"","format":"standard","meta":{"footnotes":""},"categories":[14],"tags":[],"class_list":["post-6388","post","type-post","status-publish","format-standard","hentry","category-reflexao"],"yoast_head":"<!-- This site is optimized with the Yoast SEO plugin v27.2 - https:\/\/yoast.com\/product\/yoast-seo-wordpress\/ -->\n<title>Aflito Busca Cura: Reflex\u00e3o Sobre a Humildade e a F\u00e9 - Salmos B\u00edblicos<\/title>\n<meta name=\"robots\" content=\"index, follow, max-snippet:-1, max-image-preview:large, max-video-preview:-1\" \/>\n<link rel=\"canonical\" href=\"https:\/\/salmosbiblicos.com.br\/index.php\/2026\/04\/02\/aflito-busca-cura-reflexao-sobre-a-humildade-e-a-fe\/\" \/>\n<meta property=\"og:locale\" content=\"pt_BR\" \/>\n<meta property=\"og:type\" content=\"article\" \/>\n<meta property=\"og:title\" content=\"Aflito Busca Cura: Reflex\u00e3o Sobre a Humildade e a F\u00e9 - Salmos B\u00edblicos\" \/>\n<meta property=\"og:description\" content=\"## A Humildade do Aflito: Reconhecendo a Necessidade da Cura Divina \u00c9 um dom a cada um de n\u00f3s, refletir sobre a fragilidade da condi\u00e7\u00e3o humana. Quantas vezes nos encontramos em busca de al\u00edvio para as dores que nos afligem, sejam elas f\u00edsicas ou aquelas que corroem a alma? ### A Mesa da Compaix\u00e3o Jesus, [&hellip;]\" \/>\n<meta property=\"og:url\" content=\"https:\/\/salmosbiblicos.com.br\/index.php\/2026\/04\/02\/aflito-busca-cura-reflexao-sobre-a-humildade-e-a-fe\/\" \/>\n<meta property=\"og:site_name\" content=\"Salmos B\u00edblicos\" \/>\n<meta property=\"article:published_time\" content=\"2026-04-02T10:54:36+00:00\" \/>\n<meta name=\"author\" content=\"alextreh@gmail.com\" \/>\n<meta name=\"twitter:card\" content=\"summary_large_image\" \/>\n<meta name=\"twitter:label1\" content=\"Escrito por\" \/>\n\t<meta name=\"twitter:data1\" content=\"alextreh@gmail.com\" \/>\n\t<meta name=\"twitter:label2\" content=\"Est. tempo de leitura\" \/>\n\t<meta name=\"twitter:data2\" content=\"2 minutos\" \/>\n<script type=\"application\/ld+json\" class=\"yoast-schema-graph\">{\"@context\":\"https:\/\/schema.org\",\"@graph\":[{\"@type\":\"Article\",\"@id\":\"https:\/\/salmosbiblicos.com.br\/index.php\/2026\/04\/02\/aflito-busca-cura-reflexao-sobre-a-humildade-e-a-fe\/#article\",\"isPartOf\":{\"@id\":\"https:\/\/salmosbiblicos.com.br\/index.php\/2026\/04\/02\/aflito-busca-cura-reflexao-sobre-a-humildade-e-a-fe\/\"},\"author\":{\"name\":\"alextreh@gmail.com\",\"@id\":\"https:\/\/salmosbiblicos.com.br\/#\/schema\/person\/30586d0fb3f3a46b78a3414fc39cc975\"},\"headline\":\"Aflito Busca Cura: Reflex\u00e3o Sobre a Humildade e a F\u00e9\",\"datePublished\":\"2026-04-02T10:54:36+00:00\",\"mainEntityOfPage\":{\"@id\":\"https:\/\/salmosbiblicos.com.br\/index.php\/2026\/04\/02\/aflito-busca-cura-reflexao-sobre-a-humildade-e-a-fe\/\"},\"wordCount\":468,\"articleSection\":[\"Reflex\u00e3o\"],\"inLanguage\":\"pt-BR\"},{\"@type\":\"WebPage\",\"@id\":\"https:\/\/salmosbiblicos.com.br\/index.php\/2026\/04\/02\/aflito-busca-cura-reflexao-sobre-a-humildade-e-a-fe\/\",\"url\":\"https:\/\/salmosbiblicos.com.br\/index.php\/2026\/04\/02\/aflito-busca-cura-reflexao-sobre-a-humildade-e-a-fe\/\",\"name\":\"Aflito Busca Cura: Reflex\u00e3o Sobre a Humildade e a F\u00e9 - Salmos B\u00edblicos\",\"isPartOf\":{\"@id\":\"https:\/\/salmosbiblicos.com.br\/#website\"},\"datePublished\":\"2026-04-02T10:54:36+00:00\",\"author\":{\"@id\":\"https:\/\/salmosbiblicos.com.br\/#\/schema\/person\/30586d0fb3f3a46b78a3414fc39cc975\"},\"breadcrumb\":{\"@id\":\"https:\/\/salmosbiblicos.com.br\/index.php\/2026\/04\/02\/aflito-busca-cura-reflexao-sobre-a-humildade-e-a-fe\/#breadcrumb\"},\"inLanguage\":\"pt-BR\",\"potentialAction\":[{\"@type\":\"ReadAction\",\"target\":[\"https:\/\/salmosbiblicos.com.br\/index.php\/2026\/04\/02\/aflito-busca-cura-reflexao-sobre-a-humildade-e-a-fe\/\"]}]},{\"@type\":\"BreadcrumbList\",\"@id\":\"https:\/\/salmosbiblicos.com.br\/index.php\/2026\/04\/02\/aflito-busca-cura-reflexao-sobre-a-humildade-e-a-fe\/#breadcrumb\",\"itemListElement\":[{\"@type\":\"ListItem\",\"position\":1,\"name\":\"Home\",\"item\":\"https:\/\/salmosbiblicos.com.br\/\"},{\"@type\":\"ListItem\",\"position\":2,\"name\":\"Aflito Busca Cura: Reflex\u00e3o Sobre a Humildade e a F\u00e9\"}]},{\"@type\":\"WebSite\",\"@id\":\"https:\/\/salmosbiblicos.com.br\/#website\",\"url\":\"https:\/\/salmosbiblicos.com.br\/\",\"name\":\"Salmos B\u00edblicos\",\"description\":\"Uma e-Livraria com e-Books novos para voc\u00ea refletir.\",\"potentialAction\":[{\"@type\":\"SearchAction\",\"target\":{\"@type\":\"EntryPoint\",\"urlTemplate\":\"https:\/\/salmosbiblicos.com.br\/?s={search_term_string}\"},\"query-input\":{\"@type\":\"PropertyValueSpecification\",\"valueRequired\":true,\"valueName\":\"search_term_string\"}}],\"inLanguage\":\"pt-BR\"},{\"@type\":\"Person\",\"@id\":\"https:\/\/salmosbiblicos.com.br\/#\/schema\/person\/30586d0fb3f3a46b78a3414fc39cc975\",\"name\":\"alextreh@gmail.com\",\"image\":{\"@type\":\"ImageObject\",\"inLanguage\":\"pt-BR\",\"@id\":\"https:\/\/secure.gravatar.com\/avatar\/7cf84d31f581ec97b887c1039d478a7c293086896c84951a86753fb2c2af7527?s=96&d=mm&r=g\",\"url\":\"https:\/\/secure.gravatar.com\/avatar\/7cf84d31f581ec97b887c1039d478a7c293086896c84951a86753fb2c2af7527?s=96&d=mm&r=g\",\"contentUrl\":\"https:\/\/secure.gravatar.com\/avatar\/7cf84d31f581ec97b887c1039d478a7c293086896c84951a86753fb2c2af7527?s=96&d=mm&r=g\",\"caption\":\"alextreh@gmail.com\"},\"sameAs\":[\"http:\/\/salmosbiblicos.com.br\"],\"url\":\"https:\/\/salmosbiblicos.com.br\/index.php\/author\/alextrehgmail-com\/\"}]}<\/script>\n<!-- \/ Yoast SEO plugin. -->","yoast_head_json":{"title":"Aflito Busca Cura: Reflex\u00e3o Sobre a Humildade e a F\u00e9 - Salmos B\u00edblicos","robots":{"index":"index","follow":"follow","max-snippet":"max-snippet:-1","max-image-preview":"max-image-preview:large","max-video-preview":"max-video-preview:-1"},"canonical":"https:\/\/salmosbiblicos.com.br\/index.php\/2026\/04\/02\/aflito-busca-cura-reflexao-sobre-a-humildade-e-a-fe\/","og_locale":"pt_BR","og_type":"article","og_title":"Aflito Busca Cura: Reflex\u00e3o Sobre a Humildade e a F\u00e9 - Salmos B\u00edblicos","og_description":"## A Humildade do Aflito: Reconhecendo a Necessidade da Cura Divina \u00c9 um dom a cada um de n\u00f3s, refletir sobre a fragilidade da condi\u00e7\u00e3o humana. Quantas vezes nos encontramos em busca de al\u00edvio para as dores que nos afligem, sejam elas f\u00edsicas ou aquelas que corroem a alma? ### A Mesa da Compaix\u00e3o Jesus, [&hellip;]","og_url":"https:\/\/salmosbiblicos.com.br\/index.php\/2026\/04\/02\/aflito-busca-cura-reflexao-sobre-a-humildade-e-a-fe\/","og_site_name":"Salmos B\u00edblicos","article_published_time":"2026-04-02T10:54:36+00:00","author":"alextreh@gmail.com","twitter_card":"summary_large_image","twitter_misc":{"Escrito por":"alextreh@gmail.com","Est. tempo de leitura":"2 minutos"},"schema":{"@context":"https:\/\/schema.org","@graph":[{"@type":"Article","@id":"https:\/\/salmosbiblicos.com.br\/index.php\/2026\/04\/02\/aflito-busca-cura-reflexao-sobre-a-humildade-e-a-fe\/#article","isPartOf":{"@id":"https:\/\/salmosbiblicos.com.br\/index.php\/2026\/04\/02\/aflito-busca-cura-reflexao-sobre-a-humildade-e-a-fe\/"},"author":{"name":"alextreh@gmail.com","@id":"https:\/\/salmosbiblicos.com.br\/#\/schema\/person\/30586d0fb3f3a46b78a3414fc39cc975"},"headline":"Aflito Busca Cura: Reflex\u00e3o Sobre a Humildade e a F\u00e9","datePublished":"2026-04-02T10:54:36+00:00","mainEntityOfPage":{"@id":"https:\/\/salmosbiblicos.com.br\/index.php\/2026\/04\/02\/aflito-busca-cura-reflexao-sobre-a-humildade-e-a-fe\/"},"wordCount":468,"articleSection":["Reflex\u00e3o"],"inLanguage":"pt-BR"},{"@type":"WebPage","@id":"https:\/\/salmosbiblicos.com.br\/index.php\/2026\/04\/02\/aflito-busca-cura-reflexao-sobre-a-humildade-e-a-fe\/","url":"https:\/\/salmosbiblicos.com.br\/index.php\/2026\/04\/02\/aflito-busca-cura-reflexao-sobre-a-humildade-e-a-fe\/","name":"Aflito Busca Cura: Reflex\u00e3o Sobre a Humildade e a F\u00e9 - Salmos B\u00edblicos","isPartOf":{"@id":"https:\/\/salmosbiblicos.com.br\/#website"},"datePublished":"2026-04-02T10:54:36+00:00","author":{"@id":"https:\/\/salmosbiblicos.com.br\/#\/schema\/person\/30586d0fb3f3a46b78a3414fc39cc975"},"breadcrumb":{"@id":"https:\/\/salmosbiblicos.com.br\/index.php\/2026\/04\/02\/aflito-busca-cura-reflexao-sobre-a-humildade-e-a-fe\/#breadcrumb"},"inLanguage":"pt-BR","potentialAction":[{"@type":"ReadAction","target":["https:\/\/salmosbiblicos.com.br\/index.php\/2026\/04\/02\/aflito-busca-cura-reflexao-sobre-a-humildade-e-a-fe\/"]}]},{"@type":"BreadcrumbList","@id":"https:\/\/salmosbiblicos.com.br\/index.php\/2026\/04\/02\/aflito-busca-cura-reflexao-sobre-a-humildade-e-a-fe\/#breadcrumb","itemListElement":[{"@type":"ListItem","position":1,"name":"Home","item":"https:\/\/salmosbiblicos.com.br\/"},{"@type":"ListItem","position":2,"name":"Aflito Busca Cura: Reflex\u00e3o Sobre a Humildade e a F\u00e9"}]},{"@type":"WebSite","@id":"https:\/\/salmosbiblicos.com.br\/#website","url":"https:\/\/salmosbiblicos.com.br\/","name":"Salmos B\u00edblicos","description":"Uma e-Livraria com e-Books novos para voc\u00ea refletir.","potentialAction":[{"@type":"SearchAction","target":{"@type":"EntryPoint","urlTemplate":"https:\/\/salmosbiblicos.com.br\/?s={search_term_string}"},"query-input":{"@type":"PropertyValueSpecification","valueRequired":true,"valueName":"search_term_string"}}],"inLanguage":"pt-BR"},{"@type":"Person","@id":"https:\/\/salmosbiblicos.com.br\/#\/schema\/person\/30586d0fb3f3a46b78a3414fc39cc975","name":"alextreh@gmail.com","image":{"@type":"ImageObject","inLanguage":"pt-BR","@id":"https:\/\/secure.gravatar.com\/avatar\/7cf84d31f581ec97b887c1039d478a7c293086896c84951a86753fb2c2af7527?s=96&d=mm&r=g","url":"https:\/\/secure.gravatar.com\/avatar\/7cf84d31f581ec97b887c1039d478a7c293086896c84951a86753fb2c2af7527?s=96&d=mm&r=g","contentUrl":"https:\/\/secure.gravatar.com\/avatar\/7cf84d31f581ec97b887c1039d478a7c293086896c84951a86753fb2c2af7527?s=96&d=mm&r=g","caption":"alextreh@gmail.com"},"sameAs":["http:\/\/salmosbiblicos.com.br"],"url":"https:\/\/salmosbiblicos.com.br\/index.php\/author\/alextrehgmail-com\/"}]}},"_links":{"self":[{"href":"https:\/\/salmosbiblicos.com.br\/index.php\/wp-json\/wp\/v2\/posts\/6388","targetHints":{"allow":["GET"]}}],"collection":[{"href":"https:\/\/salmosbiblicos.com.br\/index.php\/wp-json\/wp\/v2\/posts"}],"about":[{"href":"https:\/\/salmosbiblicos.com.br\/index.php\/wp-json\/wp\/v2\/types\/post"}],"author":[{"embeddable":true,"href":"https:\/\/salmosbiblicos.com.br\/index.php\/wp-json\/wp\/v2\/users\/1"}],"replies":[{"embeddable":true,"href":"https:\/\/salmosbiblicos.com.br\/index.php\/wp-json\/wp\/v2\/comments?post=6388"}],"version-history":[{"count":1,"href":"https:\/\/salmosbiblicos.com.br\/index.php\/wp-json\/wp\/v2\/posts\/6388\/revisions"}],"predecessor-version":[{"id":6389,"href":"https:\/\/salmosbiblicos.com.br\/index.php\/wp-json\/wp\/v2\/posts\/6388\/revisions\/6389"}],"wp:attachment":[{"href":"https:\/\/salmosbiblicos.com.br\/index.php\/wp-json\/wp\/v2\/media?parent=6388"}],"wp:term":[{"taxonomy":"category","embeddable":true,"href":"https:\/\/salmosbiblicos.com.br\/index.php\/wp-json\/wp\/v2\/categories?post=6388"},{"taxonomy":"post_tag","embeddable":true,"href":"https:\/\/salmosbiblicos.com.br\/index.php\/wp-json\/wp\/v2\/tags?post=6388"}],"curies":[{"name":"wp","href":"https:\/\/api.w.org\/{rel}","templated":true}]}}