{"id":6416,"date":"2026-04-02T10:28:59","date_gmt":"2026-04-02T13:28:59","guid":{"rendered":"https:\/\/salmosbiblicos.com.br\/?p=6416"},"modified":"2026-04-02T10:28:59","modified_gmt":"2026-04-02T13:28:59","slug":"humildade-e-graca-reflexoes-sobre-a-visitacao-de-maria","status":"publish","type":"post","link":"https:\/\/salmosbiblicos.com.br\/index.php\/2026\/04\/02\/humildade-e-graca-reflexoes-sobre-a-visitacao-de-maria\/","title":{"rendered":"Humildade e Gra\u00e7a: Reflex\u00f5es sobre a Visita\u00e7\u00e3o de Maria"},"content":{"rendered":"<p>## A Humildade que Abre as Portas do Divino<\/p>\n<p>Em momentos de profunda introspec\u00e7\u00e3o, somos convidados a contemplar os mist\u00e9rios da f\u00e9, a refletir sobre a gra\u00e7a que nos envolve e o prop\u00f3sito que nos guia. Que a luz da palavra nos ilumine, revelando a beleza e a for\u00e7a que residem na simplicidade da f\u00e9.<\/p>\n<p>### O An\u00fancio da Gra\u00e7a<\/p>\n<p>No sil\u00eancio de Nazar\u00e9, um anjo foi enviado por Deus, trazendo uma mensagem de esperan\u00e7a e reden\u00e7\u00e3o. A jovem Maria, prometida em casamento, recebeu a visita celestial e ouviu palavras que a perturbaram profundamente. \u201cAlegra-te, cheia de gra\u00e7a, o Senhor est\u00e1 contigo.\u201d Que palavras poderosas! Um reconhecimento da gra\u00e7a divina, um sinal de que a presen\u00e7a de Deus se manifestava em sua vida.<\/p>\n<p>**A humildade verdadeira se sente pequena diante da gra\u00e7a do Senhor.** Maria, no seu cora\u00e7\u00e3o puro, sentiu-se perturbada ao receber tamanha honra. N\u00e3o por orgulho, mas pela consci\u00eancia de sua fragilidade diante da grandeza divina.<\/p>\n<p>### A Profecia que se Cumpre<\/p>\n<p>A promessa de um filho, que seria chamado Jesus, ressoou como o cumprimento de uma antiga profecia. Uma virgem conceberia e daria \u00e0 luz o Messias, o Filho do Alt\u00edssimo, que reinar\u00e1 para sempre sobre a sua gente. Este sinal, anunciado por Isa\u00edas, encontrava sua realiza\u00e7\u00e3o na vida de Maria.<\/p>\n<p>\u201cComo acontecer\u00e1 isso? Se eu n\u00e3o conhe\u00e7o o homem algum?\u201d A pergunta de Maria revela sua busca por entendimento, sua pureza e sua fidelidade ao plano divino. A resposta do anjo trazia consigo a certeza: \u201cO Esp\u00edrito Santo vir\u00e1 sobre ti, e o poder do Alt\u00edssimo te cobrir\u00e1 com a sua sombra.\u201d<\/p>\n<p>### A Aceita\u00e7\u00e3o da Vontade Divina<\/p>\n<p>Maria, a serva do Senhor, proferiu as palavras que ecoam atrav\u00e9s dos s\u00e9culos: &#8220;Eis que a serva do Senhor fa\u00e7a segundo a tua palavra.\u201d **A aceita\u00e7\u00e3o da vontade de Deus exige coragem, f\u00e9 e a entrega completa ao seu plano.**<\/p>\n<p>Essa atitude de Maria, livre de medo e repleta de confian\u00e7a, nos inspira a superar nossos obst\u00e1culos e a seguir o caminho que Ele nos indica. Ela nos mostra que a verdadeira for\u00e7a reside na f\u00e9, na esperan\u00e7a e na entrega.<\/p>\n<p>### A Gra\u00e7a que Transforma<\/p>\n<p>A visita a Isabel, a mulher est\u00e9ril que tamb\u00e9m concebeu um filho por obra do Esp\u00edrito Santo, fortaleceu a f\u00e9 de Maria. **O poder de Deus \u00e9 capaz de realizar o imposs\u00edvel, de trazer vida onde antes havia desespero.**<\/p>\n<p>Este encontro \u00e9 um testemunho da gra\u00e7a que irradia de Deus, capaz de transformar a vida de cada um de n\u00f3s, de curar as feridas da alma e de nos conduzir \u00e0 plenitude do amor.<\/p>\n<p>### Um Chamado \u00e0 F\u00e9<\/p>\n<p>Que a hist\u00f3ria de Maria nos inspire a vencer nossos medos, a abra\u00e7ar os desafios e a confiar na provid\u00eancia divina. Que possamos, como ela, dizer sim \u00e0 vontade de Deus, mesmo quando o caminho se mostra incerto e dif\u00edcil.<\/p>\n<p>N\u00e3o se deixe paralisar pelo medo. Acredite no poder do amor, na for\u00e7a da f\u00e9. **Abrace a gra\u00e7a que te envolve e siga em frente, com o cora\u00e7\u00e3o aberto e a alma cheia de esperan\u00e7a.** Que a luz de Cristo ilumine o seu caminho e te conduza \u00e0 paz que excede todo o entendimento.<\/p>\n","protected":false},"excerpt":{"rendered":"<p>## A Humildade que Abre as Portas do Divino Em momentos de profunda introspec\u00e7\u00e3o, somos convidados a contemplar os mist\u00e9rios da f\u00e9, a refletir sobre a gra\u00e7a que nos envolve e o prop\u00f3sito que nos guia. Que a luz da palavra nos ilumine, revelando a beleza e a for\u00e7a que residem na simplicidade da f\u00e9. [&hellip;]<\/p>\n","protected":false},"author":1,"featured_media":0,"comment_status":"closed","ping_status":"open","sticky":false,"template":"","format":"standard","meta":{"footnotes":""},"categories":[14],"tags":[],"class_list":["post-6416","post","type-post","status-publish","format-standard","hentry","category-reflexao"],"yoast_head":"<!-- This site is optimized with the Yoast SEO plugin v27.2 - https:\/\/yoast.com\/product\/yoast-seo-wordpress\/ -->\n<title>Humildade e Gra\u00e7a: Reflex\u00f5es sobre a Visita\u00e7\u00e3o de Maria - Salmos B\u00edblicos<\/title>\n<meta name=\"robots\" content=\"index, follow, max-snippet:-1, max-image-preview:large, max-video-preview:-1\" \/>\n<link rel=\"canonical\" href=\"https:\/\/salmosbiblicos.com.br\/index.php\/2026\/04\/02\/humildade-e-graca-reflexoes-sobre-a-visitacao-de-maria\/\" \/>\n<meta property=\"og:locale\" content=\"pt_BR\" \/>\n<meta property=\"og:type\" content=\"article\" \/>\n<meta property=\"og:title\" content=\"Humildade e Gra\u00e7a: Reflex\u00f5es sobre a Visita\u00e7\u00e3o de Maria - Salmos B\u00edblicos\" \/>\n<meta property=\"og:description\" content=\"## A Humildade que Abre as Portas do Divino Em momentos de profunda introspec\u00e7\u00e3o, somos convidados a contemplar os mist\u00e9rios da f\u00e9, a refletir sobre a gra\u00e7a que nos envolve e o prop\u00f3sito que nos guia. Que a luz da palavra nos ilumine, revelando a beleza e a for\u00e7a que residem na simplicidade da f\u00e9. [&hellip;]\" \/>\n<meta property=\"og:url\" content=\"https:\/\/salmosbiblicos.com.br\/index.php\/2026\/04\/02\/humildade-e-graca-reflexoes-sobre-a-visitacao-de-maria\/\" \/>\n<meta property=\"og:site_name\" content=\"Salmos B\u00edblicos\" \/>\n<meta property=\"article:published_time\" content=\"2026-04-02T13:28:59+00:00\" \/>\n<meta name=\"author\" content=\"alextreh@gmail.com\" \/>\n<meta name=\"twitter:card\" content=\"summary_large_image\" \/>\n<meta name=\"twitter:label1\" content=\"Escrito por\" \/>\n\t<meta name=\"twitter:data1\" content=\"alextreh@gmail.com\" \/>\n\t<meta name=\"twitter:label2\" content=\"Est. tempo de leitura\" \/>\n\t<meta name=\"twitter:data2\" content=\"3 minutos\" \/>\n<script type=\"application\/ld+json\" class=\"yoast-schema-graph\">{\"@context\":\"https:\/\/schema.org\",\"@graph\":[{\"@type\":\"Article\",\"@id\":\"https:\/\/salmosbiblicos.com.br\/index.php\/2026\/04\/02\/humildade-e-graca-reflexoes-sobre-a-visitacao-de-maria\/#article\",\"isPartOf\":{\"@id\":\"https:\/\/salmosbiblicos.com.br\/index.php\/2026\/04\/02\/humildade-e-graca-reflexoes-sobre-a-visitacao-de-maria\/\"},\"author\":{\"name\":\"alextreh@gmail.com\",\"@id\":\"https:\/\/salmosbiblicos.com.br\/#\/schema\/person\/30586d0fb3f3a46b78a3414fc39cc975\"},\"headline\":\"Humildade e Gra\u00e7a: Reflex\u00f5es sobre a Visita\u00e7\u00e3o de Maria\",\"datePublished\":\"2026-04-02T13:28:59+00:00\",\"mainEntityOfPage\":{\"@id\":\"https:\/\/salmosbiblicos.com.br\/index.php\/2026\/04\/02\/humildade-e-graca-reflexoes-sobre-a-visitacao-de-maria\/\"},\"wordCount\":579,\"articleSection\":[\"Reflex\u00e3o\"],\"inLanguage\":\"pt-BR\"},{\"@type\":\"WebPage\",\"@id\":\"https:\/\/salmosbiblicos.com.br\/index.php\/2026\/04\/02\/humildade-e-graca-reflexoes-sobre-a-visitacao-de-maria\/\",\"url\":\"https:\/\/salmosbiblicos.com.br\/index.php\/2026\/04\/02\/humildade-e-graca-reflexoes-sobre-a-visitacao-de-maria\/\",\"name\":\"Humildade e Gra\u00e7a: Reflex\u00f5es sobre a Visita\u00e7\u00e3o de Maria - Salmos B\u00edblicos\",\"isPartOf\":{\"@id\":\"https:\/\/salmosbiblicos.com.br\/#website\"},\"datePublished\":\"2026-04-02T13:28:59+00:00\",\"author\":{\"@id\":\"https:\/\/salmosbiblicos.com.br\/#\/schema\/person\/30586d0fb3f3a46b78a3414fc39cc975\"},\"breadcrumb\":{\"@id\":\"https:\/\/salmosbiblicos.com.br\/index.php\/2026\/04\/02\/humildade-e-graca-reflexoes-sobre-a-visitacao-de-maria\/#breadcrumb\"},\"inLanguage\":\"pt-BR\",\"potentialAction\":[{\"@type\":\"ReadAction\",\"target\":[\"https:\/\/salmosbiblicos.com.br\/index.php\/2026\/04\/02\/humildade-e-graca-reflexoes-sobre-a-visitacao-de-maria\/\"]}]},{\"@type\":\"BreadcrumbList\",\"@id\":\"https:\/\/salmosbiblicos.com.br\/index.php\/2026\/04\/02\/humildade-e-graca-reflexoes-sobre-a-visitacao-de-maria\/#breadcrumb\",\"itemListElement\":[{\"@type\":\"ListItem\",\"position\":1,\"name\":\"Home\",\"item\":\"https:\/\/salmosbiblicos.com.br\/\"},{\"@type\":\"ListItem\",\"position\":2,\"name\":\"Humildade e Gra\u00e7a: Reflex\u00f5es sobre a Visita\u00e7\u00e3o de Maria\"}]},{\"@type\":\"WebSite\",\"@id\":\"https:\/\/salmosbiblicos.com.br\/#website\",\"url\":\"https:\/\/salmosbiblicos.com.br\/\",\"name\":\"Salmos B\u00edblicos\",\"description\":\"Uma e-Livraria com e-Books novos para voc\u00ea refletir.\",\"potentialAction\":[{\"@type\":\"SearchAction\",\"target\":{\"@type\":\"EntryPoint\",\"urlTemplate\":\"https:\/\/salmosbiblicos.com.br\/?s={search_term_string}\"},\"query-input\":{\"@type\":\"PropertyValueSpecification\",\"valueRequired\":true,\"valueName\":\"search_term_string\"}}],\"inLanguage\":\"pt-BR\"},{\"@type\":\"Person\",\"@id\":\"https:\/\/salmosbiblicos.com.br\/#\/schema\/person\/30586d0fb3f3a46b78a3414fc39cc975\",\"name\":\"alextreh@gmail.com\",\"image\":{\"@type\":\"ImageObject\",\"inLanguage\":\"pt-BR\",\"@id\":\"https:\/\/secure.gravatar.com\/avatar\/7cf84d31f581ec97b887c1039d478a7c293086896c84951a86753fb2c2af7527?s=96&d=mm&r=g\",\"url\":\"https:\/\/secure.gravatar.com\/avatar\/7cf84d31f581ec97b887c1039d478a7c293086896c84951a86753fb2c2af7527?s=96&d=mm&r=g\",\"contentUrl\":\"https:\/\/secure.gravatar.com\/avatar\/7cf84d31f581ec97b887c1039d478a7c293086896c84951a86753fb2c2af7527?s=96&d=mm&r=g\",\"caption\":\"alextreh@gmail.com\"},\"sameAs\":[\"http:\/\/salmosbiblicos.com.br\"],\"url\":\"https:\/\/salmosbiblicos.com.br\/index.php\/author\/alextrehgmail-com\/\"}]}<\/script>\n<!-- \/ Yoast SEO plugin. -->","yoast_head_json":{"title":"Humildade e Gra\u00e7a: Reflex\u00f5es sobre a Visita\u00e7\u00e3o de Maria - Salmos B\u00edblicos","robots":{"index":"index","follow":"follow","max-snippet":"max-snippet:-1","max-image-preview":"max-image-preview:large","max-video-preview":"max-video-preview:-1"},"canonical":"https:\/\/salmosbiblicos.com.br\/index.php\/2026\/04\/02\/humildade-e-graca-reflexoes-sobre-a-visitacao-de-maria\/","og_locale":"pt_BR","og_type":"article","og_title":"Humildade e Gra\u00e7a: Reflex\u00f5es sobre a Visita\u00e7\u00e3o de Maria - Salmos B\u00edblicos","og_description":"## A Humildade que Abre as Portas do Divino Em momentos de profunda introspec\u00e7\u00e3o, somos convidados a contemplar os mist\u00e9rios da f\u00e9, a refletir sobre a gra\u00e7a que nos envolve e o prop\u00f3sito que nos guia. Que a luz da palavra nos ilumine, revelando a beleza e a for\u00e7a que residem na simplicidade da f\u00e9. [&hellip;]","og_url":"https:\/\/salmosbiblicos.com.br\/index.php\/2026\/04\/02\/humildade-e-graca-reflexoes-sobre-a-visitacao-de-maria\/","og_site_name":"Salmos B\u00edblicos","article_published_time":"2026-04-02T13:28:59+00:00","author":"alextreh@gmail.com","twitter_card":"summary_large_image","twitter_misc":{"Escrito por":"alextreh@gmail.com","Est. tempo de leitura":"3 minutos"},"schema":{"@context":"https:\/\/schema.org","@graph":[{"@type":"Article","@id":"https:\/\/salmosbiblicos.com.br\/index.php\/2026\/04\/02\/humildade-e-graca-reflexoes-sobre-a-visitacao-de-maria\/#article","isPartOf":{"@id":"https:\/\/salmosbiblicos.com.br\/index.php\/2026\/04\/02\/humildade-e-graca-reflexoes-sobre-a-visitacao-de-maria\/"},"author":{"name":"alextreh@gmail.com","@id":"https:\/\/salmosbiblicos.com.br\/#\/schema\/person\/30586d0fb3f3a46b78a3414fc39cc975"},"headline":"Humildade e Gra\u00e7a: Reflex\u00f5es sobre a Visita\u00e7\u00e3o de Maria","datePublished":"2026-04-02T13:28:59+00:00","mainEntityOfPage":{"@id":"https:\/\/salmosbiblicos.com.br\/index.php\/2026\/04\/02\/humildade-e-graca-reflexoes-sobre-a-visitacao-de-maria\/"},"wordCount":579,"articleSection":["Reflex\u00e3o"],"inLanguage":"pt-BR"},{"@type":"WebPage","@id":"https:\/\/salmosbiblicos.com.br\/index.php\/2026\/04\/02\/humildade-e-graca-reflexoes-sobre-a-visitacao-de-maria\/","url":"https:\/\/salmosbiblicos.com.br\/index.php\/2026\/04\/02\/humildade-e-graca-reflexoes-sobre-a-visitacao-de-maria\/","name":"Humildade e Gra\u00e7a: Reflex\u00f5es sobre a Visita\u00e7\u00e3o de Maria - Salmos B\u00edblicos","isPartOf":{"@id":"https:\/\/salmosbiblicos.com.br\/#website"},"datePublished":"2026-04-02T13:28:59+00:00","author":{"@id":"https:\/\/salmosbiblicos.com.br\/#\/schema\/person\/30586d0fb3f3a46b78a3414fc39cc975"},"breadcrumb":{"@id":"https:\/\/salmosbiblicos.com.br\/index.php\/2026\/04\/02\/humildade-e-graca-reflexoes-sobre-a-visitacao-de-maria\/#breadcrumb"},"inLanguage":"pt-BR","potentialAction":[{"@type":"ReadAction","target":["https:\/\/salmosbiblicos.com.br\/index.php\/2026\/04\/02\/humildade-e-graca-reflexoes-sobre-a-visitacao-de-maria\/"]}]},{"@type":"BreadcrumbList","@id":"https:\/\/salmosbiblicos.com.br\/index.php\/2026\/04\/02\/humildade-e-graca-reflexoes-sobre-a-visitacao-de-maria\/#breadcrumb","itemListElement":[{"@type":"ListItem","position":1,"name":"Home","item":"https:\/\/salmosbiblicos.com.br\/"},{"@type":"ListItem","position":2,"name":"Humildade e Gra\u00e7a: Reflex\u00f5es sobre a Visita\u00e7\u00e3o de Maria"}]},{"@type":"WebSite","@id":"https:\/\/salmosbiblicos.com.br\/#website","url":"https:\/\/salmosbiblicos.com.br\/","name":"Salmos B\u00edblicos","description":"Uma e-Livraria com e-Books novos para voc\u00ea refletir.","potentialAction":[{"@type":"SearchAction","target":{"@type":"EntryPoint","urlTemplate":"https:\/\/salmosbiblicos.com.br\/?s={search_term_string}"},"query-input":{"@type":"PropertyValueSpecification","valueRequired":true,"valueName":"search_term_string"}}],"inLanguage":"pt-BR"},{"@type":"Person","@id":"https:\/\/salmosbiblicos.com.br\/#\/schema\/person\/30586d0fb3f3a46b78a3414fc39cc975","name":"alextreh@gmail.com","image":{"@type":"ImageObject","inLanguage":"pt-BR","@id":"https:\/\/secure.gravatar.com\/avatar\/7cf84d31f581ec97b887c1039d478a7c293086896c84951a86753fb2c2af7527?s=96&d=mm&r=g","url":"https:\/\/secure.gravatar.com\/avatar\/7cf84d31f581ec97b887c1039d478a7c293086896c84951a86753fb2c2af7527?s=96&d=mm&r=g","contentUrl":"https:\/\/secure.gravatar.com\/avatar\/7cf84d31f581ec97b887c1039d478a7c293086896c84951a86753fb2c2af7527?s=96&d=mm&r=g","caption":"alextreh@gmail.com"},"sameAs":["http:\/\/salmosbiblicos.com.br"],"url":"https:\/\/salmosbiblicos.com.br\/index.php\/author\/alextrehgmail-com\/"}]}},"_links":{"self":[{"href":"https:\/\/salmosbiblicos.com.br\/index.php\/wp-json\/wp\/v2\/posts\/6416","targetHints":{"allow":["GET"]}}],"collection":[{"href":"https:\/\/salmosbiblicos.com.br\/index.php\/wp-json\/wp\/v2\/posts"}],"about":[{"href":"https:\/\/salmosbiblicos.com.br\/index.php\/wp-json\/wp\/v2\/types\/post"}],"author":[{"embeddable":true,"href":"https:\/\/salmosbiblicos.com.br\/index.php\/wp-json\/wp\/v2\/users\/1"}],"replies":[{"embeddable":true,"href":"https:\/\/salmosbiblicos.com.br\/index.php\/wp-json\/wp\/v2\/comments?post=6416"}],"version-history":[{"count":1,"href":"https:\/\/salmosbiblicos.com.br\/index.php\/wp-json\/wp\/v2\/posts\/6416\/revisions"}],"predecessor-version":[{"id":6417,"href":"https:\/\/salmosbiblicos.com.br\/index.php\/wp-json\/wp\/v2\/posts\/6416\/revisions\/6417"}],"wp:attachment":[{"href":"https:\/\/salmosbiblicos.com.br\/index.php\/wp-json\/wp\/v2\/media?parent=6416"}],"wp:term":[{"taxonomy":"category","embeddable":true,"href":"https:\/\/salmosbiblicos.com.br\/index.php\/wp-json\/wp\/v2\/categories?post=6416"},{"taxonomy":"post_tag","embeddable":true,"href":"https:\/\/salmosbiblicos.com.br\/index.php\/wp-json\/wp\/v2\/tags?post=6416"}],"curies":[{"name":"wp","href":"https:\/\/api.w.org\/{rel}","templated":true}]}}