{"id":6432,"date":"2026-04-02T11:26:58","date_gmt":"2026-04-02T14:26:58","guid":{"rendered":"https:\/\/salmosbiblicos.com.br\/?p=6432"},"modified":"2026-04-02T11:26:58","modified_gmt":"2026-04-02T14:26:58","slug":"fe-duvida-e-cura-a-licao-do-pai-desesperado","status":"publish","type":"post","link":"https:\/\/salmosbiblicos.com.br\/index.php\/2026\/04\/02\/fe-duvida-e-cura-a-licao-do-pai-desesperado\/","title":{"rendered":"F\u00e9, D\u00favida e Cura: A Li\u00e7\u00e3o do Pai Desesperado"},"content":{"rendered":"<p>## A F\u00e9 que Move Montanhas<\/p>\n<p>A alegria de estarmos juntos, buscando a luz da Palavra, \u00e9 um presente que nos une. Hoje, contemplamos um Evangelho que nos convida a mergulhar nas profundezas da f\u00e9 e a questionar as barreiras que nos impedem de experimentar a plenitude da gra\u00e7a divina.<\/p>\n<p>### O Desespero do Pai e a Corre\u00e7\u00e3o Divina<\/p>\n<p>Um pai, aflito pelo sofrimento do filho, recorre a Jesus em busca de cura. A ang\u00fastia \u00e9 palp\u00e1vel, a esperan\u00e7a quase extinta. Os disc\u00edpulos tentaram ajudar, mas o mal persistia. Jesus, ent\u00e3o, com palavras poderosas, confronta a falta de f\u00e9, a descren\u00e7a que obscurece o caminho. **\u201c\u00d3, gente sem f\u00e9, e perversa!\u201d** &#8211; uma exorta\u00e7\u00e3o que ecoa atrav\u00e9s dos s\u00e9culos, nos desafiando a examinar a profundidade da nossa pr\u00f3pria cren\u00e7a.<\/p>\n<p>Com um ato de poder, Jesus liberta o menino do sofrimento, demonstrando que a cura \u00e9 poss\u00edvel, mas que a f\u00e9 \u00e9 o instrumento para alcan\u00e7\u00e1-la. Os disc\u00edpulos, perplexos, questionam: &#8220;Por que n\u00f3s n\u00e3o conseguimos expulsar o dem\u00f4nio?&#8221;. A resposta de Jesus \u00e9 direta e reveladora: **\u201cporque a vossa f\u00e9 \u00e9 demasiado pequena.\u201d**<\/p>\n<p>### A Ess\u00eancia da F\u00e9: Um Cora\u00e7\u00e3o Aberto<\/p>\n<p>Quantas vezes nos deparamos com obst\u00e1culos, com desafios aparentemente intranspon\u00edveis, e nos perguntamos: &#8220;Por que?&#8221;. Buscamos explica\u00e7\u00f5es, culpamos a sorte, a vida, a Deus. Mas a verdade \u00e9 que a resposta pode residir dentro de n\u00f3s, na fragilidade da nossa f\u00e9.<\/p>\n<p>N\u00e3o se trata de culpar a Deus pela falta de resultados. Ele \u00e9 a fonte de todo bem, a personifica\u00e7\u00e3o da santidade e da bondade. O problema reside na nossa busca por respostas equivocadas, na nossa incapacidade de reconhecer a for\u00e7a que reside na confian\u00e7a inabal\u00e1vel em Deus.<\/p>\n<p>### A Semente da Esperan\u00e7a<\/p>\n<p>Jesus nos revela um segredo: a f\u00e9, mesmo que pequena como uma semente de mostarda, tem o poder de mover montanhas. **&#8221;Se voc\u00eas tivessem f\u00e9 do tamanho de uma semente de mostarda, dirais a esta montanha, vai daqui para l\u00e1, e ela iria.&#8221;**<\/p>\n<p>N\u00e3o se trata de uma promessa de poder ilimitado, mas de um convite \u00e0 transforma\u00e7\u00e3o. A f\u00e9 verdadeira n\u00e3o \u00e9 uma autoconfian\u00e7a ilus\u00f3ria, mas a certeza de que Deus \u00e9 capaz de realizar o imposs\u00edvel. \u00c9 a convic\u00e7\u00e3o de que, ao entregarmos nossos problemas a Ele, abrimos espa\u00e7o para a gra\u00e7a divina agir em nossas vidas.<\/p>\n<p>### Construindo Sobre a Rocha<\/p>\n<p>A f\u00e9 \u00e9 mais do que acreditar; \u00e9 confiar. \u00c9 depositar a nossa esperan\u00e7a, a nossa confian\u00e7a, o nosso futuro nas m\u00e3os de Deus. \u00c9 construir a nossa casa sobre a rocha firme da f\u00e9, para que ela resista \u00e0s tempestades da vida.<\/p>\n<p>Quando a f\u00e9 \u00e9 genu\u00edna, os imposs\u00edveis se transformam em oportunidades. Os casamentos desgastados encontram novo vigor, a sa\u00fade se renova, as finan\u00e7as se estabilizam. N\u00e3o \u00e9 magia, mas o resultado de um cora\u00e7\u00e3o aberto \u00e0 gra\u00e7a divina.<\/p>\n<p>### Acreditar Sem Limites<\/p>\n<p>Que possamos, hoje, permitir que a f\u00e9 nos impulsione, nos fortale\u00e7a e nos guie. Que a certeza de que **&#8221;nada ser\u00e1 imposs\u00edvel&#8221;** nos inspire a superar os desafios, a enfrentar os medos e a caminhar com confian\u00e7a na luz de Deus. <\/p>\n<p>Que Ele, em sua infinita miseric\u00f3rdia, aumente a nossa f\u00e9, nos conceda a gra\u00e7a de acreditar sem limites e nos capacite a mover montanhas em nome do Seu amor. <\/p>\n","protected":false},"excerpt":{"rendered":"<p>## A F\u00e9 que Move Montanhas A alegria de estarmos juntos, buscando a luz da Palavra, \u00e9 um presente que nos une. Hoje, contemplamos um Evangelho que nos convida a mergulhar nas profundezas da f\u00e9 e a questionar as barreiras que nos impedem de experimentar a plenitude da gra\u00e7a divina. ### O Desespero do Pai [&hellip;]<\/p>\n","protected":false},"author":1,"featured_media":0,"comment_status":"closed","ping_status":"open","sticky":false,"template":"","format":"standard","meta":{"footnotes":""},"categories":[14],"tags":[],"class_list":["post-6432","post","type-post","status-publish","format-standard","hentry","category-reflexao"],"yoast_head":"<!-- This site is optimized with the Yoast SEO plugin v27.2 - https:\/\/yoast.com\/product\/yoast-seo-wordpress\/ -->\n<title>F\u00e9, D\u00favida e Cura: A Li\u00e7\u00e3o do Pai Desesperado - Salmos B\u00edblicos<\/title>\n<meta name=\"robots\" content=\"index, follow, max-snippet:-1, max-image-preview:large, max-video-preview:-1\" \/>\n<link rel=\"canonical\" href=\"http:\/\/salmosbiblicos.com.br\/index.php\/2026\/04\/02\/fe-duvida-e-cura-a-licao-do-pai-desesperado\/\" \/>\n<meta property=\"og:locale\" content=\"pt_BR\" \/>\n<meta property=\"og:type\" content=\"article\" \/>\n<meta property=\"og:title\" content=\"F\u00e9, D\u00favida e Cura: A Li\u00e7\u00e3o do Pai Desesperado - Salmos B\u00edblicos\" \/>\n<meta property=\"og:description\" content=\"## A F\u00e9 que Move Montanhas A alegria de estarmos juntos, buscando a luz da Palavra, \u00e9 um presente que nos une. Hoje, contemplamos um Evangelho que nos convida a mergulhar nas profundezas da f\u00e9 e a questionar as barreiras que nos impedem de experimentar a plenitude da gra\u00e7a divina. ### O Desespero do Pai [&hellip;]\" \/>\n<meta property=\"og:url\" content=\"http:\/\/salmosbiblicos.com.br\/index.php\/2026\/04\/02\/fe-duvida-e-cura-a-licao-do-pai-desesperado\/\" \/>\n<meta property=\"og:site_name\" content=\"Salmos B\u00edblicos\" \/>\n<meta property=\"article:published_time\" content=\"2026-04-02T14:26:58+00:00\" \/>\n<meta name=\"author\" content=\"alextreh@gmail.com\" \/>\n<meta name=\"twitter:card\" content=\"summary_large_image\" \/>\n<meta name=\"twitter:label1\" content=\"Escrito por\" \/>\n\t<meta name=\"twitter:data1\" content=\"alextreh@gmail.com\" \/>\n\t<meta name=\"twitter:label2\" content=\"Est. tempo de leitura\" \/>\n\t<meta name=\"twitter:data2\" content=\"3 minutos\" \/>\n<script type=\"application\/ld+json\" class=\"yoast-schema-graph\">{\"@context\":\"https:\/\/schema.org\",\"@graph\":[{\"@type\":\"Article\",\"@id\":\"http:\/\/salmosbiblicos.com.br\/index.php\/2026\/04\/02\/fe-duvida-e-cura-a-licao-do-pai-desesperado\/#article\",\"isPartOf\":{\"@id\":\"http:\/\/salmosbiblicos.com.br\/index.php\/2026\/04\/02\/fe-duvida-e-cura-a-licao-do-pai-desesperado\/\"},\"author\":{\"name\":\"alextreh@gmail.com\",\"@id\":\"https:\/\/salmosbiblicos.com.br\/#\/schema\/person\/30586d0fb3f3a46b78a3414fc39cc975\"},\"headline\":\"F\u00e9, D\u00favida e Cura: A Li\u00e7\u00e3o do Pai Desesperado\",\"datePublished\":\"2026-04-02T14:26:58+00:00\",\"mainEntityOfPage\":{\"@id\":\"http:\/\/salmosbiblicos.com.br\/index.php\/2026\/04\/02\/fe-duvida-e-cura-a-licao-do-pai-desesperado\/\"},\"wordCount\":584,\"articleSection\":[\"Reflex\u00e3o\"],\"inLanguage\":\"pt-BR\"},{\"@type\":\"WebPage\",\"@id\":\"http:\/\/salmosbiblicos.com.br\/index.php\/2026\/04\/02\/fe-duvida-e-cura-a-licao-do-pai-desesperado\/\",\"url\":\"http:\/\/salmosbiblicos.com.br\/index.php\/2026\/04\/02\/fe-duvida-e-cura-a-licao-do-pai-desesperado\/\",\"name\":\"F\u00e9, D\u00favida e Cura: A Li\u00e7\u00e3o do Pai Desesperado - Salmos B\u00edblicos\",\"isPartOf\":{\"@id\":\"https:\/\/salmosbiblicos.com.br\/#website\"},\"datePublished\":\"2026-04-02T14:26:58+00:00\",\"author\":{\"@id\":\"https:\/\/salmosbiblicos.com.br\/#\/schema\/person\/30586d0fb3f3a46b78a3414fc39cc975\"},\"breadcrumb\":{\"@id\":\"http:\/\/salmosbiblicos.com.br\/index.php\/2026\/04\/02\/fe-duvida-e-cura-a-licao-do-pai-desesperado\/#breadcrumb\"},\"inLanguage\":\"pt-BR\",\"potentialAction\":[{\"@type\":\"ReadAction\",\"target\":[\"http:\/\/salmosbiblicos.com.br\/index.php\/2026\/04\/02\/fe-duvida-e-cura-a-licao-do-pai-desesperado\/\"]}]},{\"@type\":\"BreadcrumbList\",\"@id\":\"http:\/\/salmosbiblicos.com.br\/index.php\/2026\/04\/02\/fe-duvida-e-cura-a-licao-do-pai-desesperado\/#breadcrumb\",\"itemListElement\":[{\"@type\":\"ListItem\",\"position\":1,\"name\":\"Home\",\"item\":\"https:\/\/salmosbiblicos.com.br\/\"},{\"@type\":\"ListItem\",\"position\":2,\"name\":\"F\u00e9, D\u00favida e Cura: A Li\u00e7\u00e3o do Pai Desesperado\"}]},{\"@type\":\"WebSite\",\"@id\":\"https:\/\/salmosbiblicos.com.br\/#website\",\"url\":\"https:\/\/salmosbiblicos.com.br\/\",\"name\":\"Salmos B\u00edblicos\",\"description\":\"Uma e-Livraria com e-Books novos para voc\u00ea refletir.\",\"potentialAction\":[{\"@type\":\"SearchAction\",\"target\":{\"@type\":\"EntryPoint\",\"urlTemplate\":\"https:\/\/salmosbiblicos.com.br\/?s={search_term_string}\"},\"query-input\":{\"@type\":\"PropertyValueSpecification\",\"valueRequired\":true,\"valueName\":\"search_term_string\"}}],\"inLanguage\":\"pt-BR\"},{\"@type\":\"Person\",\"@id\":\"https:\/\/salmosbiblicos.com.br\/#\/schema\/person\/30586d0fb3f3a46b78a3414fc39cc975\",\"name\":\"alextreh@gmail.com\",\"image\":{\"@type\":\"ImageObject\",\"inLanguage\":\"pt-BR\",\"@id\":\"https:\/\/secure.gravatar.com\/avatar\/7cf84d31f581ec97b887c1039d478a7c293086896c84951a86753fb2c2af7527?s=96&d=mm&r=g\",\"url\":\"https:\/\/secure.gravatar.com\/avatar\/7cf84d31f581ec97b887c1039d478a7c293086896c84951a86753fb2c2af7527?s=96&d=mm&r=g\",\"contentUrl\":\"https:\/\/secure.gravatar.com\/avatar\/7cf84d31f581ec97b887c1039d478a7c293086896c84951a86753fb2c2af7527?s=96&d=mm&r=g\",\"caption\":\"alextreh@gmail.com\"},\"sameAs\":[\"http:\/\/salmosbiblicos.com.br\"],\"url\":\"https:\/\/salmosbiblicos.com.br\/index.php\/author\/alextrehgmail-com\/\"}]}<\/script>\n<!-- \/ Yoast SEO plugin. -->","yoast_head_json":{"title":"F\u00e9, D\u00favida e Cura: A Li\u00e7\u00e3o do Pai Desesperado - Salmos B\u00edblicos","robots":{"index":"index","follow":"follow","max-snippet":"max-snippet:-1","max-image-preview":"max-image-preview:large","max-video-preview":"max-video-preview:-1"},"canonical":"http:\/\/salmosbiblicos.com.br\/index.php\/2026\/04\/02\/fe-duvida-e-cura-a-licao-do-pai-desesperado\/","og_locale":"pt_BR","og_type":"article","og_title":"F\u00e9, D\u00favida e Cura: A Li\u00e7\u00e3o do Pai Desesperado - Salmos B\u00edblicos","og_description":"## A F\u00e9 que Move Montanhas A alegria de estarmos juntos, buscando a luz da Palavra, \u00e9 um presente que nos une. Hoje, contemplamos um Evangelho que nos convida a mergulhar nas profundezas da f\u00e9 e a questionar as barreiras que nos impedem de experimentar a plenitude da gra\u00e7a divina. ### O Desespero do Pai [&hellip;]","og_url":"http:\/\/salmosbiblicos.com.br\/index.php\/2026\/04\/02\/fe-duvida-e-cura-a-licao-do-pai-desesperado\/","og_site_name":"Salmos B\u00edblicos","article_published_time":"2026-04-02T14:26:58+00:00","author":"alextreh@gmail.com","twitter_card":"summary_large_image","twitter_misc":{"Escrito por":"alextreh@gmail.com","Est. tempo de leitura":"3 minutos"},"schema":{"@context":"https:\/\/schema.org","@graph":[{"@type":"Article","@id":"http:\/\/salmosbiblicos.com.br\/index.php\/2026\/04\/02\/fe-duvida-e-cura-a-licao-do-pai-desesperado\/#article","isPartOf":{"@id":"http:\/\/salmosbiblicos.com.br\/index.php\/2026\/04\/02\/fe-duvida-e-cura-a-licao-do-pai-desesperado\/"},"author":{"name":"alextreh@gmail.com","@id":"https:\/\/salmosbiblicos.com.br\/#\/schema\/person\/30586d0fb3f3a46b78a3414fc39cc975"},"headline":"F\u00e9, D\u00favida e Cura: A Li\u00e7\u00e3o do Pai Desesperado","datePublished":"2026-04-02T14:26:58+00:00","mainEntityOfPage":{"@id":"http:\/\/salmosbiblicos.com.br\/index.php\/2026\/04\/02\/fe-duvida-e-cura-a-licao-do-pai-desesperado\/"},"wordCount":584,"articleSection":["Reflex\u00e3o"],"inLanguage":"pt-BR"},{"@type":"WebPage","@id":"http:\/\/salmosbiblicos.com.br\/index.php\/2026\/04\/02\/fe-duvida-e-cura-a-licao-do-pai-desesperado\/","url":"http:\/\/salmosbiblicos.com.br\/index.php\/2026\/04\/02\/fe-duvida-e-cura-a-licao-do-pai-desesperado\/","name":"F\u00e9, D\u00favida e Cura: A Li\u00e7\u00e3o do Pai Desesperado - Salmos B\u00edblicos","isPartOf":{"@id":"https:\/\/salmosbiblicos.com.br\/#website"},"datePublished":"2026-04-02T14:26:58+00:00","author":{"@id":"https:\/\/salmosbiblicos.com.br\/#\/schema\/person\/30586d0fb3f3a46b78a3414fc39cc975"},"breadcrumb":{"@id":"http:\/\/salmosbiblicos.com.br\/index.php\/2026\/04\/02\/fe-duvida-e-cura-a-licao-do-pai-desesperado\/#breadcrumb"},"inLanguage":"pt-BR","potentialAction":[{"@type":"ReadAction","target":["http:\/\/salmosbiblicos.com.br\/index.php\/2026\/04\/02\/fe-duvida-e-cura-a-licao-do-pai-desesperado\/"]}]},{"@type":"BreadcrumbList","@id":"http:\/\/salmosbiblicos.com.br\/index.php\/2026\/04\/02\/fe-duvida-e-cura-a-licao-do-pai-desesperado\/#breadcrumb","itemListElement":[{"@type":"ListItem","position":1,"name":"Home","item":"https:\/\/salmosbiblicos.com.br\/"},{"@type":"ListItem","position":2,"name":"F\u00e9, D\u00favida e Cura: A Li\u00e7\u00e3o do Pai Desesperado"}]},{"@type":"WebSite","@id":"https:\/\/salmosbiblicos.com.br\/#website","url":"https:\/\/salmosbiblicos.com.br\/","name":"Salmos B\u00edblicos","description":"Uma e-Livraria com e-Books novos para voc\u00ea refletir.","potentialAction":[{"@type":"SearchAction","target":{"@type":"EntryPoint","urlTemplate":"https:\/\/salmosbiblicos.com.br\/?s={search_term_string}"},"query-input":{"@type":"PropertyValueSpecification","valueRequired":true,"valueName":"search_term_string"}}],"inLanguage":"pt-BR"},{"@type":"Person","@id":"https:\/\/salmosbiblicos.com.br\/#\/schema\/person\/30586d0fb3f3a46b78a3414fc39cc975","name":"alextreh@gmail.com","image":{"@type":"ImageObject","inLanguage":"pt-BR","@id":"https:\/\/secure.gravatar.com\/avatar\/7cf84d31f581ec97b887c1039d478a7c293086896c84951a86753fb2c2af7527?s=96&d=mm&r=g","url":"https:\/\/secure.gravatar.com\/avatar\/7cf84d31f581ec97b887c1039d478a7c293086896c84951a86753fb2c2af7527?s=96&d=mm&r=g","contentUrl":"https:\/\/secure.gravatar.com\/avatar\/7cf84d31f581ec97b887c1039d478a7c293086896c84951a86753fb2c2af7527?s=96&d=mm&r=g","caption":"alextreh@gmail.com"},"sameAs":["http:\/\/salmosbiblicos.com.br"],"url":"https:\/\/salmosbiblicos.com.br\/index.php\/author\/alextrehgmail-com\/"}]}},"_links":{"self":[{"href":"https:\/\/salmosbiblicos.com.br\/index.php\/wp-json\/wp\/v2\/posts\/6432","targetHints":{"allow":["GET"]}}],"collection":[{"href":"https:\/\/salmosbiblicos.com.br\/index.php\/wp-json\/wp\/v2\/posts"}],"about":[{"href":"https:\/\/salmosbiblicos.com.br\/index.php\/wp-json\/wp\/v2\/types\/post"}],"author":[{"embeddable":true,"href":"https:\/\/salmosbiblicos.com.br\/index.php\/wp-json\/wp\/v2\/users\/1"}],"replies":[{"embeddable":true,"href":"https:\/\/salmosbiblicos.com.br\/index.php\/wp-json\/wp\/v2\/comments?post=6432"}],"version-history":[{"count":1,"href":"https:\/\/salmosbiblicos.com.br\/index.php\/wp-json\/wp\/v2\/posts\/6432\/revisions"}],"predecessor-version":[{"id":6433,"href":"https:\/\/salmosbiblicos.com.br\/index.php\/wp-json\/wp\/v2\/posts\/6432\/revisions\/6433"}],"wp:attachment":[{"href":"https:\/\/salmosbiblicos.com.br\/index.php\/wp-json\/wp\/v2\/media?parent=6432"}],"wp:term":[{"taxonomy":"category","embeddable":true,"href":"https:\/\/salmosbiblicos.com.br\/index.php\/wp-json\/wp\/v2\/categories?post=6432"},{"taxonomy":"post_tag","embeddable":true,"href":"https:\/\/salmosbiblicos.com.br\/index.php\/wp-json\/wp\/v2\/tags?post=6432"}],"curies":[{"name":"wp","href":"https:\/\/api.w.org\/{rel}","templated":true}]}}