{"id":6438,"date":"2026-04-02T11:48:28","date_gmt":"2026-04-02T14:48:28","guid":{"rendered":"https:\/\/salmosbiblicos.com.br\/?p=6438"},"modified":"2026-04-02T11:48:28","modified_gmt":"2026-04-02T14:48:28","slug":"fe-em-tempestade-licoes-de-jesus-no-mar-agitado","status":"publish","type":"post","link":"https:\/\/salmosbiblicos.com.br\/index.php\/2026\/04\/02\/fe-em-tempestade-licoes-de-jesus-no-mar-agitado\/","title":{"rendered":"F\u00e9 em Tempestade: Li\u00e7\u00f5es de Jesus no Mar Agitado"},"content":{"rendered":"<p>## A F\u00e9 que nos Sustenta em Meio \u00e0s Tempestades<\/p>\n<p>Que cena tocante nos foi revelada! Jesus, em meio \u00e0 noite escura e ao mar agitado, andando sobre as \u00e1guas para encontrar seus disc\u00edpulos. Um evento que nos convida a refletir sobre a nossa pr\u00f3pria jornada, os desafios que enfrentamos e a for\u00e7a que nos impulsiona a seguir em frente.<\/p>\n<p>### A Coragem de Olhar para Jesus<\/p>\n<p>A multid\u00e3o havia se dispersado e os disc\u00edpulos, em uma barca, lutavam contra as ondas. Jesus, ap\u00f3s um tempo de ora\u00e7\u00e3o e comunh\u00e3o, surge em meio \u00e0 tempestade, caminhando sobre o mar. O medo os invade, a inseguran\u00e7a se manifesta. Eles o confundem com um fantasma, sucumbindo ao p\u00e2nico. <\/p>\n<p>**Mas Jesus, com voz serena e poderosa, diz: &#8220;Coragem! Sou eu. N\u00e3o tenham medo.&#8221;**<\/p>\n<p>Um dos disc\u00edpulos, Pedro, impelido pela f\u00e9 e pelo desejo de estar perto do Mestre, expressa uma ousadia extraordin\u00e1ria: &#8220;Se \u00e9s tu, Senhor, manda-me ir ao teu encontro caminhando sobre a \u00e1gua.&#8221;<\/p>\n<p>### O Desafio de Andar Sobre as \u00c1guas<\/p>\n<p>Jesus o convida a dar o passo: &#8220;Vem.&#8221;<\/p>\n<p>E Pedro, com a coragem alimentada pela f\u00e9, come\u00e7a a andar sobre as \u00e1guas. \u00c9 um momento de gra\u00e7a, uma demonstra\u00e7\u00e3o do poder divino. Mas a f\u00e9, como uma chama fr\u00e1gil, precisa ser constantemente alimentada. Quando Pedro se volta para o vento, o medo o domina e ele come\u00e7a a afundar.<\/p>\n<p>**&#8221;Senhor, salva-me!&#8221;**, clama ele, perdendo a confian\u00e7a e a f\u00e9.<\/p>\n<p>Jesus, com infinita miseric\u00f3rdia, estende a m\u00e3o e o segura. N\u00e3o o repreende, mas o corrige com do\u00e7ura: **&#8221;Homem fraco na f\u00e9, por que duvidaste?&#8221;**<\/p>\n<p>### A F\u00e9 que nos Impede de Afundar<\/p>\n<p>A experi\u00eancia de Pedro nos oferece uma li\u00e7\u00e3o preciosa: a f\u00e9 n\u00e3o nos isenta das prova\u00e7\u00f5es, mas nos concede a for\u00e7a para super\u00e1-las. As tempestades da vida inevitavelmente surgir\u00e3o, os ventos contr\u00e1rios nos desafiar\u00e3o. Mas a f\u00e9, nutrida pela ora\u00e7\u00e3o e pela confian\u00e7a em Deus, \u00e9 o que nos impede de afundar.<\/p>\n<p>*   A f\u00e9 n\u00e3o elimina os problemas.<br \/>*   A f\u00e9 nos ajuda a enfrentar os problemas.<br \/>*   A f\u00e9 nos fortalece em meio \u00e0s dificuldades.<\/p>\n<p>A fraqueza na f\u00e9 nos leva ao desespero, \u00e0 d\u00favida e ao medo. Mas a ora\u00e7\u00e3o constante, a busca por intimidade com o divino, \u00e9 o alimento que fortalece a nossa f\u00e9. Jesus, o exemplo m\u00e1ximo de ora\u00e7\u00e3o, nos ensina a import\u00e2ncia de buscar a Deus em momentos de solitude e comunh\u00e3o.<\/p>\n<p>### A Promessa de Cura e o Reconhecimento da Divindade<\/p>\n<p>Ao retornarem \u00e0 terra firme, aqueles que testemunharam o milagre se prostram diante de Jesus, reconhecendo-o como o Filho de Deus. E em cada lugar por onde ele passava, a esperan\u00e7a florescia. Os doentes buscavam o toque da sua veste, e a cura se manifestava em cada um deles.<\/p>\n<p>**Jesus nos convida a caminhar sobre as \u00e1guas da nossa vida, a confiar no seu poder e a buscar a for\u00e7a na ora\u00e7\u00e3o.** Que possamos aprender com Pedro, que, apesar de suas fraquezas, foi aben\u00e7oado com a oportunidade de experimentar a f\u00e9 em sua forma mais pura e transformadora. Que possamos, assim, enfrentar as tempestades da vida com coragem e confian\u00e7a, sabendo que Ele est\u00e1 sempre ao nosso lado, pronto para nos sustentar e nos guiar.<\/p>\n","protected":false},"excerpt":{"rendered":"<p>## A F\u00e9 que nos Sustenta em Meio \u00e0s Tempestades Que cena tocante nos foi revelada! Jesus, em meio \u00e0 noite escura e ao mar agitado, andando sobre as \u00e1guas para encontrar seus disc\u00edpulos. Um evento que nos convida a refletir sobre a nossa pr\u00f3pria jornada, os desafios que enfrentamos e a for\u00e7a que nos [&hellip;]<\/p>\n","protected":false},"author":1,"featured_media":0,"comment_status":"closed","ping_status":"open","sticky":false,"template":"","format":"standard","meta":{"footnotes":""},"categories":[14],"tags":[],"class_list":["post-6438","post","type-post","status-publish","format-standard","hentry","category-reflexao"],"yoast_head":"<!-- This site is optimized with the Yoast SEO plugin v27.2 - https:\/\/yoast.com\/product\/yoast-seo-wordpress\/ -->\n<title>F\u00e9 em Tempestade: Li\u00e7\u00f5es de Jesus no Mar Agitado - Salmos B\u00edblicos<\/title>\n<meta name=\"robots\" content=\"index, follow, max-snippet:-1, max-image-preview:large, max-video-preview:-1\" \/>\n<link rel=\"canonical\" href=\"https:\/\/salmosbiblicos.com.br\/index.php\/2026\/04\/02\/fe-em-tempestade-licoes-de-jesus-no-mar-agitado\/\" \/>\n<meta property=\"og:locale\" content=\"pt_BR\" \/>\n<meta property=\"og:type\" content=\"article\" \/>\n<meta property=\"og:title\" content=\"F\u00e9 em Tempestade: Li\u00e7\u00f5es de Jesus no Mar Agitado - Salmos B\u00edblicos\" \/>\n<meta property=\"og:description\" content=\"## A F\u00e9 que nos Sustenta em Meio \u00e0s Tempestades Que cena tocante nos foi revelada! Jesus, em meio \u00e0 noite escura e ao mar agitado, andando sobre as \u00e1guas para encontrar seus disc\u00edpulos. Um evento que nos convida a refletir sobre a nossa pr\u00f3pria jornada, os desafios que enfrentamos e a for\u00e7a que nos [&hellip;]\" \/>\n<meta property=\"og:url\" content=\"https:\/\/salmosbiblicos.com.br\/index.php\/2026\/04\/02\/fe-em-tempestade-licoes-de-jesus-no-mar-agitado\/\" \/>\n<meta property=\"og:site_name\" content=\"Salmos B\u00edblicos\" \/>\n<meta property=\"article:published_time\" content=\"2026-04-02T14:48:28+00:00\" \/>\n<meta name=\"author\" content=\"alextreh@gmail.com\" \/>\n<meta name=\"twitter:card\" content=\"summary_large_image\" \/>\n<meta name=\"twitter:label1\" content=\"Escrito por\" \/>\n\t<meta name=\"twitter:data1\" content=\"alextreh@gmail.com\" \/>\n\t<meta name=\"twitter:label2\" content=\"Est. tempo de leitura\" \/>\n\t<meta name=\"twitter:data2\" content=\"3 minutos\" \/>\n<script type=\"application\/ld+json\" class=\"yoast-schema-graph\">{\"@context\":\"https:\/\/schema.org\",\"@graph\":[{\"@type\":\"Article\",\"@id\":\"https:\/\/salmosbiblicos.com.br\/index.php\/2026\/04\/02\/fe-em-tempestade-licoes-de-jesus-no-mar-agitado\/#article\",\"isPartOf\":{\"@id\":\"https:\/\/salmosbiblicos.com.br\/index.php\/2026\/04\/02\/fe-em-tempestade-licoes-de-jesus-no-mar-agitado\/\"},\"author\":{\"name\":\"alextreh@gmail.com\",\"@id\":\"https:\/\/salmosbiblicos.com.br\/#\/schema\/person\/30586d0fb3f3a46b78a3414fc39cc975\"},\"headline\":\"F\u00e9 em Tempestade: Li\u00e7\u00f5es de Jesus no Mar Agitado\",\"datePublished\":\"2026-04-02T14:48:28+00:00\",\"mainEntityOfPage\":{\"@id\":\"https:\/\/salmosbiblicos.com.br\/index.php\/2026\/04\/02\/fe-em-tempestade-licoes-de-jesus-no-mar-agitado\/\"},\"wordCount\":577,\"articleSection\":[\"Reflex\u00e3o\"],\"inLanguage\":\"pt-BR\"},{\"@type\":\"WebPage\",\"@id\":\"https:\/\/salmosbiblicos.com.br\/index.php\/2026\/04\/02\/fe-em-tempestade-licoes-de-jesus-no-mar-agitado\/\",\"url\":\"https:\/\/salmosbiblicos.com.br\/index.php\/2026\/04\/02\/fe-em-tempestade-licoes-de-jesus-no-mar-agitado\/\",\"name\":\"F\u00e9 em Tempestade: Li\u00e7\u00f5es de Jesus no Mar Agitado - Salmos B\u00edblicos\",\"isPartOf\":{\"@id\":\"https:\/\/salmosbiblicos.com.br\/#website\"},\"datePublished\":\"2026-04-02T14:48:28+00:00\",\"author\":{\"@id\":\"https:\/\/salmosbiblicos.com.br\/#\/schema\/person\/30586d0fb3f3a46b78a3414fc39cc975\"},\"breadcrumb\":{\"@id\":\"https:\/\/salmosbiblicos.com.br\/index.php\/2026\/04\/02\/fe-em-tempestade-licoes-de-jesus-no-mar-agitado\/#breadcrumb\"},\"inLanguage\":\"pt-BR\",\"potentialAction\":[{\"@type\":\"ReadAction\",\"target\":[\"https:\/\/salmosbiblicos.com.br\/index.php\/2026\/04\/02\/fe-em-tempestade-licoes-de-jesus-no-mar-agitado\/\"]}]},{\"@type\":\"BreadcrumbList\",\"@id\":\"https:\/\/salmosbiblicos.com.br\/index.php\/2026\/04\/02\/fe-em-tempestade-licoes-de-jesus-no-mar-agitado\/#breadcrumb\",\"itemListElement\":[{\"@type\":\"ListItem\",\"position\":1,\"name\":\"Home\",\"item\":\"https:\/\/salmosbiblicos.com.br\/\"},{\"@type\":\"ListItem\",\"position\":2,\"name\":\"F\u00e9 em Tempestade: Li\u00e7\u00f5es de Jesus no Mar Agitado\"}]},{\"@type\":\"WebSite\",\"@id\":\"https:\/\/salmosbiblicos.com.br\/#website\",\"url\":\"https:\/\/salmosbiblicos.com.br\/\",\"name\":\"Salmos B\u00edblicos\",\"description\":\"Uma e-Livraria com e-Books novos para voc\u00ea refletir.\",\"potentialAction\":[{\"@type\":\"SearchAction\",\"target\":{\"@type\":\"EntryPoint\",\"urlTemplate\":\"https:\/\/salmosbiblicos.com.br\/?s={search_term_string}\"},\"query-input\":{\"@type\":\"PropertyValueSpecification\",\"valueRequired\":true,\"valueName\":\"search_term_string\"}}],\"inLanguage\":\"pt-BR\"},{\"@type\":\"Person\",\"@id\":\"https:\/\/salmosbiblicos.com.br\/#\/schema\/person\/30586d0fb3f3a46b78a3414fc39cc975\",\"name\":\"alextreh@gmail.com\",\"image\":{\"@type\":\"ImageObject\",\"inLanguage\":\"pt-BR\",\"@id\":\"https:\/\/secure.gravatar.com\/avatar\/7cf84d31f581ec97b887c1039d478a7c293086896c84951a86753fb2c2af7527?s=96&d=mm&r=g\",\"url\":\"https:\/\/secure.gravatar.com\/avatar\/7cf84d31f581ec97b887c1039d478a7c293086896c84951a86753fb2c2af7527?s=96&d=mm&r=g\",\"contentUrl\":\"https:\/\/secure.gravatar.com\/avatar\/7cf84d31f581ec97b887c1039d478a7c293086896c84951a86753fb2c2af7527?s=96&d=mm&r=g\",\"caption\":\"alextreh@gmail.com\"},\"sameAs\":[\"http:\/\/salmosbiblicos.com.br\"],\"url\":\"https:\/\/salmosbiblicos.com.br\/index.php\/author\/alextrehgmail-com\/\"}]}<\/script>\n<!-- \/ Yoast SEO plugin. -->","yoast_head_json":{"title":"F\u00e9 em Tempestade: Li\u00e7\u00f5es de Jesus no Mar Agitado - Salmos B\u00edblicos","robots":{"index":"index","follow":"follow","max-snippet":"max-snippet:-1","max-image-preview":"max-image-preview:large","max-video-preview":"max-video-preview:-1"},"canonical":"https:\/\/salmosbiblicos.com.br\/index.php\/2026\/04\/02\/fe-em-tempestade-licoes-de-jesus-no-mar-agitado\/","og_locale":"pt_BR","og_type":"article","og_title":"F\u00e9 em Tempestade: Li\u00e7\u00f5es de Jesus no Mar Agitado - Salmos B\u00edblicos","og_description":"## A F\u00e9 que nos Sustenta em Meio \u00e0s Tempestades Que cena tocante nos foi revelada! Jesus, em meio \u00e0 noite escura e ao mar agitado, andando sobre as \u00e1guas para encontrar seus disc\u00edpulos. Um evento que nos convida a refletir sobre a nossa pr\u00f3pria jornada, os desafios que enfrentamos e a for\u00e7a que nos [&hellip;]","og_url":"https:\/\/salmosbiblicos.com.br\/index.php\/2026\/04\/02\/fe-em-tempestade-licoes-de-jesus-no-mar-agitado\/","og_site_name":"Salmos B\u00edblicos","article_published_time":"2026-04-02T14:48:28+00:00","author":"alextreh@gmail.com","twitter_card":"summary_large_image","twitter_misc":{"Escrito por":"alextreh@gmail.com","Est. tempo de leitura":"3 minutos"},"schema":{"@context":"https:\/\/schema.org","@graph":[{"@type":"Article","@id":"https:\/\/salmosbiblicos.com.br\/index.php\/2026\/04\/02\/fe-em-tempestade-licoes-de-jesus-no-mar-agitado\/#article","isPartOf":{"@id":"https:\/\/salmosbiblicos.com.br\/index.php\/2026\/04\/02\/fe-em-tempestade-licoes-de-jesus-no-mar-agitado\/"},"author":{"name":"alextreh@gmail.com","@id":"https:\/\/salmosbiblicos.com.br\/#\/schema\/person\/30586d0fb3f3a46b78a3414fc39cc975"},"headline":"F\u00e9 em Tempestade: Li\u00e7\u00f5es de Jesus no Mar Agitado","datePublished":"2026-04-02T14:48:28+00:00","mainEntityOfPage":{"@id":"https:\/\/salmosbiblicos.com.br\/index.php\/2026\/04\/02\/fe-em-tempestade-licoes-de-jesus-no-mar-agitado\/"},"wordCount":577,"articleSection":["Reflex\u00e3o"],"inLanguage":"pt-BR"},{"@type":"WebPage","@id":"https:\/\/salmosbiblicos.com.br\/index.php\/2026\/04\/02\/fe-em-tempestade-licoes-de-jesus-no-mar-agitado\/","url":"https:\/\/salmosbiblicos.com.br\/index.php\/2026\/04\/02\/fe-em-tempestade-licoes-de-jesus-no-mar-agitado\/","name":"F\u00e9 em Tempestade: Li\u00e7\u00f5es de Jesus no Mar Agitado - Salmos B\u00edblicos","isPartOf":{"@id":"https:\/\/salmosbiblicos.com.br\/#website"},"datePublished":"2026-04-02T14:48:28+00:00","author":{"@id":"https:\/\/salmosbiblicos.com.br\/#\/schema\/person\/30586d0fb3f3a46b78a3414fc39cc975"},"breadcrumb":{"@id":"https:\/\/salmosbiblicos.com.br\/index.php\/2026\/04\/02\/fe-em-tempestade-licoes-de-jesus-no-mar-agitado\/#breadcrumb"},"inLanguage":"pt-BR","potentialAction":[{"@type":"ReadAction","target":["https:\/\/salmosbiblicos.com.br\/index.php\/2026\/04\/02\/fe-em-tempestade-licoes-de-jesus-no-mar-agitado\/"]}]},{"@type":"BreadcrumbList","@id":"https:\/\/salmosbiblicos.com.br\/index.php\/2026\/04\/02\/fe-em-tempestade-licoes-de-jesus-no-mar-agitado\/#breadcrumb","itemListElement":[{"@type":"ListItem","position":1,"name":"Home","item":"https:\/\/salmosbiblicos.com.br\/"},{"@type":"ListItem","position":2,"name":"F\u00e9 em Tempestade: Li\u00e7\u00f5es de Jesus no Mar Agitado"}]},{"@type":"WebSite","@id":"https:\/\/salmosbiblicos.com.br\/#website","url":"https:\/\/salmosbiblicos.com.br\/","name":"Salmos B\u00edblicos","description":"Uma e-Livraria com e-Books novos para voc\u00ea refletir.","potentialAction":[{"@type":"SearchAction","target":{"@type":"EntryPoint","urlTemplate":"https:\/\/salmosbiblicos.com.br\/?s={search_term_string}"},"query-input":{"@type":"PropertyValueSpecification","valueRequired":true,"valueName":"search_term_string"}}],"inLanguage":"pt-BR"},{"@type":"Person","@id":"https:\/\/salmosbiblicos.com.br\/#\/schema\/person\/30586d0fb3f3a46b78a3414fc39cc975","name":"alextreh@gmail.com","image":{"@type":"ImageObject","inLanguage":"pt-BR","@id":"https:\/\/secure.gravatar.com\/avatar\/7cf84d31f581ec97b887c1039d478a7c293086896c84951a86753fb2c2af7527?s=96&d=mm&r=g","url":"https:\/\/secure.gravatar.com\/avatar\/7cf84d31f581ec97b887c1039d478a7c293086896c84951a86753fb2c2af7527?s=96&d=mm&r=g","contentUrl":"https:\/\/secure.gravatar.com\/avatar\/7cf84d31f581ec97b887c1039d478a7c293086896c84951a86753fb2c2af7527?s=96&d=mm&r=g","caption":"alextreh@gmail.com"},"sameAs":["http:\/\/salmosbiblicos.com.br"],"url":"https:\/\/salmosbiblicos.com.br\/index.php\/author\/alextrehgmail-com\/"}]}},"_links":{"self":[{"href":"https:\/\/salmosbiblicos.com.br\/index.php\/wp-json\/wp\/v2\/posts\/6438","targetHints":{"allow":["GET"]}}],"collection":[{"href":"https:\/\/salmosbiblicos.com.br\/index.php\/wp-json\/wp\/v2\/posts"}],"about":[{"href":"https:\/\/salmosbiblicos.com.br\/index.php\/wp-json\/wp\/v2\/types\/post"}],"author":[{"embeddable":true,"href":"https:\/\/salmosbiblicos.com.br\/index.php\/wp-json\/wp\/v2\/users\/1"}],"replies":[{"embeddable":true,"href":"https:\/\/salmosbiblicos.com.br\/index.php\/wp-json\/wp\/v2\/comments?post=6438"}],"version-history":[{"count":1,"href":"https:\/\/salmosbiblicos.com.br\/index.php\/wp-json\/wp\/v2\/posts\/6438\/revisions"}],"predecessor-version":[{"id":6439,"href":"https:\/\/salmosbiblicos.com.br\/index.php\/wp-json\/wp\/v2\/posts\/6438\/revisions\/6439"}],"wp:attachment":[{"href":"https:\/\/salmosbiblicos.com.br\/index.php\/wp-json\/wp\/v2\/media?parent=6438"}],"wp:term":[{"taxonomy":"category","embeddable":true,"href":"https:\/\/salmosbiblicos.com.br\/index.php\/wp-json\/wp\/v2\/categories?post=6438"},{"taxonomy":"post_tag","embeddable":true,"href":"https:\/\/salmosbiblicos.com.br\/index.php\/wp-json\/wp\/v2\/tags?post=6438"}],"curies":[{"name":"wp","href":"https:\/\/api.w.org\/{rel}","templated":true}]}}