{"id":6440,"date":"2026-04-02T11:56:07","date_gmt":"2026-04-02T14:56:07","guid":{"rendered":"https:\/\/salmosbiblicos.com.br\/?p=6440"},"modified":"2026-04-02T11:56:07","modified_gmt":"2026-04-02T14:56:07","slug":"luto-e-fe-encontrando-paz-interior-na-dor-da-perda","status":"publish","type":"post","link":"https:\/\/salmosbiblicos.com.br\/index.php\/2026\/04\/02\/luto-e-fe-encontrando-paz-interior-na-dor-da-perda\/","title":{"rendered":"Luto e F\u00e9: Encontrando Paz Interior na Dor da Perda"},"content":{"rendered":"<p>## Encontrando Paz no Luto: Uma Jornada Interior<\/p>\n<p>A vida nos presenteia com alegrias imensas, mas tamb\u00e9m nos confronta com a inevit\u00e1vel dor da perda. A saudade de quem partiu pode nos deixar desorientados, como se o ch\u00e3o sob nossos p\u00e9s desaparecesse. \u00c9 no cora\u00e7\u00e3o de momentos como este que encontramos for\u00e7a na Palavra, em Mateus 14, 13 a 21.<\/p>\n<p>### O Luto e o Ref\u00fagio Interior<\/p>\n<p>Quando a not\u00edcia da perda atinge o cora\u00e7\u00e3o, a tend\u00eancia \u00e9 buscar ref\u00fagio. Assim como Jesus, ap\u00f3s a partida de seu primo, Jo\u00e3o Batista, procurou um lugar deserto e afastado, n\u00f3s tamb\u00e9m precisamos de espa\u00e7o para internalizar a dor, para permitir que a realidade se instale em nossa mente e alma.<\/p>\n<p>\u00c9 natural querer se afastar, evitar o contato, buscar a solid\u00e3o. **N\u00e3o h\u00e1 vergonha em precisar desse tempo.** \u00c9 um momento de recolhimento, de introspec\u00e7\u00e3o, de sil\u00eancio. N\u00e3o \u00e9 depress\u00e3o, n\u00e3o \u00e9 isolamento, mas sim um mergulho profundo em nosso ser.<\/p>\n<p>### A Medita\u00e7\u00e3o da Vida<\/p>\n<p>Esse lugar deserto e afastado n\u00e3o \u00e9 um lugar de tristeza sem fim, mas sim um espa\u00e7o para a medita\u00e7\u00e3o. \u00c9 um convite para revisitar a vida que compartilhamos com quem se foi, para refletir sobre nossos pr\u00f3prios caminhos e sobre o prop\u00f3sito que nos guia.<\/p>\n<p>A perda nos confronta com a fragilidade da exist\u00eancia, nos lembra da nossa pr\u00f3pria mortalidade. \u00c9 um chamado para avaliar como estamos vivendo, o que realmente importa. **\u00c9 um tempo de questionamento, de aprendizado, de renova\u00e7\u00e3o.**<\/p>\n<p>### Rompendo com a Estagna\u00e7\u00e3o<\/p>\n<p>Mesmo em meio \u00e0 dor, a vida continua. Jesus, imerso em seu luto, poderia ter se esquivado das necessidades da multid\u00e3o, poderia ter se fechado em si mesmo. Contudo, Ele acolheu a todos, curou os enfermos e, de forma surpreendente, saciou a fome de milhares.<\/p>\n<p>**N\u00e3o podemos permitir que a dor nos paralise.** \u00c9 essencial encontrar um equil\u00edbrio entre o tempo de recolhimento e a retomada da vida, entre a saudade e o engajamento com o mundo. <\/p>\n<p>### O Amor como Ant\u00eddoto para a Dor<\/p>\n<p>A maior forma de honrar a mem\u00f3ria de quem se foi \u00e9 continuar amando. O amor \u00e9 a for\u00e7a que nos impulsiona, que nos renova, que nos conecta uns aos outros. **Amar \u00e9 o ant\u00eddoto para a dor, a luz que dissipa a escurid\u00e3o.**<\/p>\n<p>Abrace aqueles que te cercam, estenda a m\u00e3o aos necessitados, compartilhe a alegria e a esperan\u00e7a. Ao oferecer amor ao pr\u00f3ximo, voc\u00ea estar\u00e1 fortalecendo o legado daqueles que j\u00e1 partiram.<\/p>\n<p>### A Abund\u00e2ncia que Permanece<\/p>\n<p>A multiplica\u00e7\u00e3o dos p\u00e3es e peixes, na hist\u00f3ria de Mateus, nos ensina sobre a provid\u00eancia divina e a abund\u00e2ncia que nos \u00e9 oferecida, mesmo em meio \u00e0 escassez. Os peda\u00e7os que sobraram, recolhidos, preencheram doze cestos, simbolizando a fartura que vem ap\u00f3s a tempestade.<\/p>\n<p>Acredite, a cura e a paz vir\u00e3o, assim como a promessa de um novo amanhecer ap\u00f3s a noite escura. **Mantenha a f\u00e9, persevere no amor e confie na infinita miseric\u00f3rdia de Deus.**<\/p>\n<p>Que a for\u00e7a e o consolo divinos guiem seus passos nesta jornada.<\/p>\n","protected":false},"excerpt":{"rendered":"<p>## Encontrando Paz no Luto: Uma Jornada Interior A vida nos presenteia com alegrias imensas, mas tamb\u00e9m nos confronta com a inevit\u00e1vel dor da perda. A saudade de quem partiu pode nos deixar desorientados, como se o ch\u00e3o sob nossos p\u00e9s desaparecesse. \u00c9 no cora\u00e7\u00e3o de momentos como este que encontramos for\u00e7a na Palavra, em [&hellip;]<\/p>\n","protected":false},"author":1,"featured_media":0,"comment_status":"closed","ping_status":"open","sticky":false,"template":"","format":"standard","meta":{"footnotes":""},"categories":[14],"tags":[],"class_list":["post-6440","post","type-post","status-publish","format-standard","hentry","category-reflexao"],"yoast_head":"<!-- This site is optimized with the Yoast SEO plugin v27.2 - https:\/\/yoast.com\/product\/yoast-seo-wordpress\/ -->\n<title>Luto e F\u00e9: Encontrando Paz Interior na Dor da Perda - Salmos B\u00edblicos<\/title>\n<meta name=\"robots\" content=\"index, follow, max-snippet:-1, max-image-preview:large, max-video-preview:-1\" \/>\n<link rel=\"canonical\" href=\"https:\/\/salmosbiblicos.com.br\/index.php\/2026\/04\/02\/luto-e-fe-encontrando-paz-interior-na-dor-da-perda\/\" \/>\n<meta property=\"og:locale\" content=\"pt_BR\" \/>\n<meta property=\"og:type\" content=\"article\" \/>\n<meta property=\"og:title\" content=\"Luto e F\u00e9: Encontrando Paz Interior na Dor da Perda - Salmos B\u00edblicos\" \/>\n<meta property=\"og:description\" content=\"## Encontrando Paz no Luto: Uma Jornada Interior A vida nos presenteia com alegrias imensas, mas tamb\u00e9m nos confronta com a inevit\u00e1vel dor da perda. A saudade de quem partiu pode nos deixar desorientados, como se o ch\u00e3o sob nossos p\u00e9s desaparecesse. \u00c9 no cora\u00e7\u00e3o de momentos como este que encontramos for\u00e7a na Palavra, em [&hellip;]\" \/>\n<meta property=\"og:url\" content=\"https:\/\/salmosbiblicos.com.br\/index.php\/2026\/04\/02\/luto-e-fe-encontrando-paz-interior-na-dor-da-perda\/\" \/>\n<meta property=\"og:site_name\" content=\"Salmos B\u00edblicos\" \/>\n<meta property=\"article:published_time\" content=\"2026-04-02T14:56:07+00:00\" \/>\n<meta name=\"author\" content=\"alextreh@gmail.com\" \/>\n<meta name=\"twitter:card\" content=\"summary_large_image\" \/>\n<meta name=\"twitter:label1\" content=\"Escrito por\" \/>\n\t<meta name=\"twitter:data1\" content=\"alextreh@gmail.com\" \/>\n\t<meta name=\"twitter:label2\" content=\"Est. tempo de leitura\" \/>\n\t<meta name=\"twitter:data2\" content=\"3 minutos\" \/>\n<script type=\"application\/ld+json\" class=\"yoast-schema-graph\">{\"@context\":\"https:\/\/schema.org\",\"@graph\":[{\"@type\":\"Article\",\"@id\":\"https:\/\/salmosbiblicos.com.br\/index.php\/2026\/04\/02\/luto-e-fe-encontrando-paz-interior-na-dor-da-perda\/#article\",\"isPartOf\":{\"@id\":\"https:\/\/salmosbiblicos.com.br\/index.php\/2026\/04\/02\/luto-e-fe-encontrando-paz-interior-na-dor-da-perda\/\"},\"author\":{\"name\":\"alextreh@gmail.com\",\"@id\":\"https:\/\/salmosbiblicos.com.br\/#\/schema\/person\/30586d0fb3f3a46b78a3414fc39cc975\"},\"headline\":\"Luto e F\u00e9: Encontrando Paz Interior na Dor da Perda\",\"datePublished\":\"2026-04-02T14:56:07+00:00\",\"mainEntityOfPage\":{\"@id\":\"https:\/\/salmosbiblicos.com.br\/index.php\/2026\/04\/02\/luto-e-fe-encontrando-paz-interior-na-dor-da-perda\/\"},\"wordCount\":543,\"articleSection\":[\"Reflex\u00e3o\"],\"inLanguage\":\"pt-BR\"},{\"@type\":\"WebPage\",\"@id\":\"https:\/\/salmosbiblicos.com.br\/index.php\/2026\/04\/02\/luto-e-fe-encontrando-paz-interior-na-dor-da-perda\/\",\"url\":\"https:\/\/salmosbiblicos.com.br\/index.php\/2026\/04\/02\/luto-e-fe-encontrando-paz-interior-na-dor-da-perda\/\",\"name\":\"Luto e F\u00e9: Encontrando Paz Interior na Dor da Perda - Salmos B\u00edblicos\",\"isPartOf\":{\"@id\":\"https:\/\/salmosbiblicos.com.br\/#website\"},\"datePublished\":\"2026-04-02T14:56:07+00:00\",\"author\":{\"@id\":\"https:\/\/salmosbiblicos.com.br\/#\/schema\/person\/30586d0fb3f3a46b78a3414fc39cc975\"},\"breadcrumb\":{\"@id\":\"https:\/\/salmosbiblicos.com.br\/index.php\/2026\/04\/02\/luto-e-fe-encontrando-paz-interior-na-dor-da-perda\/#breadcrumb\"},\"inLanguage\":\"pt-BR\",\"potentialAction\":[{\"@type\":\"ReadAction\",\"target\":[\"https:\/\/salmosbiblicos.com.br\/index.php\/2026\/04\/02\/luto-e-fe-encontrando-paz-interior-na-dor-da-perda\/\"]}]},{\"@type\":\"BreadcrumbList\",\"@id\":\"https:\/\/salmosbiblicos.com.br\/index.php\/2026\/04\/02\/luto-e-fe-encontrando-paz-interior-na-dor-da-perda\/#breadcrumb\",\"itemListElement\":[{\"@type\":\"ListItem\",\"position\":1,\"name\":\"Home\",\"item\":\"https:\/\/salmosbiblicos.com.br\/\"},{\"@type\":\"ListItem\",\"position\":2,\"name\":\"Luto e F\u00e9: Encontrando Paz Interior na Dor da Perda\"}]},{\"@type\":\"WebSite\",\"@id\":\"https:\/\/salmosbiblicos.com.br\/#website\",\"url\":\"https:\/\/salmosbiblicos.com.br\/\",\"name\":\"Salmos B\u00edblicos\",\"description\":\"Uma e-Livraria com e-Books novos para voc\u00ea refletir.\",\"potentialAction\":[{\"@type\":\"SearchAction\",\"target\":{\"@type\":\"EntryPoint\",\"urlTemplate\":\"https:\/\/salmosbiblicos.com.br\/?s={search_term_string}\"},\"query-input\":{\"@type\":\"PropertyValueSpecification\",\"valueRequired\":true,\"valueName\":\"search_term_string\"}}],\"inLanguage\":\"pt-BR\"},{\"@type\":\"Person\",\"@id\":\"https:\/\/salmosbiblicos.com.br\/#\/schema\/person\/30586d0fb3f3a46b78a3414fc39cc975\",\"name\":\"alextreh@gmail.com\",\"image\":{\"@type\":\"ImageObject\",\"inLanguage\":\"pt-BR\",\"@id\":\"https:\/\/secure.gravatar.com\/avatar\/7cf84d31f581ec97b887c1039d478a7c293086896c84951a86753fb2c2af7527?s=96&d=mm&r=g\",\"url\":\"https:\/\/secure.gravatar.com\/avatar\/7cf84d31f581ec97b887c1039d478a7c293086896c84951a86753fb2c2af7527?s=96&d=mm&r=g\",\"contentUrl\":\"https:\/\/secure.gravatar.com\/avatar\/7cf84d31f581ec97b887c1039d478a7c293086896c84951a86753fb2c2af7527?s=96&d=mm&r=g\",\"caption\":\"alextreh@gmail.com\"},\"sameAs\":[\"http:\/\/salmosbiblicos.com.br\"],\"url\":\"https:\/\/salmosbiblicos.com.br\/index.php\/author\/alextrehgmail-com\/\"}]}<\/script>\n<!-- \/ Yoast SEO plugin. -->","yoast_head_json":{"title":"Luto e F\u00e9: Encontrando Paz Interior na Dor da Perda - Salmos B\u00edblicos","robots":{"index":"index","follow":"follow","max-snippet":"max-snippet:-1","max-image-preview":"max-image-preview:large","max-video-preview":"max-video-preview:-1"},"canonical":"https:\/\/salmosbiblicos.com.br\/index.php\/2026\/04\/02\/luto-e-fe-encontrando-paz-interior-na-dor-da-perda\/","og_locale":"pt_BR","og_type":"article","og_title":"Luto e F\u00e9: Encontrando Paz Interior na Dor da Perda - Salmos B\u00edblicos","og_description":"## Encontrando Paz no Luto: Uma Jornada Interior A vida nos presenteia com alegrias imensas, mas tamb\u00e9m nos confronta com a inevit\u00e1vel dor da perda. A saudade de quem partiu pode nos deixar desorientados, como se o ch\u00e3o sob nossos p\u00e9s desaparecesse. \u00c9 no cora\u00e7\u00e3o de momentos como este que encontramos for\u00e7a na Palavra, em [&hellip;]","og_url":"https:\/\/salmosbiblicos.com.br\/index.php\/2026\/04\/02\/luto-e-fe-encontrando-paz-interior-na-dor-da-perda\/","og_site_name":"Salmos B\u00edblicos","article_published_time":"2026-04-02T14:56:07+00:00","author":"alextreh@gmail.com","twitter_card":"summary_large_image","twitter_misc":{"Escrito por":"alextreh@gmail.com","Est. tempo de leitura":"3 minutos"},"schema":{"@context":"https:\/\/schema.org","@graph":[{"@type":"Article","@id":"https:\/\/salmosbiblicos.com.br\/index.php\/2026\/04\/02\/luto-e-fe-encontrando-paz-interior-na-dor-da-perda\/#article","isPartOf":{"@id":"https:\/\/salmosbiblicos.com.br\/index.php\/2026\/04\/02\/luto-e-fe-encontrando-paz-interior-na-dor-da-perda\/"},"author":{"name":"alextreh@gmail.com","@id":"https:\/\/salmosbiblicos.com.br\/#\/schema\/person\/30586d0fb3f3a46b78a3414fc39cc975"},"headline":"Luto e F\u00e9: Encontrando Paz Interior na Dor da Perda","datePublished":"2026-04-02T14:56:07+00:00","mainEntityOfPage":{"@id":"https:\/\/salmosbiblicos.com.br\/index.php\/2026\/04\/02\/luto-e-fe-encontrando-paz-interior-na-dor-da-perda\/"},"wordCount":543,"articleSection":["Reflex\u00e3o"],"inLanguage":"pt-BR"},{"@type":"WebPage","@id":"https:\/\/salmosbiblicos.com.br\/index.php\/2026\/04\/02\/luto-e-fe-encontrando-paz-interior-na-dor-da-perda\/","url":"https:\/\/salmosbiblicos.com.br\/index.php\/2026\/04\/02\/luto-e-fe-encontrando-paz-interior-na-dor-da-perda\/","name":"Luto e F\u00e9: Encontrando Paz Interior na Dor da Perda - Salmos B\u00edblicos","isPartOf":{"@id":"https:\/\/salmosbiblicos.com.br\/#website"},"datePublished":"2026-04-02T14:56:07+00:00","author":{"@id":"https:\/\/salmosbiblicos.com.br\/#\/schema\/person\/30586d0fb3f3a46b78a3414fc39cc975"},"breadcrumb":{"@id":"https:\/\/salmosbiblicos.com.br\/index.php\/2026\/04\/02\/luto-e-fe-encontrando-paz-interior-na-dor-da-perda\/#breadcrumb"},"inLanguage":"pt-BR","potentialAction":[{"@type":"ReadAction","target":["https:\/\/salmosbiblicos.com.br\/index.php\/2026\/04\/02\/luto-e-fe-encontrando-paz-interior-na-dor-da-perda\/"]}]},{"@type":"BreadcrumbList","@id":"https:\/\/salmosbiblicos.com.br\/index.php\/2026\/04\/02\/luto-e-fe-encontrando-paz-interior-na-dor-da-perda\/#breadcrumb","itemListElement":[{"@type":"ListItem","position":1,"name":"Home","item":"https:\/\/salmosbiblicos.com.br\/"},{"@type":"ListItem","position":2,"name":"Luto e F\u00e9: Encontrando Paz Interior na Dor da Perda"}]},{"@type":"WebSite","@id":"https:\/\/salmosbiblicos.com.br\/#website","url":"https:\/\/salmosbiblicos.com.br\/","name":"Salmos B\u00edblicos","description":"Uma e-Livraria com e-Books novos para voc\u00ea refletir.","potentialAction":[{"@type":"SearchAction","target":{"@type":"EntryPoint","urlTemplate":"https:\/\/salmosbiblicos.com.br\/?s={search_term_string}"},"query-input":{"@type":"PropertyValueSpecification","valueRequired":true,"valueName":"search_term_string"}}],"inLanguage":"pt-BR"},{"@type":"Person","@id":"https:\/\/salmosbiblicos.com.br\/#\/schema\/person\/30586d0fb3f3a46b78a3414fc39cc975","name":"alextreh@gmail.com","image":{"@type":"ImageObject","inLanguage":"pt-BR","@id":"https:\/\/secure.gravatar.com\/avatar\/7cf84d31f581ec97b887c1039d478a7c293086896c84951a86753fb2c2af7527?s=96&d=mm&r=g","url":"https:\/\/secure.gravatar.com\/avatar\/7cf84d31f581ec97b887c1039d478a7c293086896c84951a86753fb2c2af7527?s=96&d=mm&r=g","contentUrl":"https:\/\/secure.gravatar.com\/avatar\/7cf84d31f581ec97b887c1039d478a7c293086896c84951a86753fb2c2af7527?s=96&d=mm&r=g","caption":"alextreh@gmail.com"},"sameAs":["http:\/\/salmosbiblicos.com.br"],"url":"https:\/\/salmosbiblicos.com.br\/index.php\/author\/alextrehgmail-com\/"}]}},"_links":{"self":[{"href":"https:\/\/salmosbiblicos.com.br\/index.php\/wp-json\/wp\/v2\/posts\/6440","targetHints":{"allow":["GET"]}}],"collection":[{"href":"https:\/\/salmosbiblicos.com.br\/index.php\/wp-json\/wp\/v2\/posts"}],"about":[{"href":"https:\/\/salmosbiblicos.com.br\/index.php\/wp-json\/wp\/v2\/types\/post"}],"author":[{"embeddable":true,"href":"https:\/\/salmosbiblicos.com.br\/index.php\/wp-json\/wp\/v2\/users\/1"}],"replies":[{"embeddable":true,"href":"https:\/\/salmosbiblicos.com.br\/index.php\/wp-json\/wp\/v2\/comments?post=6440"}],"version-history":[{"count":1,"href":"https:\/\/salmosbiblicos.com.br\/index.php\/wp-json\/wp\/v2\/posts\/6440\/revisions"}],"predecessor-version":[{"id":6441,"href":"https:\/\/salmosbiblicos.com.br\/index.php\/wp-json\/wp\/v2\/posts\/6440\/revisions\/6441"}],"wp:attachment":[{"href":"https:\/\/salmosbiblicos.com.br\/index.php\/wp-json\/wp\/v2\/media?parent=6440"}],"wp:term":[{"taxonomy":"category","embeddable":true,"href":"https:\/\/salmosbiblicos.com.br\/index.php\/wp-json\/wp\/v2\/categories?post=6440"},{"taxonomy":"post_tag","embeddable":true,"href":"https:\/\/salmosbiblicos.com.br\/index.php\/wp-json\/wp\/v2\/tags?post=6440"}],"curies":[{"name":"wp","href":"https:\/\/api.w.org\/{rel}","templated":true}]}}