{"id":6448,"date":"2026-04-02T14:05:25","date_gmt":"2026-04-02T17:05:25","guid":{"rendered":"https:\/\/salmosbiblicos.com.br\/?p=6448"},"modified":"2026-04-02T14:05:25","modified_gmt":"2026-04-02T17:05:25","slug":"humildade-e-poder-a-graca-divina-que-alcanca-os-fracos","status":"publish","type":"post","link":"https:\/\/salmosbiblicos.com.br\/index.php\/2026\/04\/02\/humildade-e-poder-a-graca-divina-que-alcanca-os-fracos\/","title":{"rendered":"Humildade e Poder: A Gra\u00e7a Divina que Alcan\u00e7a os Fracos"},"content":{"rendered":"<p>## A Humildade do Chamado e a D\u00e1diva do Poder<\/p>\n<p>Em um mundo que valoriza a for\u00e7a e a autossufici\u00eancia, \u00e9 profundamente edificante contemplarmos a forma como o amor de Deus se manifesta. Ele se aproxima daqueles que se sentem fracos, pecadores, e os convida para uma miss\u00e3o que transcende as suas pr\u00f3prias limita\u00e7\u00f5es. Como podemos compreender essa gra\u00e7a, essa miseric\u00f3rdia que nos alcan\u00e7a, mesmo em nossa fragilidade?<\/p>\n<p>### O Chamado Inesperado<\/p>\n<p>Contemplamos as Escrituras e vemos como Jesus, em sua infinita sabedoria, escolheu homens comuns para serem seus instrumentos. Homens que, por si s\u00f3, n\u00e3o teriam a capacidade de realizar as obras que lhes foram confiadas. Pedro, Andr\u00e9, Tiago, Jo\u00e3o, Felipe, Bartolomeu, Tom\u00e9, Mateus, Tiago filho de Alfeu, Tadeu, Sim\u00e3o, Uselota e Judas Escariotes&#8230; um grupo diversificado, com suas falhas e imperfei\u00e7\u00f5es, foram chamados para anunciar a boa nova do Reino.<\/p>\n<p>N\u00e3o se trata de um privil\u00e9gio merecido, mas sim de um ato de gra\u00e7a. Cada um de n\u00f3s, em nossa jornada, pode se identificar com essa fragilidade. Podemos nos sentir indignos, ponderando sobre nossas falhas e pecados. No entanto, a Palavra nos garante: **Deus gosta de trabalhar com pecadores.**<\/p>\n<p>### A Ess\u00eancia da Capacita\u00e7\u00e3o Divina<\/p>\n<p>A maior demonstra\u00e7\u00e3o do amor de Deus reside no fato de que Ele n\u00e3o apenas chama, mas capacita. N\u00e3o nos abandona \u00e0 nossa pr\u00f3pria for\u00e7a, mas nos reveste com o poder do Esp\u00edrito Santo. Ele nos concede a capacidade de realizar o que, por n\u00f3s mesmos, seria imposs\u00edvel.<\/p>\n<p>E, acima de tudo, Ele nos ensina que o verdadeiro poder n\u00e3o se det\u00e9m, mas se compartilha. **Jesus, em sua humildade, transfere seu poder para aqueles que Ele escolhe.** Assim como Ele expulsava dem\u00f4nios e curava os enfermos, Ele confia aos seus seguidores essa mesma miss\u00e3o.<\/p>\n<p>### A Ess\u00eancia da Colabora\u00e7\u00e3o<\/p>\n<p>\u00c9 fundamental compreendermos que essa gra\u00e7a n\u00e3o \u00e9 um direito, mas uma d\u00e1diva que exige nossa colabora\u00e7\u00e3o. Devemos nos abrir ao Esp\u00edrito Santo, permitir que Ele nos transforme e nos guie. Aquele que n\u00e3o se entrega a essa gra\u00e7a, como Judas Escariotes, corre o risco de se afastar do caminho da salva\u00e7\u00e3o.<\/p>\n<p>### A Continuidade da Igreja<\/p>\n<p>A igreja \u00e9 a herdeira desse poder, a continuadora da miss\u00e3o que Jesus iniciou. Os ap\u00f3stolos, sucessores de Cristo, transmitiram essa gra\u00e7a aos bispos, que por sua vez, a passam para seus sucessores. Essa corrente ininterrupta garante que a mensagem e o poder de Deus permane\u00e7am vivos em nossos cora\u00e7\u00f5es.<\/p>\n<p>### A Beleza da Igreja Cat\u00f3lica<\/p>\n<p>A Igreja, com seus bispos e seu Papa, sucessor de Pedro, \u00e9 o canal atrav\u00e9s do qual o poder de Deus continua a fluir. **\u00c9 um legado de f\u00e9 e esperan\u00e7a que atravessa os s\u00e9culos, transmitindo a luz da Palavra a todas as na\u00e7\u00f5es.** Que possamos reconhecer e valorizar essa heran\u00e7a, e nos abrir \u00e0 gra\u00e7a que nos \u00e9 oferecida, para que possamos, juntos, testemunhar a beleza e a for\u00e7a do amor de Deus em nossas vidas.<\/p>\n","protected":false},"excerpt":{"rendered":"<p>## A Humildade do Chamado e a D\u00e1diva do Poder Em um mundo que valoriza a for\u00e7a e a autossufici\u00eancia, \u00e9 profundamente edificante contemplarmos a forma como o amor de Deus se manifesta. Ele se aproxima daqueles que se sentem fracos, pecadores, e os convida para uma miss\u00e3o que transcende as suas pr\u00f3prias limita\u00e7\u00f5es. Como [&hellip;]<\/p>\n","protected":false},"author":1,"featured_media":0,"comment_status":"closed","ping_status":"open","sticky":false,"template":"","format":"standard","meta":{"footnotes":""},"categories":[14],"tags":[],"class_list":["post-6448","post","type-post","status-publish","format-standard","hentry","category-reflexao"],"yoast_head":"<!-- This site is optimized with the Yoast SEO plugin v27.2 - https:\/\/yoast.com\/product\/yoast-seo-wordpress\/ -->\n<title>Humildade e Poder: A Gra\u00e7a Divina que Alcan\u00e7a os Fracos - Salmos B\u00edblicos<\/title>\n<meta name=\"robots\" content=\"index, follow, max-snippet:-1, max-image-preview:large, max-video-preview:-1\" \/>\n<link rel=\"canonical\" href=\"https:\/\/salmosbiblicos.com.br\/index.php\/2026\/04\/02\/humildade-e-poder-a-graca-divina-que-alcanca-os-fracos\/\" \/>\n<meta property=\"og:locale\" content=\"pt_BR\" \/>\n<meta property=\"og:type\" content=\"article\" \/>\n<meta property=\"og:title\" content=\"Humildade e Poder: A Gra\u00e7a Divina que Alcan\u00e7a os Fracos - Salmos B\u00edblicos\" \/>\n<meta property=\"og:description\" content=\"## A Humildade do Chamado e a D\u00e1diva do Poder Em um mundo que valoriza a for\u00e7a e a autossufici\u00eancia, \u00e9 profundamente edificante contemplarmos a forma como o amor de Deus se manifesta. Ele se aproxima daqueles que se sentem fracos, pecadores, e os convida para uma miss\u00e3o que transcende as suas pr\u00f3prias limita\u00e7\u00f5es. Como [&hellip;]\" \/>\n<meta property=\"og:url\" content=\"https:\/\/salmosbiblicos.com.br\/index.php\/2026\/04\/02\/humildade-e-poder-a-graca-divina-que-alcanca-os-fracos\/\" \/>\n<meta property=\"og:site_name\" content=\"Salmos B\u00edblicos\" \/>\n<meta property=\"article:published_time\" content=\"2026-04-02T17:05:25+00:00\" \/>\n<meta name=\"author\" content=\"alextreh@gmail.com\" \/>\n<meta name=\"twitter:card\" content=\"summary_large_image\" \/>\n<meta name=\"twitter:label1\" content=\"Escrito por\" \/>\n\t<meta name=\"twitter:data1\" content=\"alextreh@gmail.com\" \/>\n\t<meta name=\"twitter:label2\" content=\"Est. tempo de leitura\" \/>\n\t<meta name=\"twitter:data2\" content=\"3 minutos\" \/>\n<script type=\"application\/ld+json\" class=\"yoast-schema-graph\">{\"@context\":\"https:\/\/schema.org\",\"@graph\":[{\"@type\":\"Article\",\"@id\":\"https:\/\/salmosbiblicos.com.br\/index.php\/2026\/04\/02\/humildade-e-poder-a-graca-divina-que-alcanca-os-fracos\/#article\",\"isPartOf\":{\"@id\":\"https:\/\/salmosbiblicos.com.br\/index.php\/2026\/04\/02\/humildade-e-poder-a-graca-divina-que-alcanca-os-fracos\/\"},\"author\":{\"name\":\"alextreh@gmail.com\",\"@id\":\"https:\/\/salmosbiblicos.com.br\/#\/schema\/person\/30586d0fb3f3a46b78a3414fc39cc975\"},\"headline\":\"Humildade e Poder: A Gra\u00e7a Divina que Alcan\u00e7a os Fracos\",\"datePublished\":\"2026-04-02T17:05:25+00:00\",\"mainEntityOfPage\":{\"@id\":\"https:\/\/salmosbiblicos.com.br\/index.php\/2026\/04\/02\/humildade-e-poder-a-graca-divina-que-alcanca-os-fracos\/\"},\"wordCount\":537,\"articleSection\":[\"Reflex\u00e3o\"],\"inLanguage\":\"pt-BR\"},{\"@type\":\"WebPage\",\"@id\":\"https:\/\/salmosbiblicos.com.br\/index.php\/2026\/04\/02\/humildade-e-poder-a-graca-divina-que-alcanca-os-fracos\/\",\"url\":\"https:\/\/salmosbiblicos.com.br\/index.php\/2026\/04\/02\/humildade-e-poder-a-graca-divina-que-alcanca-os-fracos\/\",\"name\":\"Humildade e Poder: A Gra\u00e7a Divina que Alcan\u00e7a os Fracos - Salmos B\u00edblicos\",\"isPartOf\":{\"@id\":\"https:\/\/salmosbiblicos.com.br\/#website\"},\"datePublished\":\"2026-04-02T17:05:25+00:00\",\"author\":{\"@id\":\"https:\/\/salmosbiblicos.com.br\/#\/schema\/person\/30586d0fb3f3a46b78a3414fc39cc975\"},\"breadcrumb\":{\"@id\":\"https:\/\/salmosbiblicos.com.br\/index.php\/2026\/04\/02\/humildade-e-poder-a-graca-divina-que-alcanca-os-fracos\/#breadcrumb\"},\"inLanguage\":\"pt-BR\",\"potentialAction\":[{\"@type\":\"ReadAction\",\"target\":[\"https:\/\/salmosbiblicos.com.br\/index.php\/2026\/04\/02\/humildade-e-poder-a-graca-divina-que-alcanca-os-fracos\/\"]}]},{\"@type\":\"BreadcrumbList\",\"@id\":\"https:\/\/salmosbiblicos.com.br\/index.php\/2026\/04\/02\/humildade-e-poder-a-graca-divina-que-alcanca-os-fracos\/#breadcrumb\",\"itemListElement\":[{\"@type\":\"ListItem\",\"position\":1,\"name\":\"Home\",\"item\":\"https:\/\/salmosbiblicos.com.br\/\"},{\"@type\":\"ListItem\",\"position\":2,\"name\":\"Humildade e Poder: A Gra\u00e7a Divina que Alcan\u00e7a os Fracos\"}]},{\"@type\":\"WebSite\",\"@id\":\"https:\/\/salmosbiblicos.com.br\/#website\",\"url\":\"https:\/\/salmosbiblicos.com.br\/\",\"name\":\"Salmos B\u00edblicos\",\"description\":\"Uma e-Livraria com e-Books novos para voc\u00ea refletir.\",\"potentialAction\":[{\"@type\":\"SearchAction\",\"target\":{\"@type\":\"EntryPoint\",\"urlTemplate\":\"https:\/\/salmosbiblicos.com.br\/?s={search_term_string}\"},\"query-input\":{\"@type\":\"PropertyValueSpecification\",\"valueRequired\":true,\"valueName\":\"search_term_string\"}}],\"inLanguage\":\"pt-BR\"},{\"@type\":\"Person\",\"@id\":\"https:\/\/salmosbiblicos.com.br\/#\/schema\/person\/30586d0fb3f3a46b78a3414fc39cc975\",\"name\":\"alextreh@gmail.com\",\"image\":{\"@type\":\"ImageObject\",\"inLanguage\":\"pt-BR\",\"@id\":\"https:\/\/secure.gravatar.com\/avatar\/7cf84d31f581ec97b887c1039d478a7c293086896c84951a86753fb2c2af7527?s=96&d=mm&r=g\",\"url\":\"https:\/\/secure.gravatar.com\/avatar\/7cf84d31f581ec97b887c1039d478a7c293086896c84951a86753fb2c2af7527?s=96&d=mm&r=g\",\"contentUrl\":\"https:\/\/secure.gravatar.com\/avatar\/7cf84d31f581ec97b887c1039d478a7c293086896c84951a86753fb2c2af7527?s=96&d=mm&r=g\",\"caption\":\"alextreh@gmail.com\"},\"sameAs\":[\"http:\/\/salmosbiblicos.com.br\"],\"url\":\"https:\/\/salmosbiblicos.com.br\/index.php\/author\/alextrehgmail-com\/\"}]}<\/script>\n<!-- \/ Yoast SEO plugin. -->","yoast_head_json":{"title":"Humildade e Poder: A Gra\u00e7a Divina que Alcan\u00e7a os Fracos - Salmos B\u00edblicos","robots":{"index":"index","follow":"follow","max-snippet":"max-snippet:-1","max-image-preview":"max-image-preview:large","max-video-preview":"max-video-preview:-1"},"canonical":"https:\/\/salmosbiblicos.com.br\/index.php\/2026\/04\/02\/humildade-e-poder-a-graca-divina-que-alcanca-os-fracos\/","og_locale":"pt_BR","og_type":"article","og_title":"Humildade e Poder: A Gra\u00e7a Divina que Alcan\u00e7a os Fracos - Salmos B\u00edblicos","og_description":"## A Humildade do Chamado e a D\u00e1diva do Poder Em um mundo que valoriza a for\u00e7a e a autossufici\u00eancia, \u00e9 profundamente edificante contemplarmos a forma como o amor de Deus se manifesta. Ele se aproxima daqueles que se sentem fracos, pecadores, e os convida para uma miss\u00e3o que transcende as suas pr\u00f3prias limita\u00e7\u00f5es. Como [&hellip;]","og_url":"https:\/\/salmosbiblicos.com.br\/index.php\/2026\/04\/02\/humildade-e-poder-a-graca-divina-que-alcanca-os-fracos\/","og_site_name":"Salmos B\u00edblicos","article_published_time":"2026-04-02T17:05:25+00:00","author":"alextreh@gmail.com","twitter_card":"summary_large_image","twitter_misc":{"Escrito por":"alextreh@gmail.com","Est. tempo de leitura":"3 minutos"},"schema":{"@context":"https:\/\/schema.org","@graph":[{"@type":"Article","@id":"https:\/\/salmosbiblicos.com.br\/index.php\/2026\/04\/02\/humildade-e-poder-a-graca-divina-que-alcanca-os-fracos\/#article","isPartOf":{"@id":"https:\/\/salmosbiblicos.com.br\/index.php\/2026\/04\/02\/humildade-e-poder-a-graca-divina-que-alcanca-os-fracos\/"},"author":{"name":"alextreh@gmail.com","@id":"https:\/\/salmosbiblicos.com.br\/#\/schema\/person\/30586d0fb3f3a46b78a3414fc39cc975"},"headline":"Humildade e Poder: A Gra\u00e7a Divina que Alcan\u00e7a os Fracos","datePublished":"2026-04-02T17:05:25+00:00","mainEntityOfPage":{"@id":"https:\/\/salmosbiblicos.com.br\/index.php\/2026\/04\/02\/humildade-e-poder-a-graca-divina-que-alcanca-os-fracos\/"},"wordCount":537,"articleSection":["Reflex\u00e3o"],"inLanguage":"pt-BR"},{"@type":"WebPage","@id":"https:\/\/salmosbiblicos.com.br\/index.php\/2026\/04\/02\/humildade-e-poder-a-graca-divina-que-alcanca-os-fracos\/","url":"https:\/\/salmosbiblicos.com.br\/index.php\/2026\/04\/02\/humildade-e-poder-a-graca-divina-que-alcanca-os-fracos\/","name":"Humildade e Poder: A Gra\u00e7a Divina que Alcan\u00e7a os Fracos - Salmos B\u00edblicos","isPartOf":{"@id":"https:\/\/salmosbiblicos.com.br\/#website"},"datePublished":"2026-04-02T17:05:25+00:00","author":{"@id":"https:\/\/salmosbiblicos.com.br\/#\/schema\/person\/30586d0fb3f3a46b78a3414fc39cc975"},"breadcrumb":{"@id":"https:\/\/salmosbiblicos.com.br\/index.php\/2026\/04\/02\/humildade-e-poder-a-graca-divina-que-alcanca-os-fracos\/#breadcrumb"},"inLanguage":"pt-BR","potentialAction":[{"@type":"ReadAction","target":["https:\/\/salmosbiblicos.com.br\/index.php\/2026\/04\/02\/humildade-e-poder-a-graca-divina-que-alcanca-os-fracos\/"]}]},{"@type":"BreadcrumbList","@id":"https:\/\/salmosbiblicos.com.br\/index.php\/2026\/04\/02\/humildade-e-poder-a-graca-divina-que-alcanca-os-fracos\/#breadcrumb","itemListElement":[{"@type":"ListItem","position":1,"name":"Home","item":"https:\/\/salmosbiblicos.com.br\/"},{"@type":"ListItem","position":2,"name":"Humildade e Poder: A Gra\u00e7a Divina que Alcan\u00e7a os Fracos"}]},{"@type":"WebSite","@id":"https:\/\/salmosbiblicos.com.br\/#website","url":"https:\/\/salmosbiblicos.com.br\/","name":"Salmos B\u00edblicos","description":"Uma e-Livraria com e-Books novos para voc\u00ea refletir.","potentialAction":[{"@type":"SearchAction","target":{"@type":"EntryPoint","urlTemplate":"https:\/\/salmosbiblicos.com.br\/?s={search_term_string}"},"query-input":{"@type":"PropertyValueSpecification","valueRequired":true,"valueName":"search_term_string"}}],"inLanguage":"pt-BR"},{"@type":"Person","@id":"https:\/\/salmosbiblicos.com.br\/#\/schema\/person\/30586d0fb3f3a46b78a3414fc39cc975","name":"alextreh@gmail.com","image":{"@type":"ImageObject","inLanguage":"pt-BR","@id":"https:\/\/secure.gravatar.com\/avatar\/7cf84d31f581ec97b887c1039d478a7c293086896c84951a86753fb2c2af7527?s=96&d=mm&r=g","url":"https:\/\/secure.gravatar.com\/avatar\/7cf84d31f581ec97b887c1039d478a7c293086896c84951a86753fb2c2af7527?s=96&d=mm&r=g","contentUrl":"https:\/\/secure.gravatar.com\/avatar\/7cf84d31f581ec97b887c1039d478a7c293086896c84951a86753fb2c2af7527?s=96&d=mm&r=g","caption":"alextreh@gmail.com"},"sameAs":["http:\/\/salmosbiblicos.com.br"],"url":"https:\/\/salmosbiblicos.com.br\/index.php\/author\/alextrehgmail-com\/"}]}},"_links":{"self":[{"href":"https:\/\/salmosbiblicos.com.br\/index.php\/wp-json\/wp\/v2\/posts\/6448","targetHints":{"allow":["GET"]}}],"collection":[{"href":"https:\/\/salmosbiblicos.com.br\/index.php\/wp-json\/wp\/v2\/posts"}],"about":[{"href":"https:\/\/salmosbiblicos.com.br\/index.php\/wp-json\/wp\/v2\/types\/post"}],"author":[{"embeddable":true,"href":"https:\/\/salmosbiblicos.com.br\/index.php\/wp-json\/wp\/v2\/users\/1"}],"replies":[{"embeddable":true,"href":"https:\/\/salmosbiblicos.com.br\/index.php\/wp-json\/wp\/v2\/comments?post=6448"}],"version-history":[{"count":1,"href":"https:\/\/salmosbiblicos.com.br\/index.php\/wp-json\/wp\/v2\/posts\/6448\/revisions"}],"predecessor-version":[{"id":6449,"href":"https:\/\/salmosbiblicos.com.br\/index.php\/wp-json\/wp\/v2\/posts\/6448\/revisions\/6449"}],"wp:attachment":[{"href":"https:\/\/salmosbiblicos.com.br\/index.php\/wp-json\/wp\/v2\/media?parent=6448"}],"wp:term":[{"taxonomy":"category","embeddable":true,"href":"https:\/\/salmosbiblicos.com.br\/index.php\/wp-json\/wp\/v2\/categories?post=6448"},{"taxonomy":"post_tag","embeddable":true,"href":"https:\/\/salmosbiblicos.com.br\/index.php\/wp-json\/wp\/v2\/tags?post=6448"}],"curies":[{"name":"wp","href":"https:\/\/api.w.org\/{rel}","templated":true}]}}