{"id":6450,"date":"2026-04-02T14:12:39","date_gmt":"2026-04-02T17:12:39","guid":{"rendered":"https:\/\/salmosbiblicos.com.br\/?p=6450"},"modified":"2026-04-02T14:12:39","modified_gmt":"2026-04-02T17:12:39","slug":"jesus-e-a-compaixao-um-chamado-ao-servico-e-a-fe","status":"publish","type":"post","link":"https:\/\/salmosbiblicos.com.br\/index.php\/2026\/04\/02\/jesus-e-a-compaixao-um-chamado-ao-servico-e-a-fe\/","title":{"rendered":"Jesus e a Compaix\u00e3o: Um Chamado ao Servi\u00e7o e \u00e0 F\u00e9"},"content":{"rendered":"<p>## A Compaix\u00e3o do Senhor e o Chamado ao Servi\u00e7o<\/p>\n<p>A contempla\u00e7\u00e3o do Evangelho nos convida a refletir sobre a fragilidade humana e a necessidade de orienta\u00e7\u00e3o espiritual. Vimos a cura de um homem mudo, libertado de uma possess\u00e3o, e a admira\u00e7\u00e3o do povo. Mas tamb\u00e9m testemunhamos a incompreens\u00e3o daqueles que se apegam a explica\u00e7\u00f5es superficiais, que preferem a cr\u00edtica \u00e0 acolhida da gra\u00e7a divina.<\/p>\n<p>### O Rebanho Cansado e Abatido<\/p>\n<p>**A compaix\u00e3o de Jesus pelas multid\u00f5es** \u00e9 um espelho da nossa pr\u00f3pria realidade. Elas eram cansadas e abatidas, como ovelhas sem pastor.  Esta imagem nos revela a dor da alma que se sente perdida, desamparada. Onde encontramos o sustento, o conforto, a dire\u00e7\u00e3o quando o cora\u00e7\u00e3o se encontra em turbul\u00eancia?<\/p>\n<p>A imagem do pastor \u00e9 fundamental. Sem ele, a ovelha se perde, se machuca, sucumbe aos perigos. Da mesma forma, o povo de Deus necessita de guias espirituais, de testemunhas da Palavra que o conduzam \u00e0 luz e \u00e0 verdade.<\/p>\n<p>### O Papel do Pastor: Mais que Administra\u00e7\u00e3o<\/p>\n<p>\u00c9 crucial entender o verdadeiro papel daquele que \u00e9 chamado para servir. A dedica\u00e7\u00e3o \u00e0 administra\u00e7\u00e3o, a organiza\u00e7\u00e3o, a constru\u00e7\u00e3o f\u00edsica s\u00e3o importantes, mas n\u00e3o s\u00e3o o cerne da miss\u00e3o.  **Um pastor \u00e9, acima de tudo, um arauto da Palavra, um libertador de almas.**<\/p>\n<p>Como o Mestre, o pastor deve:<\/p>\n<p>*   Expulsar os dem\u00f4nios, combatendo as for\u00e7as do mal que aprisionam o cora\u00e7\u00e3o.<br \/>*   Percorrer a terra, levando a mensagem do Evangelho a todos os cantos.<br \/>*   Ensinar a verdade, iluminando a mente e o esp\u00edrito.<br \/>*   Curar as feridas da alma e do corpo, oferecendo consolo e esperan\u00e7a.<\/p>\n<p>### A Urg\u00eancia do Chamado<\/p>\n<p>A colheita \u00e9 vasta, mas os trabalhadores s\u00e3o poucos.  A constata\u00e7\u00e3o de Jesus ecoa em nossos dias. **H\u00e1 uma multid\u00e3o que anseia por um guia, por uma voz que fale de esperan\u00e7a, de amor, de salva\u00e7\u00e3o.**<\/p>\n<p>N\u00e3o se trata de julgar, mas de interceder.  Pedir a Deus que levante pastores que sigam os passos do Mestre, que se dediquem \u00e0 miss\u00e3o de anunciar a Boa Nova, de curar as feridas e de conduzir o rebanho ao pasto verde.<\/p>\n<p>### Uma Ora\u00e7\u00e3o e um Compromisso<\/p>\n<p>Que a nossa ora\u00e7\u00e3o seja incessante, clamando a Deus por mais guias espirituais. Que cada um de n\u00f3s, em sua pr\u00f3pria voca\u00e7\u00e3o, se esforce para ser um instrumento da gra\u00e7a divina, irradiando a luz do Evangelho em cada gesto, em cada palavra, em cada a\u00e7\u00e3o.<\/p>\n<p>Que possamos todos, ao refletir sobre a compaix\u00e3o do Senhor, abra\u00e7ar o nosso papel na obra da salva\u00e7\u00e3o, em nome do Pai, do Filho e do Esp\u00edrito Santo. Am\u00e9m.<\/p>\n","protected":false},"excerpt":{"rendered":"<p>## A Compaix\u00e3o do Senhor e o Chamado ao Servi\u00e7o A contempla\u00e7\u00e3o do Evangelho nos convida a refletir sobre a fragilidade humana e a necessidade de orienta\u00e7\u00e3o espiritual. Vimos a cura de um homem mudo, libertado de uma possess\u00e3o, e a admira\u00e7\u00e3o do povo. Mas tamb\u00e9m testemunhamos a incompreens\u00e3o daqueles que se apegam a explica\u00e7\u00f5es [&hellip;]<\/p>\n","protected":false},"author":1,"featured_media":0,"comment_status":"closed","ping_status":"open","sticky":false,"template":"","format":"standard","meta":{"footnotes":""},"categories":[14],"tags":[],"class_list":["post-6450","post","type-post","status-publish","format-standard","hentry","category-reflexao"],"yoast_head":"<!-- This site is optimized with the Yoast SEO plugin v27.2 - https:\/\/yoast.com\/product\/yoast-seo-wordpress\/ -->\n<title>Jesus e a Compaix\u00e3o: Um Chamado ao Servi\u00e7o e \u00e0 F\u00e9 - Salmos B\u00edblicos<\/title>\n<meta name=\"robots\" content=\"index, follow, max-snippet:-1, max-image-preview:large, max-video-preview:-1\" \/>\n<link rel=\"canonical\" href=\"https:\/\/salmosbiblicos.com.br\/index.php\/2026\/04\/02\/jesus-e-a-compaixao-um-chamado-ao-servico-e-a-fe\/\" \/>\n<meta property=\"og:locale\" content=\"pt_BR\" \/>\n<meta property=\"og:type\" content=\"article\" \/>\n<meta property=\"og:title\" content=\"Jesus e a Compaix\u00e3o: Um Chamado ao Servi\u00e7o e \u00e0 F\u00e9 - Salmos B\u00edblicos\" \/>\n<meta property=\"og:description\" content=\"## A Compaix\u00e3o do Senhor e o Chamado ao Servi\u00e7o A contempla\u00e7\u00e3o do Evangelho nos convida a refletir sobre a fragilidade humana e a necessidade de orienta\u00e7\u00e3o espiritual. Vimos a cura de um homem mudo, libertado de uma possess\u00e3o, e a admira\u00e7\u00e3o do povo. Mas tamb\u00e9m testemunhamos a incompreens\u00e3o daqueles que se apegam a explica\u00e7\u00f5es [&hellip;]\" \/>\n<meta property=\"og:url\" content=\"https:\/\/salmosbiblicos.com.br\/index.php\/2026\/04\/02\/jesus-e-a-compaixao-um-chamado-ao-servico-e-a-fe\/\" \/>\n<meta property=\"og:site_name\" content=\"Salmos B\u00edblicos\" \/>\n<meta property=\"article:published_time\" content=\"2026-04-02T17:12:39+00:00\" \/>\n<meta name=\"author\" content=\"alextreh@gmail.com\" \/>\n<meta name=\"twitter:card\" content=\"summary_large_image\" \/>\n<meta name=\"twitter:label1\" content=\"Escrito por\" \/>\n\t<meta name=\"twitter:data1\" content=\"alextreh@gmail.com\" \/>\n\t<meta name=\"twitter:label2\" content=\"Est. tempo de leitura\" \/>\n\t<meta name=\"twitter:data2\" content=\"2 minutos\" \/>\n<script type=\"application\/ld+json\" class=\"yoast-schema-graph\">{\"@context\":\"https:\/\/schema.org\",\"@graph\":[{\"@type\":\"Article\",\"@id\":\"https:\/\/salmosbiblicos.com.br\/index.php\/2026\/04\/02\/jesus-e-a-compaixao-um-chamado-ao-servico-e-a-fe\/#article\",\"isPartOf\":{\"@id\":\"https:\/\/salmosbiblicos.com.br\/index.php\/2026\/04\/02\/jesus-e-a-compaixao-um-chamado-ao-servico-e-a-fe\/\"},\"author\":{\"name\":\"alextreh@gmail.com\",\"@id\":\"https:\/\/salmosbiblicos.com.br\/#\/schema\/person\/30586d0fb3f3a46b78a3414fc39cc975\"},\"headline\":\"Jesus e a Compaix\u00e3o: Um Chamado ao Servi\u00e7o e \u00e0 F\u00e9\",\"datePublished\":\"2026-04-02T17:12:39+00:00\",\"mainEntityOfPage\":{\"@id\":\"https:\/\/salmosbiblicos.com.br\/index.php\/2026\/04\/02\/jesus-e-a-compaixao-um-chamado-ao-servico-e-a-fe\/\"},\"wordCount\":475,\"articleSection\":[\"Reflex\u00e3o\"],\"inLanguage\":\"pt-BR\"},{\"@type\":\"WebPage\",\"@id\":\"https:\/\/salmosbiblicos.com.br\/index.php\/2026\/04\/02\/jesus-e-a-compaixao-um-chamado-ao-servico-e-a-fe\/\",\"url\":\"https:\/\/salmosbiblicos.com.br\/index.php\/2026\/04\/02\/jesus-e-a-compaixao-um-chamado-ao-servico-e-a-fe\/\",\"name\":\"Jesus e a Compaix\u00e3o: Um Chamado ao Servi\u00e7o e \u00e0 F\u00e9 - Salmos B\u00edblicos\",\"isPartOf\":{\"@id\":\"https:\/\/salmosbiblicos.com.br\/#website\"},\"datePublished\":\"2026-04-02T17:12:39+00:00\",\"author\":{\"@id\":\"https:\/\/salmosbiblicos.com.br\/#\/schema\/person\/30586d0fb3f3a46b78a3414fc39cc975\"},\"breadcrumb\":{\"@id\":\"https:\/\/salmosbiblicos.com.br\/index.php\/2026\/04\/02\/jesus-e-a-compaixao-um-chamado-ao-servico-e-a-fe\/#breadcrumb\"},\"inLanguage\":\"pt-BR\",\"potentialAction\":[{\"@type\":\"ReadAction\",\"target\":[\"https:\/\/salmosbiblicos.com.br\/index.php\/2026\/04\/02\/jesus-e-a-compaixao-um-chamado-ao-servico-e-a-fe\/\"]}]},{\"@type\":\"BreadcrumbList\",\"@id\":\"https:\/\/salmosbiblicos.com.br\/index.php\/2026\/04\/02\/jesus-e-a-compaixao-um-chamado-ao-servico-e-a-fe\/#breadcrumb\",\"itemListElement\":[{\"@type\":\"ListItem\",\"position\":1,\"name\":\"Home\",\"item\":\"https:\/\/salmosbiblicos.com.br\/\"},{\"@type\":\"ListItem\",\"position\":2,\"name\":\"Jesus e a Compaix\u00e3o: Um Chamado ao Servi\u00e7o e \u00e0 F\u00e9\"}]},{\"@type\":\"WebSite\",\"@id\":\"https:\/\/salmosbiblicos.com.br\/#website\",\"url\":\"https:\/\/salmosbiblicos.com.br\/\",\"name\":\"Salmos B\u00edblicos\",\"description\":\"Uma e-Livraria com e-Books novos para voc\u00ea refletir.\",\"potentialAction\":[{\"@type\":\"SearchAction\",\"target\":{\"@type\":\"EntryPoint\",\"urlTemplate\":\"https:\/\/salmosbiblicos.com.br\/?s={search_term_string}\"},\"query-input\":{\"@type\":\"PropertyValueSpecification\",\"valueRequired\":true,\"valueName\":\"search_term_string\"}}],\"inLanguage\":\"pt-BR\"},{\"@type\":\"Person\",\"@id\":\"https:\/\/salmosbiblicos.com.br\/#\/schema\/person\/30586d0fb3f3a46b78a3414fc39cc975\",\"name\":\"alextreh@gmail.com\",\"image\":{\"@type\":\"ImageObject\",\"inLanguage\":\"pt-BR\",\"@id\":\"https:\/\/secure.gravatar.com\/avatar\/7cf84d31f581ec97b887c1039d478a7c293086896c84951a86753fb2c2af7527?s=96&d=mm&r=g\",\"url\":\"https:\/\/secure.gravatar.com\/avatar\/7cf84d31f581ec97b887c1039d478a7c293086896c84951a86753fb2c2af7527?s=96&d=mm&r=g\",\"contentUrl\":\"https:\/\/secure.gravatar.com\/avatar\/7cf84d31f581ec97b887c1039d478a7c293086896c84951a86753fb2c2af7527?s=96&d=mm&r=g\",\"caption\":\"alextreh@gmail.com\"},\"sameAs\":[\"http:\/\/salmosbiblicos.com.br\"],\"url\":\"https:\/\/salmosbiblicos.com.br\/index.php\/author\/alextrehgmail-com\/\"}]}<\/script>\n<!-- \/ Yoast SEO plugin. -->","yoast_head_json":{"title":"Jesus e a Compaix\u00e3o: Um Chamado ao Servi\u00e7o e \u00e0 F\u00e9 - Salmos B\u00edblicos","robots":{"index":"index","follow":"follow","max-snippet":"max-snippet:-1","max-image-preview":"max-image-preview:large","max-video-preview":"max-video-preview:-1"},"canonical":"https:\/\/salmosbiblicos.com.br\/index.php\/2026\/04\/02\/jesus-e-a-compaixao-um-chamado-ao-servico-e-a-fe\/","og_locale":"pt_BR","og_type":"article","og_title":"Jesus e a Compaix\u00e3o: Um Chamado ao Servi\u00e7o e \u00e0 F\u00e9 - Salmos B\u00edblicos","og_description":"## A Compaix\u00e3o do Senhor e o Chamado ao Servi\u00e7o A contempla\u00e7\u00e3o do Evangelho nos convida a refletir sobre a fragilidade humana e a necessidade de orienta\u00e7\u00e3o espiritual. Vimos a cura de um homem mudo, libertado de uma possess\u00e3o, e a admira\u00e7\u00e3o do povo. Mas tamb\u00e9m testemunhamos a incompreens\u00e3o daqueles que se apegam a explica\u00e7\u00f5es [&hellip;]","og_url":"https:\/\/salmosbiblicos.com.br\/index.php\/2026\/04\/02\/jesus-e-a-compaixao-um-chamado-ao-servico-e-a-fe\/","og_site_name":"Salmos B\u00edblicos","article_published_time":"2026-04-02T17:12:39+00:00","author":"alextreh@gmail.com","twitter_card":"summary_large_image","twitter_misc":{"Escrito por":"alextreh@gmail.com","Est. tempo de leitura":"2 minutos"},"schema":{"@context":"https:\/\/schema.org","@graph":[{"@type":"Article","@id":"https:\/\/salmosbiblicos.com.br\/index.php\/2026\/04\/02\/jesus-e-a-compaixao-um-chamado-ao-servico-e-a-fe\/#article","isPartOf":{"@id":"https:\/\/salmosbiblicos.com.br\/index.php\/2026\/04\/02\/jesus-e-a-compaixao-um-chamado-ao-servico-e-a-fe\/"},"author":{"name":"alextreh@gmail.com","@id":"https:\/\/salmosbiblicos.com.br\/#\/schema\/person\/30586d0fb3f3a46b78a3414fc39cc975"},"headline":"Jesus e a Compaix\u00e3o: Um Chamado ao Servi\u00e7o e \u00e0 F\u00e9","datePublished":"2026-04-02T17:12:39+00:00","mainEntityOfPage":{"@id":"https:\/\/salmosbiblicos.com.br\/index.php\/2026\/04\/02\/jesus-e-a-compaixao-um-chamado-ao-servico-e-a-fe\/"},"wordCount":475,"articleSection":["Reflex\u00e3o"],"inLanguage":"pt-BR"},{"@type":"WebPage","@id":"https:\/\/salmosbiblicos.com.br\/index.php\/2026\/04\/02\/jesus-e-a-compaixao-um-chamado-ao-servico-e-a-fe\/","url":"https:\/\/salmosbiblicos.com.br\/index.php\/2026\/04\/02\/jesus-e-a-compaixao-um-chamado-ao-servico-e-a-fe\/","name":"Jesus e a Compaix\u00e3o: Um Chamado ao Servi\u00e7o e \u00e0 F\u00e9 - Salmos B\u00edblicos","isPartOf":{"@id":"https:\/\/salmosbiblicos.com.br\/#website"},"datePublished":"2026-04-02T17:12:39+00:00","author":{"@id":"https:\/\/salmosbiblicos.com.br\/#\/schema\/person\/30586d0fb3f3a46b78a3414fc39cc975"},"breadcrumb":{"@id":"https:\/\/salmosbiblicos.com.br\/index.php\/2026\/04\/02\/jesus-e-a-compaixao-um-chamado-ao-servico-e-a-fe\/#breadcrumb"},"inLanguage":"pt-BR","potentialAction":[{"@type":"ReadAction","target":["https:\/\/salmosbiblicos.com.br\/index.php\/2026\/04\/02\/jesus-e-a-compaixao-um-chamado-ao-servico-e-a-fe\/"]}]},{"@type":"BreadcrumbList","@id":"https:\/\/salmosbiblicos.com.br\/index.php\/2026\/04\/02\/jesus-e-a-compaixao-um-chamado-ao-servico-e-a-fe\/#breadcrumb","itemListElement":[{"@type":"ListItem","position":1,"name":"Home","item":"https:\/\/salmosbiblicos.com.br\/"},{"@type":"ListItem","position":2,"name":"Jesus e a Compaix\u00e3o: Um Chamado ao Servi\u00e7o e \u00e0 F\u00e9"}]},{"@type":"WebSite","@id":"https:\/\/salmosbiblicos.com.br\/#website","url":"https:\/\/salmosbiblicos.com.br\/","name":"Salmos B\u00edblicos","description":"Uma e-Livraria com e-Books novos para voc\u00ea refletir.","potentialAction":[{"@type":"SearchAction","target":{"@type":"EntryPoint","urlTemplate":"https:\/\/salmosbiblicos.com.br\/?s={search_term_string}"},"query-input":{"@type":"PropertyValueSpecification","valueRequired":true,"valueName":"search_term_string"}}],"inLanguage":"pt-BR"},{"@type":"Person","@id":"https:\/\/salmosbiblicos.com.br\/#\/schema\/person\/30586d0fb3f3a46b78a3414fc39cc975","name":"alextreh@gmail.com","image":{"@type":"ImageObject","inLanguage":"pt-BR","@id":"https:\/\/secure.gravatar.com\/avatar\/7cf84d31f581ec97b887c1039d478a7c293086896c84951a86753fb2c2af7527?s=96&d=mm&r=g","url":"https:\/\/secure.gravatar.com\/avatar\/7cf84d31f581ec97b887c1039d478a7c293086896c84951a86753fb2c2af7527?s=96&d=mm&r=g","contentUrl":"https:\/\/secure.gravatar.com\/avatar\/7cf84d31f581ec97b887c1039d478a7c293086896c84951a86753fb2c2af7527?s=96&d=mm&r=g","caption":"alextreh@gmail.com"},"sameAs":["http:\/\/salmosbiblicos.com.br"],"url":"https:\/\/salmosbiblicos.com.br\/index.php\/author\/alextrehgmail-com\/"}]}},"_links":{"self":[{"href":"https:\/\/salmosbiblicos.com.br\/index.php\/wp-json\/wp\/v2\/posts\/6450","targetHints":{"allow":["GET"]}}],"collection":[{"href":"https:\/\/salmosbiblicos.com.br\/index.php\/wp-json\/wp\/v2\/posts"}],"about":[{"href":"https:\/\/salmosbiblicos.com.br\/index.php\/wp-json\/wp\/v2\/types\/post"}],"author":[{"embeddable":true,"href":"https:\/\/salmosbiblicos.com.br\/index.php\/wp-json\/wp\/v2\/users\/1"}],"replies":[{"embeddable":true,"href":"https:\/\/salmosbiblicos.com.br\/index.php\/wp-json\/wp\/v2\/comments?post=6450"}],"version-history":[{"count":1,"href":"https:\/\/salmosbiblicos.com.br\/index.php\/wp-json\/wp\/v2\/posts\/6450\/revisions"}],"predecessor-version":[{"id":6451,"href":"https:\/\/salmosbiblicos.com.br\/index.php\/wp-json\/wp\/v2\/posts\/6450\/revisions\/6451"}],"wp:attachment":[{"href":"https:\/\/salmosbiblicos.com.br\/index.php\/wp-json\/wp\/v2\/media?parent=6450"}],"wp:term":[{"taxonomy":"category","embeddable":true,"href":"https:\/\/salmosbiblicos.com.br\/index.php\/wp-json\/wp\/v2\/categories?post=6450"},{"taxonomy":"post_tag","embeddable":true,"href":"https:\/\/salmosbiblicos.com.br\/index.php\/wp-json\/wp\/v2\/tags?post=6450"}],"curies":[{"name":"wp","href":"https:\/\/api.w.org\/{rel}","templated":true}]}}