{"id":6454,"date":"2026-04-02T14:31:58","date_gmt":"2026-04-02T17:31:58","guid":{"rendered":"https:\/\/salmosbiblicos.com.br\/?p=6454"},"modified":"2026-04-02T14:31:58","modified_gmt":"2026-04-02T17:31:58","slug":"jejum-reflexoes-sobre-renovacao-espiritual-e-a-luta-pela-fe","status":"publish","type":"post","link":"https:\/\/salmosbiblicos.com.br\/index.php\/2026\/04\/02\/jejum-reflexoes-sobre-renovacao-espiritual-e-a-luta-pela-fe\/","title":{"rendered":"Jejum: Reflex\u00f5es sobre Renova\u00e7\u00e3o Espiritual e a Luta pela F\u00e9"},"content":{"rendered":"<p>## A Ess\u00eancia do Jejum e a Renova\u00e7\u00e3o da Alma<\/p>\n<p>A alegria de partilhar a palavra que nos ilumina, que nos convida a contemplar a profundidade do amor divino. Em Mateus, cap\u00edtulo 9, vers\u00edculos 14 a 17, os disc\u00edpulos de Jo\u00e3o questionam o porqu\u00ea da diferen\u00e7a entre suas pr\u00e1ticas e as de Jesus. A resposta que recebem ecoa atrav\u00e9s dos s\u00e9culos, um convite \u00e0 reflex\u00e3o para cada um de n\u00f3s.<\/p>\n<p>### O Noivo e o Tempo do Jejum<\/p>\n<p>Jesus nos revela uma verdade essencial: a presen\u00e7a do Noivo, a Sua pr\u00f3pria encarna\u00e7\u00e3o, impede o jejum. \u00c9 um tempo de festa, de alegria, de comunh\u00e3o plena. Mas o tempo passa, e a separa\u00e7\u00e3o se anuncia. \u201cDias vir\u00e3o, em que o Noivo ser\u00e1 tirado do meio deles, ent\u00e3o sim eles rejubilar\u00e3o.\u201d Esse momento, esse distanciamento, nos imp\u00f5e a necessidade do jejum, da disciplina, da ren\u00fancia.<\/p>\n<p>### Um Chamado \u00e0 Renova\u00e7\u00e3o<\/p>\n<p>O jejum, meus irm\u00e3os, n\u00e3o \u00e9 uma pr\u00e1tica antiga a ser relegada ao passado. Jesus nos revela que **\u201co dia em que n\u00f3s precisaremos jejuar j\u00e1 chegou h\u00e1 muito tempo\u201d**. \u00c9 um chamado cont\u00ednuo \u00e0 renova\u00e7\u00e3o, um mergulho mais profundo na f\u00e9, um afastamento do que nos prende ao mundo.<\/p>\n<p>Ele \u00e9 uma arma poderosa em nossa jornada espiritual. Uma ferramenta para nos aproximarmos de Deus e vencer as batalhas que enfrentamos.<\/p>\n<p>### A Luta Contra as Trevas<\/p>\n<p>Os ap\u00f3stolos, em sua ang\u00fastia, relatam a incapacidade de expulsar dem\u00f4nios. A resposta de Jesus \u00e9 clara: \u201cEsse tipo de jejum, voc\u00ea s\u00f3 vai conseguir expulsar com muito jejum e muito jejum.\u201d A luta contra as for\u00e7as do mal exige sacrif\u00edcio, ren\u00fancia, uma entrega total a Deus. O jejum, nesse contexto, torna-se um escudo poderoso.<\/p>\n<p>### Domando a Carne<\/p>\n<p>S\u00e3o Paulo nos lembra, com profunda sabedoria, que a nossa natureza terrena est\u00e1 em constante conflito com o Esp\u00edrito. A carne anseia pelo pecado, enquanto o Esp\u00edrito busca a santidade. **O jejum, ent\u00e3o, emerge como um caminho para domarmos a nossa carne**, para controlar os impulsos que nos afastam de Deus.<\/p>\n<p>*   Auxilia no equil\u00edbrio alimentar, combatendo a gula.<br \/>*   Fortalece a castidade, pois a disciplina exercitada na comida se estende aos instintos.<br \/>*   Ajuda a moderar a nossa vontade, a submeter os nossos desejos \u00e0 vontade divina.<\/p>\n<p>### Simplicidade no Jejum<\/p>\n<p>Se a pr\u00e1tica do jejum ainda lhe \u00e9 estranha, n\u00e3o se intimide. **O jejum pode ser simples**. N\u00e3o se prenda a regras complexas ou dietas restritivas. Um simples ato de renunciar \u00e0 sua refei\u00e7\u00e3o principal, substituindo-a por um lanche leve, j\u00e1 faz uma diferen\u00e7a not\u00e1vel.<\/p>\n<p>Que a lembran\u00e7a da morte de Jesus, especialmente na sexta-feira, inspirem-nos a abra\u00e7ar essa pr\u00e1tica t\u00e3o ben\u00e9fica. Que a ren\u00fancia terreno nos aproxime do Reino dos C\u00e9us. Que possamos, em esp\u00edrito de humildade e f\u00e9, seguir os passos do Mestre.<\/p>\n","protected":false},"excerpt":{"rendered":"<p>## A Ess\u00eancia do Jejum e a Renova\u00e7\u00e3o da Alma A alegria de partilhar a palavra que nos ilumina, que nos convida a contemplar a profundidade do amor divino. Em Mateus, cap\u00edtulo 9, vers\u00edculos 14 a 17, os disc\u00edpulos de Jo\u00e3o questionam o porqu\u00ea da diferen\u00e7a entre suas pr\u00e1ticas e as de Jesus. A resposta [&hellip;]<\/p>\n","protected":false},"author":1,"featured_media":0,"comment_status":"closed","ping_status":"open","sticky":false,"template":"","format":"standard","meta":{"footnotes":""},"categories":[14],"tags":[],"class_list":["post-6454","post","type-post","status-publish","format-standard","hentry","category-reflexao"],"yoast_head":"<!-- This site is optimized with the Yoast SEO plugin v27.2 - https:\/\/yoast.com\/product\/yoast-seo-wordpress\/ -->\n<title>Jejum: Reflex\u00f5es sobre Renova\u00e7\u00e3o Espiritual e a Luta pela F\u00e9 - Salmos B\u00edblicos<\/title>\n<meta name=\"robots\" content=\"index, follow, max-snippet:-1, max-image-preview:large, max-video-preview:-1\" \/>\n<link rel=\"canonical\" href=\"https:\/\/salmosbiblicos.com.br\/index.php\/2026\/04\/02\/jejum-reflexoes-sobre-renovacao-espiritual-e-a-luta-pela-fe\/\" \/>\n<meta property=\"og:locale\" content=\"pt_BR\" \/>\n<meta property=\"og:type\" content=\"article\" \/>\n<meta property=\"og:title\" content=\"Jejum: Reflex\u00f5es sobre Renova\u00e7\u00e3o Espiritual e a Luta pela F\u00e9 - Salmos B\u00edblicos\" \/>\n<meta property=\"og:description\" content=\"## A Ess\u00eancia do Jejum e a Renova\u00e7\u00e3o da Alma A alegria de partilhar a palavra que nos ilumina, que nos convida a contemplar a profundidade do amor divino. Em Mateus, cap\u00edtulo 9, vers\u00edculos 14 a 17, os disc\u00edpulos de Jo\u00e3o questionam o porqu\u00ea da diferen\u00e7a entre suas pr\u00e1ticas e as de Jesus. A resposta [&hellip;]\" \/>\n<meta property=\"og:url\" content=\"https:\/\/salmosbiblicos.com.br\/index.php\/2026\/04\/02\/jejum-reflexoes-sobre-renovacao-espiritual-e-a-luta-pela-fe\/\" \/>\n<meta property=\"og:site_name\" content=\"Salmos B\u00edblicos\" \/>\n<meta property=\"article:published_time\" content=\"2026-04-02T17:31:58+00:00\" \/>\n<meta name=\"author\" content=\"alextreh@gmail.com\" \/>\n<meta name=\"twitter:card\" content=\"summary_large_image\" \/>\n<meta name=\"twitter:label1\" content=\"Escrito por\" \/>\n\t<meta name=\"twitter:data1\" content=\"alextreh@gmail.com\" \/>\n\t<meta name=\"twitter:label2\" content=\"Est. tempo de leitura\" \/>\n\t<meta name=\"twitter:data2\" content=\"2 minutos\" \/>\n<script type=\"application\/ld+json\" class=\"yoast-schema-graph\">{\"@context\":\"https:\/\/schema.org\",\"@graph\":[{\"@type\":\"Article\",\"@id\":\"https:\/\/salmosbiblicos.com.br\/index.php\/2026\/04\/02\/jejum-reflexoes-sobre-renovacao-espiritual-e-a-luta-pela-fe\/#article\",\"isPartOf\":{\"@id\":\"https:\/\/salmosbiblicos.com.br\/index.php\/2026\/04\/02\/jejum-reflexoes-sobre-renovacao-espiritual-e-a-luta-pela-fe\/\"},\"author\":{\"name\":\"alextreh@gmail.com\",\"@id\":\"https:\/\/salmosbiblicos.com.br\/#\/schema\/person\/30586d0fb3f3a46b78a3414fc39cc975\"},\"headline\":\"Jejum: Reflex\u00f5es sobre Renova\u00e7\u00e3o Espiritual e a Luta pela F\u00e9\",\"datePublished\":\"2026-04-02T17:31:58+00:00\",\"mainEntityOfPage\":{\"@id\":\"https:\/\/salmosbiblicos.com.br\/index.php\/2026\/04\/02\/jejum-reflexoes-sobre-renovacao-espiritual-e-a-luta-pela-fe\/\"},\"wordCount\":505,\"articleSection\":[\"Reflex\u00e3o\"],\"inLanguage\":\"pt-BR\"},{\"@type\":\"WebPage\",\"@id\":\"https:\/\/salmosbiblicos.com.br\/index.php\/2026\/04\/02\/jejum-reflexoes-sobre-renovacao-espiritual-e-a-luta-pela-fe\/\",\"url\":\"https:\/\/salmosbiblicos.com.br\/index.php\/2026\/04\/02\/jejum-reflexoes-sobre-renovacao-espiritual-e-a-luta-pela-fe\/\",\"name\":\"Jejum: Reflex\u00f5es sobre Renova\u00e7\u00e3o Espiritual e a Luta pela F\u00e9 - Salmos B\u00edblicos\",\"isPartOf\":{\"@id\":\"https:\/\/salmosbiblicos.com.br\/#website\"},\"datePublished\":\"2026-04-02T17:31:58+00:00\",\"author\":{\"@id\":\"https:\/\/salmosbiblicos.com.br\/#\/schema\/person\/30586d0fb3f3a46b78a3414fc39cc975\"},\"breadcrumb\":{\"@id\":\"https:\/\/salmosbiblicos.com.br\/index.php\/2026\/04\/02\/jejum-reflexoes-sobre-renovacao-espiritual-e-a-luta-pela-fe\/#breadcrumb\"},\"inLanguage\":\"pt-BR\",\"potentialAction\":[{\"@type\":\"ReadAction\",\"target\":[\"https:\/\/salmosbiblicos.com.br\/index.php\/2026\/04\/02\/jejum-reflexoes-sobre-renovacao-espiritual-e-a-luta-pela-fe\/\"]}]},{\"@type\":\"BreadcrumbList\",\"@id\":\"https:\/\/salmosbiblicos.com.br\/index.php\/2026\/04\/02\/jejum-reflexoes-sobre-renovacao-espiritual-e-a-luta-pela-fe\/#breadcrumb\",\"itemListElement\":[{\"@type\":\"ListItem\",\"position\":1,\"name\":\"Home\",\"item\":\"https:\/\/salmosbiblicos.com.br\/\"},{\"@type\":\"ListItem\",\"position\":2,\"name\":\"Jejum: Reflex\u00f5es sobre Renova\u00e7\u00e3o Espiritual e a Luta pela F\u00e9\"}]},{\"@type\":\"WebSite\",\"@id\":\"https:\/\/salmosbiblicos.com.br\/#website\",\"url\":\"https:\/\/salmosbiblicos.com.br\/\",\"name\":\"Salmos B\u00edblicos\",\"description\":\"Uma e-Livraria com e-Books novos para voc\u00ea refletir.\",\"potentialAction\":[{\"@type\":\"SearchAction\",\"target\":{\"@type\":\"EntryPoint\",\"urlTemplate\":\"https:\/\/salmosbiblicos.com.br\/?s={search_term_string}\"},\"query-input\":{\"@type\":\"PropertyValueSpecification\",\"valueRequired\":true,\"valueName\":\"search_term_string\"}}],\"inLanguage\":\"pt-BR\"},{\"@type\":\"Person\",\"@id\":\"https:\/\/salmosbiblicos.com.br\/#\/schema\/person\/30586d0fb3f3a46b78a3414fc39cc975\",\"name\":\"alextreh@gmail.com\",\"image\":{\"@type\":\"ImageObject\",\"inLanguage\":\"pt-BR\",\"@id\":\"https:\/\/secure.gravatar.com\/avatar\/7cf84d31f581ec97b887c1039d478a7c293086896c84951a86753fb2c2af7527?s=96&d=mm&r=g\",\"url\":\"https:\/\/secure.gravatar.com\/avatar\/7cf84d31f581ec97b887c1039d478a7c293086896c84951a86753fb2c2af7527?s=96&d=mm&r=g\",\"contentUrl\":\"https:\/\/secure.gravatar.com\/avatar\/7cf84d31f581ec97b887c1039d478a7c293086896c84951a86753fb2c2af7527?s=96&d=mm&r=g\",\"caption\":\"alextreh@gmail.com\"},\"sameAs\":[\"http:\/\/salmosbiblicos.com.br\"],\"url\":\"https:\/\/salmosbiblicos.com.br\/index.php\/author\/alextrehgmail-com\/\"}]}<\/script>\n<!-- \/ Yoast SEO plugin. -->","yoast_head_json":{"title":"Jejum: Reflex\u00f5es sobre Renova\u00e7\u00e3o Espiritual e a Luta pela F\u00e9 - Salmos B\u00edblicos","robots":{"index":"index","follow":"follow","max-snippet":"max-snippet:-1","max-image-preview":"max-image-preview:large","max-video-preview":"max-video-preview:-1"},"canonical":"https:\/\/salmosbiblicos.com.br\/index.php\/2026\/04\/02\/jejum-reflexoes-sobre-renovacao-espiritual-e-a-luta-pela-fe\/","og_locale":"pt_BR","og_type":"article","og_title":"Jejum: Reflex\u00f5es sobre Renova\u00e7\u00e3o Espiritual e a Luta pela F\u00e9 - Salmos B\u00edblicos","og_description":"## A Ess\u00eancia do Jejum e a Renova\u00e7\u00e3o da Alma A alegria de partilhar a palavra que nos ilumina, que nos convida a contemplar a profundidade do amor divino. Em Mateus, cap\u00edtulo 9, vers\u00edculos 14 a 17, os disc\u00edpulos de Jo\u00e3o questionam o porqu\u00ea da diferen\u00e7a entre suas pr\u00e1ticas e as de Jesus. A resposta [&hellip;]","og_url":"https:\/\/salmosbiblicos.com.br\/index.php\/2026\/04\/02\/jejum-reflexoes-sobre-renovacao-espiritual-e-a-luta-pela-fe\/","og_site_name":"Salmos B\u00edblicos","article_published_time":"2026-04-02T17:31:58+00:00","author":"alextreh@gmail.com","twitter_card":"summary_large_image","twitter_misc":{"Escrito por":"alextreh@gmail.com","Est. tempo de leitura":"2 minutos"},"schema":{"@context":"https:\/\/schema.org","@graph":[{"@type":"Article","@id":"https:\/\/salmosbiblicos.com.br\/index.php\/2026\/04\/02\/jejum-reflexoes-sobre-renovacao-espiritual-e-a-luta-pela-fe\/#article","isPartOf":{"@id":"https:\/\/salmosbiblicos.com.br\/index.php\/2026\/04\/02\/jejum-reflexoes-sobre-renovacao-espiritual-e-a-luta-pela-fe\/"},"author":{"name":"alextreh@gmail.com","@id":"https:\/\/salmosbiblicos.com.br\/#\/schema\/person\/30586d0fb3f3a46b78a3414fc39cc975"},"headline":"Jejum: Reflex\u00f5es sobre Renova\u00e7\u00e3o Espiritual e a Luta pela F\u00e9","datePublished":"2026-04-02T17:31:58+00:00","mainEntityOfPage":{"@id":"https:\/\/salmosbiblicos.com.br\/index.php\/2026\/04\/02\/jejum-reflexoes-sobre-renovacao-espiritual-e-a-luta-pela-fe\/"},"wordCount":505,"articleSection":["Reflex\u00e3o"],"inLanguage":"pt-BR"},{"@type":"WebPage","@id":"https:\/\/salmosbiblicos.com.br\/index.php\/2026\/04\/02\/jejum-reflexoes-sobre-renovacao-espiritual-e-a-luta-pela-fe\/","url":"https:\/\/salmosbiblicos.com.br\/index.php\/2026\/04\/02\/jejum-reflexoes-sobre-renovacao-espiritual-e-a-luta-pela-fe\/","name":"Jejum: Reflex\u00f5es sobre Renova\u00e7\u00e3o Espiritual e a Luta pela F\u00e9 - Salmos B\u00edblicos","isPartOf":{"@id":"https:\/\/salmosbiblicos.com.br\/#website"},"datePublished":"2026-04-02T17:31:58+00:00","author":{"@id":"https:\/\/salmosbiblicos.com.br\/#\/schema\/person\/30586d0fb3f3a46b78a3414fc39cc975"},"breadcrumb":{"@id":"https:\/\/salmosbiblicos.com.br\/index.php\/2026\/04\/02\/jejum-reflexoes-sobre-renovacao-espiritual-e-a-luta-pela-fe\/#breadcrumb"},"inLanguage":"pt-BR","potentialAction":[{"@type":"ReadAction","target":["https:\/\/salmosbiblicos.com.br\/index.php\/2026\/04\/02\/jejum-reflexoes-sobre-renovacao-espiritual-e-a-luta-pela-fe\/"]}]},{"@type":"BreadcrumbList","@id":"https:\/\/salmosbiblicos.com.br\/index.php\/2026\/04\/02\/jejum-reflexoes-sobre-renovacao-espiritual-e-a-luta-pela-fe\/#breadcrumb","itemListElement":[{"@type":"ListItem","position":1,"name":"Home","item":"https:\/\/salmosbiblicos.com.br\/"},{"@type":"ListItem","position":2,"name":"Jejum: Reflex\u00f5es sobre Renova\u00e7\u00e3o Espiritual e a Luta pela F\u00e9"}]},{"@type":"WebSite","@id":"https:\/\/salmosbiblicos.com.br\/#website","url":"https:\/\/salmosbiblicos.com.br\/","name":"Salmos B\u00edblicos","description":"Uma e-Livraria com e-Books novos para voc\u00ea refletir.","potentialAction":[{"@type":"SearchAction","target":{"@type":"EntryPoint","urlTemplate":"https:\/\/salmosbiblicos.com.br\/?s={search_term_string}"},"query-input":{"@type":"PropertyValueSpecification","valueRequired":true,"valueName":"search_term_string"}}],"inLanguage":"pt-BR"},{"@type":"Person","@id":"https:\/\/salmosbiblicos.com.br\/#\/schema\/person\/30586d0fb3f3a46b78a3414fc39cc975","name":"alextreh@gmail.com","image":{"@type":"ImageObject","inLanguage":"pt-BR","@id":"https:\/\/secure.gravatar.com\/avatar\/7cf84d31f581ec97b887c1039d478a7c293086896c84951a86753fb2c2af7527?s=96&d=mm&r=g","url":"https:\/\/secure.gravatar.com\/avatar\/7cf84d31f581ec97b887c1039d478a7c293086896c84951a86753fb2c2af7527?s=96&d=mm&r=g","contentUrl":"https:\/\/secure.gravatar.com\/avatar\/7cf84d31f581ec97b887c1039d478a7c293086896c84951a86753fb2c2af7527?s=96&d=mm&r=g","caption":"alextreh@gmail.com"},"sameAs":["http:\/\/salmosbiblicos.com.br"],"url":"https:\/\/salmosbiblicos.com.br\/index.php\/author\/alextrehgmail-com\/"}]}},"_links":{"self":[{"href":"https:\/\/salmosbiblicos.com.br\/index.php\/wp-json\/wp\/v2\/posts\/6454","targetHints":{"allow":["GET"]}}],"collection":[{"href":"https:\/\/salmosbiblicos.com.br\/index.php\/wp-json\/wp\/v2\/posts"}],"about":[{"href":"https:\/\/salmosbiblicos.com.br\/index.php\/wp-json\/wp\/v2\/types\/post"}],"author":[{"embeddable":true,"href":"https:\/\/salmosbiblicos.com.br\/index.php\/wp-json\/wp\/v2\/users\/1"}],"replies":[{"embeddable":true,"href":"https:\/\/salmosbiblicos.com.br\/index.php\/wp-json\/wp\/v2\/comments?post=6454"}],"version-history":[{"count":1,"href":"https:\/\/salmosbiblicos.com.br\/index.php\/wp-json\/wp\/v2\/posts\/6454\/revisions"}],"predecessor-version":[{"id":6455,"href":"https:\/\/salmosbiblicos.com.br\/index.php\/wp-json\/wp\/v2\/posts\/6454\/revisions\/6455"}],"wp:attachment":[{"href":"https:\/\/salmosbiblicos.com.br\/index.php\/wp-json\/wp\/v2\/media?parent=6454"}],"wp:term":[{"taxonomy":"category","embeddable":true,"href":"https:\/\/salmosbiblicos.com.br\/index.php\/wp-json\/wp\/v2\/categories?post=6454"},{"taxonomy":"post_tag","embeddable":true,"href":"https:\/\/salmosbiblicos.com.br\/index.php\/wp-json\/wp\/v2\/tags?post=6454"}],"curies":[{"name":"wp","href":"https:\/\/api.w.org\/{rel}","templated":true}]}}