{"id":6464,"date":"2026-04-02T15:06:48","date_gmt":"2026-04-02T18:06:48","guid":{"rendered":"https:\/\/salmosbiblicos.com.br\/?p=6464"},"modified":"2026-04-02T15:06:48","modified_gmt":"2026-04-02T18:06:48","slug":"pedro-e-paulo-humildade-e-fe-na-missao-divina","status":"publish","type":"post","link":"https:\/\/salmosbiblicos.com.br\/index.php\/2026\/04\/02\/pedro-e-paulo-humildade-e-fe-na-missao-divina\/","title":{"rendered":"Pedro e Paulo: Humildade e F\u00e9 na Miss\u00e3o Divina"},"content":{"rendered":"<p>## A Humildade da For\u00e7a e a Alegria da Miss\u00e3o<\/p>\n<p>A vida, por vezes, nos parece um mar revolto, cheio de incertezas e desafios que nos fazem questionar a for\u00e7a que reside em n\u00f3s. Mas, em meio a essa tempestade, a f\u00e9 nos oferece um farol, uma luz que nos guia e nos lembra que mesmo as almas mais fr\u00e1geis podem ser instrumentos poderosos nas m\u00e3os de Deus.<\/p>\n<p>### A Voca\u00e7\u00e3o do Imperfeito<\/p>\n<p>A celebra\u00e7\u00e3o de S\u00e3o Pedro e S\u00e3o Paulo nos convida a contemplar a trajet\u00f3ria de dois homens que marcaram a hist\u00f3ria da Igreja. Pedro, o pescador impulsivo, que negou seu Mestre em momentos de fraqueza. Paulo, o perseguidor fervoroso, consumido pelo orgulho e pela lei. **Eles nos mostram que a for\u00e7a divina n\u00e3o se encontra na perfei\u00e7\u00e3o, mas na humildade e na capacidade de reconhecer a pr\u00f3pria falha.**<\/p>\n<p>Deus, em sua infinita sabedoria, escolhe aqueles que se sentem fracos, aqueles que carregam consigo o peso do pecado, para revelar a sua gra\u00e7a. Como podemos, ent\u00e3o, duvidar da convers\u00e3o de algu\u00e9m? Nunca devemos limitar a a\u00e7\u00e3o transformadora de Deus, que \u00e9 capaz de resgatar at\u00e9 mesmo as almas mais perdidas.<\/p>\n<p>### O Pre\u00e7o da Miss\u00e3o e a Certeza da Recompensa<\/p>\n<p>A vida de Pedro e Paulo, assim como a nossa, foi marcada por prova\u00e7\u00f5es. Passaram por sofrimentos, persegui\u00e7\u00f5es e prova\u00e7\u00f5es que testaram sua f\u00e9. Paulo, ao se aproximar do fim de sua jornada, expressa uma alegria serena, a certeza de ter lutado um bom combate e completado a miss\u00e3o que lhe foi confiada. **&#8221;Aprocima-se o momento da minha partida, combate o bom combate, completei a corrida guardei a f\u00e9.&#8221;**<\/p>\n<p>Este \u00e9 o chamado que ecoa em nossos cora\u00e7\u00f5es: perseverar na f\u00e9, mesmo diante das adversidades. A recompensa, a &#8220;coroa da justi\u00e7a,&#8221; aguarda aqueles que se mant\u00eam fi\u00e9is at\u00e9 o fim. <\/p>\n<p>### Um Legado de Esperan\u00e7a e F\u00e9<\/p>\n<p>A morte de Paulo e Pedro, ambos martirizados por sua f\u00e9, s\u00e3o testemunhos eloquentes do amor e da devo\u00e7\u00e3o a Deus. Eles enfrentaram a morte com alegria, pois sabiam que estavam reunidos com seu Senhor. Essa alegria nos inspira a viver uma vida de prop\u00f3sito, a buscar a santidade em cada dia e a perseverar na f\u00e9, mesmo quando o caminho se torna \u00e1rduo.<\/p>\n<p>*   **Lembre-se:** A f\u00e9 exige um pre\u00e7o, uma entrega di\u00e1ria de n\u00f3s mesmos.<br \/>*   **Mantenha a esperan\u00e7a:** A transforma\u00e7\u00e3o \u00e9 poss\u00edvel em qualquer vida, n\u00e3o importa o qu\u00e3o sombria ela possa parecer.<br \/>*   **Busque a vit\u00f3ria:** A batalha \u00e9 \u00e1rdua, mas a recompensa eterna vale cada sacrif\u00edcio.<\/p>\n<p>Que a mem\u00f3ria de S\u00e3o Pedro e S\u00e3o Paulo nos inspire a combater o bom combate, a completar a corrida e a guardar a f\u00e9, para que possamos, um dia, receber a coroa da justi\u00e7a.<\/p>\n","protected":false},"excerpt":{"rendered":"<p>## A Humildade da For\u00e7a e a Alegria da Miss\u00e3o A vida, por vezes, nos parece um mar revolto, cheio de incertezas e desafios que nos fazem questionar a for\u00e7a que reside em n\u00f3s. Mas, em meio a essa tempestade, a f\u00e9 nos oferece um farol, uma luz que nos guia e nos lembra que [&hellip;]<\/p>\n","protected":false},"author":1,"featured_media":0,"comment_status":"closed","ping_status":"open","sticky":false,"template":"","format":"standard","meta":{"footnotes":""},"categories":[14],"tags":[],"class_list":["post-6464","post","type-post","status-publish","format-standard","hentry","category-reflexao"],"yoast_head":"<!-- This site is optimized with the Yoast SEO plugin v27.2 - https:\/\/yoast.com\/product\/yoast-seo-wordpress\/ -->\n<title>Pedro e Paulo: Humildade e F\u00e9 na Miss\u00e3o Divina - Salmos B\u00edblicos<\/title>\n<meta name=\"robots\" content=\"index, follow, max-snippet:-1, max-image-preview:large, max-video-preview:-1\" \/>\n<link rel=\"canonical\" href=\"https:\/\/salmosbiblicos.com.br\/index.php\/2026\/04\/02\/pedro-e-paulo-humildade-e-fe-na-missao-divina\/\" \/>\n<meta property=\"og:locale\" content=\"pt_BR\" \/>\n<meta property=\"og:type\" content=\"article\" \/>\n<meta property=\"og:title\" content=\"Pedro e Paulo: Humildade e F\u00e9 na Miss\u00e3o Divina - Salmos B\u00edblicos\" \/>\n<meta property=\"og:description\" content=\"## A Humildade da For\u00e7a e a Alegria da Miss\u00e3o A vida, por vezes, nos parece um mar revolto, cheio de incertezas e desafios que nos fazem questionar a for\u00e7a que reside em n\u00f3s. Mas, em meio a essa tempestade, a f\u00e9 nos oferece um farol, uma luz que nos guia e nos lembra que [&hellip;]\" \/>\n<meta property=\"og:url\" content=\"https:\/\/salmosbiblicos.com.br\/index.php\/2026\/04\/02\/pedro-e-paulo-humildade-e-fe-na-missao-divina\/\" \/>\n<meta property=\"og:site_name\" content=\"Salmos B\u00edblicos\" \/>\n<meta property=\"article:published_time\" content=\"2026-04-02T18:06:48+00:00\" \/>\n<meta name=\"author\" content=\"alextreh@gmail.com\" \/>\n<meta name=\"twitter:card\" content=\"summary_large_image\" \/>\n<meta name=\"twitter:label1\" content=\"Escrito por\" \/>\n\t<meta name=\"twitter:data1\" content=\"alextreh@gmail.com\" \/>\n\t<meta name=\"twitter:label2\" content=\"Est. tempo de leitura\" \/>\n\t<meta name=\"twitter:data2\" content=\"2 minutos\" \/>\n<script type=\"application\/ld+json\" class=\"yoast-schema-graph\">{\"@context\":\"https:\/\/schema.org\",\"@graph\":[{\"@type\":\"Article\",\"@id\":\"https:\/\/salmosbiblicos.com.br\/index.php\/2026\/04\/02\/pedro-e-paulo-humildade-e-fe-na-missao-divina\/#article\",\"isPartOf\":{\"@id\":\"https:\/\/salmosbiblicos.com.br\/index.php\/2026\/04\/02\/pedro-e-paulo-humildade-e-fe-na-missao-divina\/\"},\"author\":{\"name\":\"alextreh@gmail.com\",\"@id\":\"https:\/\/salmosbiblicos.com.br\/#\/schema\/person\/30586d0fb3f3a46b78a3414fc39cc975\"},\"headline\":\"Pedro e Paulo: Humildade e F\u00e9 na Miss\u00e3o Divina\",\"datePublished\":\"2026-04-02T18:06:48+00:00\",\"mainEntityOfPage\":{\"@id\":\"https:\/\/salmosbiblicos.com.br\/index.php\/2026\/04\/02\/pedro-e-paulo-humildade-e-fe-na-missao-divina\/\"},\"wordCount\":503,\"articleSection\":[\"Reflex\u00e3o\"],\"inLanguage\":\"pt-BR\"},{\"@type\":\"WebPage\",\"@id\":\"https:\/\/salmosbiblicos.com.br\/index.php\/2026\/04\/02\/pedro-e-paulo-humildade-e-fe-na-missao-divina\/\",\"url\":\"https:\/\/salmosbiblicos.com.br\/index.php\/2026\/04\/02\/pedro-e-paulo-humildade-e-fe-na-missao-divina\/\",\"name\":\"Pedro e Paulo: Humildade e F\u00e9 na Miss\u00e3o Divina - Salmos B\u00edblicos\",\"isPartOf\":{\"@id\":\"https:\/\/salmosbiblicos.com.br\/#website\"},\"datePublished\":\"2026-04-02T18:06:48+00:00\",\"author\":{\"@id\":\"https:\/\/salmosbiblicos.com.br\/#\/schema\/person\/30586d0fb3f3a46b78a3414fc39cc975\"},\"breadcrumb\":{\"@id\":\"https:\/\/salmosbiblicos.com.br\/index.php\/2026\/04\/02\/pedro-e-paulo-humildade-e-fe-na-missao-divina\/#breadcrumb\"},\"inLanguage\":\"pt-BR\",\"potentialAction\":[{\"@type\":\"ReadAction\",\"target\":[\"https:\/\/salmosbiblicos.com.br\/index.php\/2026\/04\/02\/pedro-e-paulo-humildade-e-fe-na-missao-divina\/\"]}]},{\"@type\":\"BreadcrumbList\",\"@id\":\"https:\/\/salmosbiblicos.com.br\/index.php\/2026\/04\/02\/pedro-e-paulo-humildade-e-fe-na-missao-divina\/#breadcrumb\",\"itemListElement\":[{\"@type\":\"ListItem\",\"position\":1,\"name\":\"Home\",\"item\":\"https:\/\/salmosbiblicos.com.br\/\"},{\"@type\":\"ListItem\",\"position\":2,\"name\":\"Pedro e Paulo: Humildade e F\u00e9 na Miss\u00e3o Divina\"}]},{\"@type\":\"WebSite\",\"@id\":\"https:\/\/salmosbiblicos.com.br\/#website\",\"url\":\"https:\/\/salmosbiblicos.com.br\/\",\"name\":\"Salmos B\u00edblicos\",\"description\":\"Uma e-Livraria com e-Books novos para voc\u00ea refletir.\",\"potentialAction\":[{\"@type\":\"SearchAction\",\"target\":{\"@type\":\"EntryPoint\",\"urlTemplate\":\"https:\/\/salmosbiblicos.com.br\/?s={search_term_string}\"},\"query-input\":{\"@type\":\"PropertyValueSpecification\",\"valueRequired\":true,\"valueName\":\"search_term_string\"}}],\"inLanguage\":\"pt-BR\"},{\"@type\":\"Person\",\"@id\":\"https:\/\/salmosbiblicos.com.br\/#\/schema\/person\/30586d0fb3f3a46b78a3414fc39cc975\",\"name\":\"alextreh@gmail.com\",\"image\":{\"@type\":\"ImageObject\",\"inLanguage\":\"pt-BR\",\"@id\":\"https:\/\/secure.gravatar.com\/avatar\/7cf84d31f581ec97b887c1039d478a7c293086896c84951a86753fb2c2af7527?s=96&d=mm&r=g\",\"url\":\"https:\/\/secure.gravatar.com\/avatar\/7cf84d31f581ec97b887c1039d478a7c293086896c84951a86753fb2c2af7527?s=96&d=mm&r=g\",\"contentUrl\":\"https:\/\/secure.gravatar.com\/avatar\/7cf84d31f581ec97b887c1039d478a7c293086896c84951a86753fb2c2af7527?s=96&d=mm&r=g\",\"caption\":\"alextreh@gmail.com\"},\"sameAs\":[\"http:\/\/salmosbiblicos.com.br\"],\"url\":\"https:\/\/salmosbiblicos.com.br\/index.php\/author\/alextrehgmail-com\/\"}]}<\/script>\n<!-- \/ Yoast SEO plugin. -->","yoast_head_json":{"title":"Pedro e Paulo: Humildade e F\u00e9 na Miss\u00e3o Divina - Salmos B\u00edblicos","robots":{"index":"index","follow":"follow","max-snippet":"max-snippet:-1","max-image-preview":"max-image-preview:large","max-video-preview":"max-video-preview:-1"},"canonical":"https:\/\/salmosbiblicos.com.br\/index.php\/2026\/04\/02\/pedro-e-paulo-humildade-e-fe-na-missao-divina\/","og_locale":"pt_BR","og_type":"article","og_title":"Pedro e Paulo: Humildade e F\u00e9 na Miss\u00e3o Divina - Salmos B\u00edblicos","og_description":"## A Humildade da For\u00e7a e a Alegria da Miss\u00e3o A vida, por vezes, nos parece um mar revolto, cheio de incertezas e desafios que nos fazem questionar a for\u00e7a que reside em n\u00f3s. Mas, em meio a essa tempestade, a f\u00e9 nos oferece um farol, uma luz que nos guia e nos lembra que [&hellip;]","og_url":"https:\/\/salmosbiblicos.com.br\/index.php\/2026\/04\/02\/pedro-e-paulo-humildade-e-fe-na-missao-divina\/","og_site_name":"Salmos B\u00edblicos","article_published_time":"2026-04-02T18:06:48+00:00","author":"alextreh@gmail.com","twitter_card":"summary_large_image","twitter_misc":{"Escrito por":"alextreh@gmail.com","Est. tempo de leitura":"2 minutos"},"schema":{"@context":"https:\/\/schema.org","@graph":[{"@type":"Article","@id":"https:\/\/salmosbiblicos.com.br\/index.php\/2026\/04\/02\/pedro-e-paulo-humildade-e-fe-na-missao-divina\/#article","isPartOf":{"@id":"https:\/\/salmosbiblicos.com.br\/index.php\/2026\/04\/02\/pedro-e-paulo-humildade-e-fe-na-missao-divina\/"},"author":{"name":"alextreh@gmail.com","@id":"https:\/\/salmosbiblicos.com.br\/#\/schema\/person\/30586d0fb3f3a46b78a3414fc39cc975"},"headline":"Pedro e Paulo: Humildade e F\u00e9 na Miss\u00e3o Divina","datePublished":"2026-04-02T18:06:48+00:00","mainEntityOfPage":{"@id":"https:\/\/salmosbiblicos.com.br\/index.php\/2026\/04\/02\/pedro-e-paulo-humildade-e-fe-na-missao-divina\/"},"wordCount":503,"articleSection":["Reflex\u00e3o"],"inLanguage":"pt-BR"},{"@type":"WebPage","@id":"https:\/\/salmosbiblicos.com.br\/index.php\/2026\/04\/02\/pedro-e-paulo-humildade-e-fe-na-missao-divina\/","url":"https:\/\/salmosbiblicos.com.br\/index.php\/2026\/04\/02\/pedro-e-paulo-humildade-e-fe-na-missao-divina\/","name":"Pedro e Paulo: Humildade e F\u00e9 na Miss\u00e3o Divina - Salmos B\u00edblicos","isPartOf":{"@id":"https:\/\/salmosbiblicos.com.br\/#website"},"datePublished":"2026-04-02T18:06:48+00:00","author":{"@id":"https:\/\/salmosbiblicos.com.br\/#\/schema\/person\/30586d0fb3f3a46b78a3414fc39cc975"},"breadcrumb":{"@id":"https:\/\/salmosbiblicos.com.br\/index.php\/2026\/04\/02\/pedro-e-paulo-humildade-e-fe-na-missao-divina\/#breadcrumb"},"inLanguage":"pt-BR","potentialAction":[{"@type":"ReadAction","target":["https:\/\/salmosbiblicos.com.br\/index.php\/2026\/04\/02\/pedro-e-paulo-humildade-e-fe-na-missao-divina\/"]}]},{"@type":"BreadcrumbList","@id":"https:\/\/salmosbiblicos.com.br\/index.php\/2026\/04\/02\/pedro-e-paulo-humildade-e-fe-na-missao-divina\/#breadcrumb","itemListElement":[{"@type":"ListItem","position":1,"name":"Home","item":"https:\/\/salmosbiblicos.com.br\/"},{"@type":"ListItem","position":2,"name":"Pedro e Paulo: Humildade e F\u00e9 na Miss\u00e3o Divina"}]},{"@type":"WebSite","@id":"https:\/\/salmosbiblicos.com.br\/#website","url":"https:\/\/salmosbiblicos.com.br\/","name":"Salmos B\u00edblicos","description":"Uma e-Livraria com e-Books novos para voc\u00ea refletir.","potentialAction":[{"@type":"SearchAction","target":{"@type":"EntryPoint","urlTemplate":"https:\/\/salmosbiblicos.com.br\/?s={search_term_string}"},"query-input":{"@type":"PropertyValueSpecification","valueRequired":true,"valueName":"search_term_string"}}],"inLanguage":"pt-BR"},{"@type":"Person","@id":"https:\/\/salmosbiblicos.com.br\/#\/schema\/person\/30586d0fb3f3a46b78a3414fc39cc975","name":"alextreh@gmail.com","image":{"@type":"ImageObject","inLanguage":"pt-BR","@id":"https:\/\/secure.gravatar.com\/avatar\/7cf84d31f581ec97b887c1039d478a7c293086896c84951a86753fb2c2af7527?s=96&d=mm&r=g","url":"https:\/\/secure.gravatar.com\/avatar\/7cf84d31f581ec97b887c1039d478a7c293086896c84951a86753fb2c2af7527?s=96&d=mm&r=g","contentUrl":"https:\/\/secure.gravatar.com\/avatar\/7cf84d31f581ec97b887c1039d478a7c293086896c84951a86753fb2c2af7527?s=96&d=mm&r=g","caption":"alextreh@gmail.com"},"sameAs":["http:\/\/salmosbiblicos.com.br"],"url":"https:\/\/salmosbiblicos.com.br\/index.php\/author\/alextrehgmail-com\/"}]}},"_links":{"self":[{"href":"https:\/\/salmosbiblicos.com.br\/index.php\/wp-json\/wp\/v2\/posts\/6464","targetHints":{"allow":["GET"]}}],"collection":[{"href":"https:\/\/salmosbiblicos.com.br\/index.php\/wp-json\/wp\/v2\/posts"}],"about":[{"href":"https:\/\/salmosbiblicos.com.br\/index.php\/wp-json\/wp\/v2\/types\/post"}],"author":[{"embeddable":true,"href":"https:\/\/salmosbiblicos.com.br\/index.php\/wp-json\/wp\/v2\/users\/1"}],"replies":[{"embeddable":true,"href":"https:\/\/salmosbiblicos.com.br\/index.php\/wp-json\/wp\/v2\/comments?post=6464"}],"version-history":[{"count":1,"href":"https:\/\/salmosbiblicos.com.br\/index.php\/wp-json\/wp\/v2\/posts\/6464\/revisions"}],"predecessor-version":[{"id":6465,"href":"https:\/\/salmosbiblicos.com.br\/index.php\/wp-json\/wp\/v2\/posts\/6464\/revisions\/6465"}],"wp:attachment":[{"href":"https:\/\/salmosbiblicos.com.br\/index.php\/wp-json\/wp\/v2\/media?parent=6464"}],"wp:term":[{"taxonomy":"category","embeddable":true,"href":"https:\/\/salmosbiblicos.com.br\/index.php\/wp-json\/wp\/v2\/categories?post=6464"},{"taxonomy":"post_tag","embeddable":true,"href":"https:\/\/salmosbiblicos.com.br\/index.php\/wp-json\/wp\/v2\/tags?post=6464"}],"curies":[{"name":"wp","href":"https:\/\/api.w.org\/{rel}","templated":true}]}}