{"id":6468,"date":"2026-04-02T15:20:47","date_gmt":"2026-04-02T18:20:47","guid":{"rendered":"https:\/\/salmosbiblicos.com.br\/?p=6468"},"modified":"2026-04-02T15:20:47","modified_gmt":"2026-04-02T18:20:47","slug":"humildade-e-fe-a-cura-que-vem-da-vontade-divina","status":"publish","type":"post","link":"https:\/\/salmosbiblicos.com.br\/index.php\/2026\/04\/02\/humildade-e-fe-a-cura-que-vem-da-vontade-divina\/","title":{"rendered":"Humildade e F\u00e9: A Cura que Vem da Vontade Divina"},"content":{"rendered":"<p>## A Humildade do Pedido e a Vontade Divina na Cura<\/p>\n<p>\u00c9 comum nos depararmos com o sofrimento, com a dor que parece nos consumir por completo. A doen\u00e7a, a perda, a ang\u00fastia\u2026 tantas vezes nos questionamos sobre o prop\u00f3sito por tr\u00e1s dessas experi\u00eancias. Diante da fragilidade da nossa exist\u00eancia, a busca por respostas se torna urgente, e a f\u00e9 se apresenta como um farol em meio \u00e0 escurid\u00e3o.<\/p>\n<p>A passagem que nos relata o encontro de Jesus com o leproso nos convida a refletir sobre a natureza da cura, da esperan\u00e7a e da pr\u00f3pria vontade divina. Um homem, marcado pela exclus\u00e3o e pelo sofrimento, aproxima-se do Filho de Deus com um pedido humilde: &#8220;Senhor, se queres, tu tens o poder de me purificar.&#8221;<\/p>\n<p>### A Cren\u00e7a no Poder do Divino<\/p>\n<p>A beleza desse pedido reside na f\u00e9 que emana do cora\u00e7\u00e3o do leproso. Ele n\u00e3o exige, n\u00e3o ordena, mas expressa uma esperan\u00e7a profunda: a cren\u00e7a no poder transformador de Deus. \u00c9 a convic\u00e7\u00e3o de que, se a vontade divina assim o determinar, a lepra que o aflige pode ser extinta.<\/p>\n<p>Jesus, com a compaix\u00e3o que lhe \u00e9 caracter\u00edstica, estende a m\u00e3o e, com um gesto simples e profundo, pronuncia as palavras: &#8220;Eu quero. Fica limpo.&#8221; E, instantaneamente, a cura se manifesta.<\/p>\n<p>### Compreendendo a Vontade de Deus<\/p>\n<p>Com frequ\u00eancia, somos tentados a interpretar o sofrimento como um sinal de desaprova\u00e7\u00e3o divina, como uma prova de que n\u00e3o estamos alinhados com o plano de Deus. Surge a frase simplista: &#8220;Se \u00e9 da vontade de Deus, aceite.&#8221; Mas a hist\u00f3ria do leproso nos revela uma verdade mais profunda: **Deus n\u00e3o se alegra com a nossa dor**. Ele n\u00e3o deseja que nos vejamos aflitos, desamparados ou enfermos.<\/p>\n<p>Jesus demonstra, por meio de seus atos e ensinamentos, que a cura, a liberta\u00e7\u00e3o e a restaura\u00e7\u00e3o s\u00e3o a Sua vontade para todos. Ele n\u00e3o hesita em tocar o leproso, em estender a m\u00e3o ao marginalizado, em aliviar o peso do sofrimento.<\/p>\n<p>### O Prop\u00f3sito por Tr\u00e1s da Permiss\u00e3o<\/p>\n<p>\u00c9 verdade que, por vezes, a doen\u00e7a persiste. Que a dor se prolonga. Que a cura f\u00edsica n\u00e3o se manifesta. Nesses momentos, a nossa f\u00e9 \u00e9 colocada \u00e0 prova. \u00c9 crucial entendermos que Deus, em sua infinita sabedoria, pode *permitir* o sofrimento, n\u00e3o como um fim em si mesmo, mas como um meio para um bem maior.<\/p>\n<p>*   **Desenvolvimento do car\u00e1ter:** As prova\u00e7\u00f5es podem nos fortalecer, nos ensinar a humildade e a perseveran\u00e7a.<br \/>*   **Compaix\u00e3o pelos outros:** A experi\u00eancia da dor nos torna mais sens\u00edveis \u00e0 dor alheia, nos capacitando a oferecer conforto e apoio a quem sofre.<br \/>*   **Confian\u00e7a em Deus:** A supera\u00e7\u00e3o dos desafios nos aproxima de Deus, aprofundando a nossa f\u00e9 e a nossa confian\u00e7a em Seu plano.<\/p>\n<p>A Palavra nos assegura: \u201cTudo concorre para o bem daqueles que amam a Deus.\u201d Mesmo as situa\u00e7\u00f5es mais dolorosas, quando vividas sob a luz da f\u00e9, podem ser transformadas em oportunidades de crescimento espiritual e de manifesta\u00e7\u00e3o da gra\u00e7a divina.<\/p>\n<p>**Lembre-se:** Deus deseja a sua cura. Ele anseia pela sua liberta\u00e7\u00e3o. E, mesmo quando a cura f\u00edsica n\u00e3o se manifesta, Ele est\u00e1 presente, confortando, fortalecendo e abrindo caminho para um futuro de esperan\u00e7a e alegria. Receba essa promessa, abrace a f\u00e9 e permita que a gra\u00e7a de Deus te cure e te transforme.<\/p>\n","protected":false},"excerpt":{"rendered":"<p>## A Humildade do Pedido e a Vontade Divina na Cura \u00c9 comum nos depararmos com o sofrimento, com a dor que parece nos consumir por completo. A doen\u00e7a, a perda, a ang\u00fastia\u2026 tantas vezes nos questionamos sobre o prop\u00f3sito por tr\u00e1s dessas experi\u00eancias. Diante da fragilidade da nossa exist\u00eancia, a busca por respostas se [&hellip;]<\/p>\n","protected":false},"author":1,"featured_media":0,"comment_status":"closed","ping_status":"open","sticky":false,"template":"","format":"standard","meta":{"footnotes":""},"categories":[14],"tags":[],"class_list":["post-6468","post","type-post","status-publish","format-standard","hentry","category-reflexao"],"yoast_head":"<!-- This site is optimized with the Yoast SEO plugin v27.2 - https:\/\/yoast.com\/product\/yoast-seo-wordpress\/ -->\n<title>Humildade e F\u00e9: A Cura que Vem da Vontade Divina - Salmos B\u00edblicos<\/title>\n<meta name=\"robots\" content=\"index, follow, max-snippet:-1, max-image-preview:large, max-video-preview:-1\" \/>\n<link rel=\"canonical\" href=\"https:\/\/salmosbiblicos.com.br\/index.php\/2026\/04\/02\/humildade-e-fe-a-cura-que-vem-da-vontade-divina\/\" \/>\n<meta property=\"og:locale\" content=\"pt_BR\" \/>\n<meta property=\"og:type\" content=\"article\" \/>\n<meta property=\"og:title\" content=\"Humildade e F\u00e9: A Cura que Vem da Vontade Divina - Salmos B\u00edblicos\" \/>\n<meta property=\"og:description\" content=\"## A Humildade do Pedido e a Vontade Divina na Cura \u00c9 comum nos depararmos com o sofrimento, com a dor que parece nos consumir por completo. A doen\u00e7a, a perda, a ang\u00fastia\u2026 tantas vezes nos questionamos sobre o prop\u00f3sito por tr\u00e1s dessas experi\u00eancias. Diante da fragilidade da nossa exist\u00eancia, a busca por respostas se [&hellip;]\" \/>\n<meta property=\"og:url\" content=\"https:\/\/salmosbiblicos.com.br\/index.php\/2026\/04\/02\/humildade-e-fe-a-cura-que-vem-da-vontade-divina\/\" \/>\n<meta property=\"og:site_name\" content=\"Salmos B\u00edblicos\" \/>\n<meta property=\"article:published_time\" content=\"2026-04-02T18:20:47+00:00\" \/>\n<meta name=\"author\" content=\"alextreh@gmail.com\" \/>\n<meta name=\"twitter:card\" content=\"summary_large_image\" \/>\n<meta name=\"twitter:label1\" content=\"Escrito por\" \/>\n\t<meta name=\"twitter:data1\" content=\"alextreh@gmail.com\" \/>\n\t<meta name=\"twitter:label2\" content=\"Est. tempo de leitura\" \/>\n\t<meta name=\"twitter:data2\" content=\"3 minutos\" \/>\n<script type=\"application\/ld+json\" class=\"yoast-schema-graph\">{\"@context\":\"https:\/\/schema.org\",\"@graph\":[{\"@type\":\"Article\",\"@id\":\"https:\/\/salmosbiblicos.com.br\/index.php\/2026\/04\/02\/humildade-e-fe-a-cura-que-vem-da-vontade-divina\/#article\",\"isPartOf\":{\"@id\":\"https:\/\/salmosbiblicos.com.br\/index.php\/2026\/04\/02\/humildade-e-fe-a-cura-que-vem-da-vontade-divina\/\"},\"author\":{\"name\":\"alextreh@gmail.com\",\"@id\":\"https:\/\/salmosbiblicos.com.br\/#\/schema\/person\/30586d0fb3f3a46b78a3414fc39cc975\"},\"headline\":\"Humildade e F\u00e9: A Cura que Vem da Vontade Divina\",\"datePublished\":\"2026-04-02T18:20:47+00:00\",\"mainEntityOfPage\":{\"@id\":\"https:\/\/salmosbiblicos.com.br\/index.php\/2026\/04\/02\/humildade-e-fe-a-cura-que-vem-da-vontade-divina\/\"},\"wordCount\":596,\"articleSection\":[\"Reflex\u00e3o\"],\"inLanguage\":\"pt-BR\"},{\"@type\":\"WebPage\",\"@id\":\"https:\/\/salmosbiblicos.com.br\/index.php\/2026\/04\/02\/humildade-e-fe-a-cura-que-vem-da-vontade-divina\/\",\"url\":\"https:\/\/salmosbiblicos.com.br\/index.php\/2026\/04\/02\/humildade-e-fe-a-cura-que-vem-da-vontade-divina\/\",\"name\":\"Humildade e F\u00e9: A Cura que Vem da Vontade Divina - Salmos B\u00edblicos\",\"isPartOf\":{\"@id\":\"https:\/\/salmosbiblicos.com.br\/#website\"},\"datePublished\":\"2026-04-02T18:20:47+00:00\",\"author\":{\"@id\":\"https:\/\/salmosbiblicos.com.br\/#\/schema\/person\/30586d0fb3f3a46b78a3414fc39cc975\"},\"breadcrumb\":{\"@id\":\"https:\/\/salmosbiblicos.com.br\/index.php\/2026\/04\/02\/humildade-e-fe-a-cura-que-vem-da-vontade-divina\/#breadcrumb\"},\"inLanguage\":\"pt-BR\",\"potentialAction\":[{\"@type\":\"ReadAction\",\"target\":[\"https:\/\/salmosbiblicos.com.br\/index.php\/2026\/04\/02\/humildade-e-fe-a-cura-que-vem-da-vontade-divina\/\"]}]},{\"@type\":\"BreadcrumbList\",\"@id\":\"https:\/\/salmosbiblicos.com.br\/index.php\/2026\/04\/02\/humildade-e-fe-a-cura-que-vem-da-vontade-divina\/#breadcrumb\",\"itemListElement\":[{\"@type\":\"ListItem\",\"position\":1,\"name\":\"Home\",\"item\":\"https:\/\/salmosbiblicos.com.br\/\"},{\"@type\":\"ListItem\",\"position\":2,\"name\":\"Humildade e F\u00e9: A Cura que Vem da Vontade Divina\"}]},{\"@type\":\"WebSite\",\"@id\":\"https:\/\/salmosbiblicos.com.br\/#website\",\"url\":\"https:\/\/salmosbiblicos.com.br\/\",\"name\":\"Salmos B\u00edblicos\",\"description\":\"Uma e-Livraria com e-Books novos para voc\u00ea refletir.\",\"potentialAction\":[{\"@type\":\"SearchAction\",\"target\":{\"@type\":\"EntryPoint\",\"urlTemplate\":\"https:\/\/salmosbiblicos.com.br\/?s={search_term_string}\"},\"query-input\":{\"@type\":\"PropertyValueSpecification\",\"valueRequired\":true,\"valueName\":\"search_term_string\"}}],\"inLanguage\":\"pt-BR\"},{\"@type\":\"Person\",\"@id\":\"https:\/\/salmosbiblicos.com.br\/#\/schema\/person\/30586d0fb3f3a46b78a3414fc39cc975\",\"name\":\"alextreh@gmail.com\",\"image\":{\"@type\":\"ImageObject\",\"inLanguage\":\"pt-BR\",\"@id\":\"https:\/\/secure.gravatar.com\/avatar\/7cf84d31f581ec97b887c1039d478a7c293086896c84951a86753fb2c2af7527?s=96&d=mm&r=g\",\"url\":\"https:\/\/secure.gravatar.com\/avatar\/7cf84d31f581ec97b887c1039d478a7c293086896c84951a86753fb2c2af7527?s=96&d=mm&r=g\",\"contentUrl\":\"https:\/\/secure.gravatar.com\/avatar\/7cf84d31f581ec97b887c1039d478a7c293086896c84951a86753fb2c2af7527?s=96&d=mm&r=g\",\"caption\":\"alextreh@gmail.com\"},\"sameAs\":[\"http:\/\/salmosbiblicos.com.br\"],\"url\":\"https:\/\/salmosbiblicos.com.br\/index.php\/author\/alextrehgmail-com\/\"}]}<\/script>\n<!-- \/ Yoast SEO plugin. -->","yoast_head_json":{"title":"Humildade e F\u00e9: A Cura que Vem da Vontade Divina - Salmos B\u00edblicos","robots":{"index":"index","follow":"follow","max-snippet":"max-snippet:-1","max-image-preview":"max-image-preview:large","max-video-preview":"max-video-preview:-1"},"canonical":"https:\/\/salmosbiblicos.com.br\/index.php\/2026\/04\/02\/humildade-e-fe-a-cura-que-vem-da-vontade-divina\/","og_locale":"pt_BR","og_type":"article","og_title":"Humildade e F\u00e9: A Cura que Vem da Vontade Divina - Salmos B\u00edblicos","og_description":"## A Humildade do Pedido e a Vontade Divina na Cura \u00c9 comum nos depararmos com o sofrimento, com a dor que parece nos consumir por completo. A doen\u00e7a, a perda, a ang\u00fastia\u2026 tantas vezes nos questionamos sobre o prop\u00f3sito por tr\u00e1s dessas experi\u00eancias. Diante da fragilidade da nossa exist\u00eancia, a busca por respostas se [&hellip;]","og_url":"https:\/\/salmosbiblicos.com.br\/index.php\/2026\/04\/02\/humildade-e-fe-a-cura-que-vem-da-vontade-divina\/","og_site_name":"Salmos B\u00edblicos","article_published_time":"2026-04-02T18:20:47+00:00","author":"alextreh@gmail.com","twitter_card":"summary_large_image","twitter_misc":{"Escrito por":"alextreh@gmail.com","Est. tempo de leitura":"3 minutos"},"schema":{"@context":"https:\/\/schema.org","@graph":[{"@type":"Article","@id":"https:\/\/salmosbiblicos.com.br\/index.php\/2026\/04\/02\/humildade-e-fe-a-cura-que-vem-da-vontade-divina\/#article","isPartOf":{"@id":"https:\/\/salmosbiblicos.com.br\/index.php\/2026\/04\/02\/humildade-e-fe-a-cura-que-vem-da-vontade-divina\/"},"author":{"name":"alextreh@gmail.com","@id":"https:\/\/salmosbiblicos.com.br\/#\/schema\/person\/30586d0fb3f3a46b78a3414fc39cc975"},"headline":"Humildade e F\u00e9: A Cura que Vem da Vontade Divina","datePublished":"2026-04-02T18:20:47+00:00","mainEntityOfPage":{"@id":"https:\/\/salmosbiblicos.com.br\/index.php\/2026\/04\/02\/humildade-e-fe-a-cura-que-vem-da-vontade-divina\/"},"wordCount":596,"articleSection":["Reflex\u00e3o"],"inLanguage":"pt-BR"},{"@type":"WebPage","@id":"https:\/\/salmosbiblicos.com.br\/index.php\/2026\/04\/02\/humildade-e-fe-a-cura-que-vem-da-vontade-divina\/","url":"https:\/\/salmosbiblicos.com.br\/index.php\/2026\/04\/02\/humildade-e-fe-a-cura-que-vem-da-vontade-divina\/","name":"Humildade e F\u00e9: A Cura que Vem da Vontade Divina - Salmos B\u00edblicos","isPartOf":{"@id":"https:\/\/salmosbiblicos.com.br\/#website"},"datePublished":"2026-04-02T18:20:47+00:00","author":{"@id":"https:\/\/salmosbiblicos.com.br\/#\/schema\/person\/30586d0fb3f3a46b78a3414fc39cc975"},"breadcrumb":{"@id":"https:\/\/salmosbiblicos.com.br\/index.php\/2026\/04\/02\/humildade-e-fe-a-cura-que-vem-da-vontade-divina\/#breadcrumb"},"inLanguage":"pt-BR","potentialAction":[{"@type":"ReadAction","target":["https:\/\/salmosbiblicos.com.br\/index.php\/2026\/04\/02\/humildade-e-fe-a-cura-que-vem-da-vontade-divina\/"]}]},{"@type":"BreadcrumbList","@id":"https:\/\/salmosbiblicos.com.br\/index.php\/2026\/04\/02\/humildade-e-fe-a-cura-que-vem-da-vontade-divina\/#breadcrumb","itemListElement":[{"@type":"ListItem","position":1,"name":"Home","item":"https:\/\/salmosbiblicos.com.br\/"},{"@type":"ListItem","position":2,"name":"Humildade e F\u00e9: A Cura que Vem da Vontade Divina"}]},{"@type":"WebSite","@id":"https:\/\/salmosbiblicos.com.br\/#website","url":"https:\/\/salmosbiblicos.com.br\/","name":"Salmos B\u00edblicos","description":"Uma e-Livraria com e-Books novos para voc\u00ea refletir.","potentialAction":[{"@type":"SearchAction","target":{"@type":"EntryPoint","urlTemplate":"https:\/\/salmosbiblicos.com.br\/?s={search_term_string}"},"query-input":{"@type":"PropertyValueSpecification","valueRequired":true,"valueName":"search_term_string"}}],"inLanguage":"pt-BR"},{"@type":"Person","@id":"https:\/\/salmosbiblicos.com.br\/#\/schema\/person\/30586d0fb3f3a46b78a3414fc39cc975","name":"alextreh@gmail.com","image":{"@type":"ImageObject","inLanguage":"pt-BR","@id":"https:\/\/secure.gravatar.com\/avatar\/7cf84d31f581ec97b887c1039d478a7c293086896c84951a86753fb2c2af7527?s=96&d=mm&r=g","url":"https:\/\/secure.gravatar.com\/avatar\/7cf84d31f581ec97b887c1039d478a7c293086896c84951a86753fb2c2af7527?s=96&d=mm&r=g","contentUrl":"https:\/\/secure.gravatar.com\/avatar\/7cf84d31f581ec97b887c1039d478a7c293086896c84951a86753fb2c2af7527?s=96&d=mm&r=g","caption":"alextreh@gmail.com"},"sameAs":["http:\/\/salmosbiblicos.com.br"],"url":"https:\/\/salmosbiblicos.com.br\/index.php\/author\/alextrehgmail-com\/"}]}},"_links":{"self":[{"href":"https:\/\/salmosbiblicos.com.br\/index.php\/wp-json\/wp\/v2\/posts\/6468","targetHints":{"allow":["GET"]}}],"collection":[{"href":"https:\/\/salmosbiblicos.com.br\/index.php\/wp-json\/wp\/v2\/posts"}],"about":[{"href":"https:\/\/salmosbiblicos.com.br\/index.php\/wp-json\/wp\/v2\/types\/post"}],"author":[{"embeddable":true,"href":"https:\/\/salmosbiblicos.com.br\/index.php\/wp-json\/wp\/v2\/users\/1"}],"replies":[{"embeddable":true,"href":"https:\/\/salmosbiblicos.com.br\/index.php\/wp-json\/wp\/v2\/comments?post=6468"}],"version-history":[{"count":1,"href":"https:\/\/salmosbiblicos.com.br\/index.php\/wp-json\/wp\/v2\/posts\/6468\/revisions"}],"predecessor-version":[{"id":6469,"href":"https:\/\/salmosbiblicos.com.br\/index.php\/wp-json\/wp\/v2\/posts\/6468\/revisions\/6469"}],"wp:attachment":[{"href":"https:\/\/salmosbiblicos.com.br\/index.php\/wp-json\/wp\/v2\/media?parent=6468"}],"wp:term":[{"taxonomy":"category","embeddable":true,"href":"https:\/\/salmosbiblicos.com.br\/index.php\/wp-json\/wp\/v2\/categories?post=6468"},{"taxonomy":"post_tag","embeddable":true,"href":"https:\/\/salmosbiblicos.com.br\/index.php\/wp-json\/wp\/v2\/tags?post=6468"}],"curies":[{"name":"wp","href":"https:\/\/api.w.org\/{rel}","templated":true}]}}