{"id":6480,"date":"2026-04-02T17:13:41","date_gmt":"2026-04-02T20:13:41","guid":{"rendered":"https:\/\/salmosbiblicos.com.br\/?p=6480"},"modified":"2026-04-02T17:13:41","modified_gmt":"2026-04-02T20:13:41","slug":"corpo-de-cristo-reflexoes-sobre-a-vida-eterna-e-a-eucaristia","status":"publish","type":"post","link":"https:\/\/salmosbiblicos.com.br\/index.php\/2026\/04\/02\/corpo-de-cristo-reflexoes-sobre-a-vida-eterna-e-a-eucaristia\/","title":{"rendered":"Corpo de Cristo: Reflex\u00f5es sobre a Vida Eterna e a Eucaristia"},"content":{"rendered":"<p>## O P\u00e3o da Vida Eterna: Uma Reflex\u00e3o sobre o Corpo de Cristo<\/p>\n<p>Em um dia especial, dedicado \u00e0 mem\u00f3ria do Corpo de Cristo, somos convidados a contemplar uma verdade profunda e transformadora. O Evangelho nos revela as palavras de Jesus: &#8220;Eu sou o P\u00e3o vivo, que descido do c\u00e9u; se algu\u00e9m comer deste P\u00e3o, viver\u00e1 eternamente.&#8221;<\/p>\n<p>Essas palavras ecoam atrav\u00e9s dos s\u00e9culos, desafiando nossa compreens\u00e3o e convidando-nos a um mergulho no mist\u00e9rio da f\u00e9. Jesus se oferece como alimento, como sustento para a nossa jornada.<\/p>\n<p>### A Profundidade do Mist\u00e9rio<\/p>\n<p>A rea\u00e7\u00e3o daqueles que ouviam Jesus era de espanto e incompreens\u00e3o. \u201cComo pode ele dar a sua carne a comer?\u201d Perguntavam, incapazes de conceber a profundidade do que Ele estava revelando. Jesus, com clareza, declara: \u201cSe n\u00e3o comerdes a carne do Filho do homem e n\u00e3o beberdes do seu sangue, n\u00e3o tereis vida em v\u00f3s.\u201d<\/p>\n<p>N\u00e3o se trata de um alimento material, um mero sustento para o corpo. \u00c9 um alimento espiritual, a pr\u00f3pria carne e o pr\u00f3prio sangue de Cristo, oferecidos como dom para a vida eterna.<\/p>\n<p>### O Poder da Uni\u00e3o<\/p>\n<p>Ao recebermos a Eucaristia, ao nos alimentarmos do Corpo e do Sangue de Cristo, somos unidos a Ele de maneira \u00edntima e profunda. Permanecemos nele e Ele permanece em n\u00f3s. Esta \u00e9 a comunh\u00e3o perfeita, o alimento que nos sustenta na jornada da f\u00e9.<\/p>\n<p>O P\u00e3o que descende do c\u00e9u n\u00e3o \u00e9 como o alimento que nossos pais comeram, que os conduziu \u00e0 morte. Este P\u00e3o nos oferece a vida eterna, a promessa de uma exist\u00eancia plena e abundante em Cristo.<\/p>\n<p>### A Urg\u00eancia da Convers\u00e3o<\/p>\n<p>A Eucaristia \u00e9 um convite \u00e0 transforma\u00e7\u00e3o. \u00c9 um chamado \u00e0 convers\u00e3o, a uma vida alinhada com os ensinamentos de Cristo. Aquele que n\u00e3o se alimenta deste P\u00e3o, aquele que n\u00e3o se une a Cristo, corre o risco de permanecer espiritualmente faminto, distante da fonte da vida.<\/p>\n<p>\u00c9 um lembrete de que a nossa for\u00e7a, a nossa esperan\u00e7a, a nossa vida est\u00e3o intimamente ligadas \u00e0 presen\u00e7a real de Cristo em n\u00f3s.<\/p>\n<p>### A Comunh\u00e3o e a Limpeza do Cora\u00e7\u00e3o<\/p>\n<p>A vontade do Senhor \u00e9 que todos se aproximem da mesa da Eucaristia, que todos se alimentem do P\u00e3o da Vida. Mas essa participa\u00e7\u00e3o exige um cora\u00e7\u00e3o limpo, livre de pecados graves, de arrependimentos n\u00e3o manifestados.<\/p>\n<p>Se carregamos em n\u00f3s o peso de um pecado mortal, se nos recusamos a abandonar o caminho do erro, a Eucaristia se torna para n\u00f3s um fardo, uma barreira \u00e0 gra\u00e7a divina.<\/p>\n<p>### Um Chamado \u00e0 Adora\u00e7\u00e3o e ao Amor<\/p>\n<p>Neste dia especial, somos convidados a renovar a nossa adora\u00e7\u00e3o ao Sant\u00edssimo Sacramento, a contemplar com rever\u00eancia o mist\u00e9rio do Corpo de Cristo. E mais do que isso, somos chamados a nos inspirar nos exemplos daqueles que, diante de escolhas dif\u00edceis, preferiram Jesus acima de tudo.<\/p>\n<p>Que possamos, cada vez mais, nutrir a nossa alma com o P\u00e3o da Vida, buscando a santidade e vivendo em plena comunh\u00e3o com Cristo. Que a nossa vida seja uma resposta de amor e gratid\u00e3o ao sacrif\u00edcio redentor do Senhor.<\/p>\n<p>Que a gra\u00e7a deste dia nos fortale\u00e7a e nos conduza ao caminho da salva\u00e7\u00e3o.<\/p>\n","protected":false},"excerpt":{"rendered":"<p>## O P\u00e3o da Vida Eterna: Uma Reflex\u00e3o sobre o Corpo de Cristo Em um dia especial, dedicado \u00e0 mem\u00f3ria do Corpo de Cristo, somos convidados a contemplar uma verdade profunda e transformadora. O Evangelho nos revela as palavras de Jesus: &#8220;Eu sou o P\u00e3o vivo, que descido do c\u00e9u; se algu\u00e9m comer deste P\u00e3o, [&hellip;]<\/p>\n","protected":false},"author":1,"featured_media":0,"comment_status":"closed","ping_status":"open","sticky":false,"template":"","format":"standard","meta":{"footnotes":""},"categories":[14],"tags":[],"class_list":["post-6480","post","type-post","status-publish","format-standard","hentry","category-reflexao"],"yoast_head":"<!-- This site is optimized with the Yoast SEO plugin v27.2 - https:\/\/yoast.com\/product\/yoast-seo-wordpress\/ -->\n<title>Corpo de Cristo: Reflex\u00f5es sobre a Vida Eterna e a Eucaristia - Salmos B\u00edblicos<\/title>\n<meta name=\"robots\" content=\"index, follow, max-snippet:-1, max-image-preview:large, max-video-preview:-1\" \/>\n<link rel=\"canonical\" href=\"https:\/\/salmosbiblicos.com.br\/index.php\/2026\/04\/02\/corpo-de-cristo-reflexoes-sobre-a-vida-eterna-e-a-eucaristia\/\" \/>\n<meta property=\"og:locale\" content=\"pt_BR\" \/>\n<meta property=\"og:type\" content=\"article\" \/>\n<meta property=\"og:title\" content=\"Corpo de Cristo: Reflex\u00f5es sobre a Vida Eterna e a Eucaristia - Salmos B\u00edblicos\" \/>\n<meta property=\"og:description\" content=\"## O P\u00e3o da Vida Eterna: Uma Reflex\u00e3o sobre o Corpo de Cristo Em um dia especial, dedicado \u00e0 mem\u00f3ria do Corpo de Cristo, somos convidados a contemplar uma verdade profunda e transformadora. O Evangelho nos revela as palavras de Jesus: &#8220;Eu sou o P\u00e3o vivo, que descido do c\u00e9u; se algu\u00e9m comer deste P\u00e3o, [&hellip;]\" \/>\n<meta property=\"og:url\" content=\"https:\/\/salmosbiblicos.com.br\/index.php\/2026\/04\/02\/corpo-de-cristo-reflexoes-sobre-a-vida-eterna-e-a-eucaristia\/\" \/>\n<meta property=\"og:site_name\" content=\"Salmos B\u00edblicos\" \/>\n<meta property=\"article:published_time\" content=\"2026-04-02T20:13:41+00:00\" \/>\n<meta name=\"author\" content=\"alextreh@gmail.com\" \/>\n<meta name=\"twitter:card\" content=\"summary_large_image\" \/>\n<meta name=\"twitter:label1\" content=\"Escrito por\" \/>\n\t<meta name=\"twitter:data1\" content=\"alextreh@gmail.com\" \/>\n\t<meta name=\"twitter:label2\" content=\"Est. tempo de leitura\" \/>\n\t<meta name=\"twitter:data2\" content=\"3 minutos\" \/>\n<script type=\"application\/ld+json\" class=\"yoast-schema-graph\">{\"@context\":\"https:\/\/schema.org\",\"@graph\":[{\"@type\":\"Article\",\"@id\":\"https:\/\/salmosbiblicos.com.br\/index.php\/2026\/04\/02\/corpo-de-cristo-reflexoes-sobre-a-vida-eterna-e-a-eucaristia\/#article\",\"isPartOf\":{\"@id\":\"https:\/\/salmosbiblicos.com.br\/index.php\/2026\/04\/02\/corpo-de-cristo-reflexoes-sobre-a-vida-eterna-e-a-eucaristia\/\"},\"author\":{\"name\":\"alextreh@gmail.com\",\"@id\":\"https:\/\/salmosbiblicos.com.br\/#\/schema\/person\/30586d0fb3f3a46b78a3414fc39cc975\"},\"headline\":\"Corpo de Cristo: Reflex\u00f5es sobre a Vida Eterna e a Eucaristia\",\"datePublished\":\"2026-04-02T20:13:41+00:00\",\"mainEntityOfPage\":{\"@id\":\"https:\/\/salmosbiblicos.com.br\/index.php\/2026\/04\/02\/corpo-de-cristo-reflexoes-sobre-a-vida-eterna-e-a-eucaristia\/\"},\"wordCount\":580,\"articleSection\":[\"Reflex\u00e3o\"],\"inLanguage\":\"pt-BR\"},{\"@type\":\"WebPage\",\"@id\":\"https:\/\/salmosbiblicos.com.br\/index.php\/2026\/04\/02\/corpo-de-cristo-reflexoes-sobre-a-vida-eterna-e-a-eucaristia\/\",\"url\":\"https:\/\/salmosbiblicos.com.br\/index.php\/2026\/04\/02\/corpo-de-cristo-reflexoes-sobre-a-vida-eterna-e-a-eucaristia\/\",\"name\":\"Corpo de Cristo: Reflex\u00f5es sobre a Vida Eterna e a Eucaristia - Salmos B\u00edblicos\",\"isPartOf\":{\"@id\":\"https:\/\/salmosbiblicos.com.br\/#website\"},\"datePublished\":\"2026-04-02T20:13:41+00:00\",\"author\":{\"@id\":\"https:\/\/salmosbiblicos.com.br\/#\/schema\/person\/30586d0fb3f3a46b78a3414fc39cc975\"},\"breadcrumb\":{\"@id\":\"https:\/\/salmosbiblicos.com.br\/index.php\/2026\/04\/02\/corpo-de-cristo-reflexoes-sobre-a-vida-eterna-e-a-eucaristia\/#breadcrumb\"},\"inLanguage\":\"pt-BR\",\"potentialAction\":[{\"@type\":\"ReadAction\",\"target\":[\"https:\/\/salmosbiblicos.com.br\/index.php\/2026\/04\/02\/corpo-de-cristo-reflexoes-sobre-a-vida-eterna-e-a-eucaristia\/\"]}]},{\"@type\":\"BreadcrumbList\",\"@id\":\"https:\/\/salmosbiblicos.com.br\/index.php\/2026\/04\/02\/corpo-de-cristo-reflexoes-sobre-a-vida-eterna-e-a-eucaristia\/#breadcrumb\",\"itemListElement\":[{\"@type\":\"ListItem\",\"position\":1,\"name\":\"Home\",\"item\":\"https:\/\/salmosbiblicos.com.br\/\"},{\"@type\":\"ListItem\",\"position\":2,\"name\":\"Corpo de Cristo: Reflex\u00f5es sobre a Vida Eterna e a Eucaristia\"}]},{\"@type\":\"WebSite\",\"@id\":\"https:\/\/salmosbiblicos.com.br\/#website\",\"url\":\"https:\/\/salmosbiblicos.com.br\/\",\"name\":\"Salmos B\u00edblicos\",\"description\":\"Uma e-Livraria com e-Books novos para voc\u00ea refletir.\",\"potentialAction\":[{\"@type\":\"SearchAction\",\"target\":{\"@type\":\"EntryPoint\",\"urlTemplate\":\"https:\/\/salmosbiblicos.com.br\/?s={search_term_string}\"},\"query-input\":{\"@type\":\"PropertyValueSpecification\",\"valueRequired\":true,\"valueName\":\"search_term_string\"}}],\"inLanguage\":\"pt-BR\"},{\"@type\":\"Person\",\"@id\":\"https:\/\/salmosbiblicos.com.br\/#\/schema\/person\/30586d0fb3f3a46b78a3414fc39cc975\",\"name\":\"alextreh@gmail.com\",\"image\":{\"@type\":\"ImageObject\",\"inLanguage\":\"pt-BR\",\"@id\":\"https:\/\/secure.gravatar.com\/avatar\/7cf84d31f581ec97b887c1039d478a7c293086896c84951a86753fb2c2af7527?s=96&d=mm&r=g\",\"url\":\"https:\/\/secure.gravatar.com\/avatar\/7cf84d31f581ec97b887c1039d478a7c293086896c84951a86753fb2c2af7527?s=96&d=mm&r=g\",\"contentUrl\":\"https:\/\/secure.gravatar.com\/avatar\/7cf84d31f581ec97b887c1039d478a7c293086896c84951a86753fb2c2af7527?s=96&d=mm&r=g\",\"caption\":\"alextreh@gmail.com\"},\"sameAs\":[\"http:\/\/salmosbiblicos.com.br\"],\"url\":\"https:\/\/salmosbiblicos.com.br\/index.php\/author\/alextrehgmail-com\/\"}]}<\/script>\n<!-- \/ Yoast SEO plugin. -->","yoast_head_json":{"title":"Corpo de Cristo: Reflex\u00f5es sobre a Vida Eterna e a Eucaristia - Salmos B\u00edblicos","robots":{"index":"index","follow":"follow","max-snippet":"max-snippet:-1","max-image-preview":"max-image-preview:large","max-video-preview":"max-video-preview:-1"},"canonical":"https:\/\/salmosbiblicos.com.br\/index.php\/2026\/04\/02\/corpo-de-cristo-reflexoes-sobre-a-vida-eterna-e-a-eucaristia\/","og_locale":"pt_BR","og_type":"article","og_title":"Corpo de Cristo: Reflex\u00f5es sobre a Vida Eterna e a Eucaristia - Salmos B\u00edblicos","og_description":"## O P\u00e3o da Vida Eterna: Uma Reflex\u00e3o sobre o Corpo de Cristo Em um dia especial, dedicado \u00e0 mem\u00f3ria do Corpo de Cristo, somos convidados a contemplar uma verdade profunda e transformadora. O Evangelho nos revela as palavras de Jesus: &#8220;Eu sou o P\u00e3o vivo, que descido do c\u00e9u; se algu\u00e9m comer deste P\u00e3o, [&hellip;]","og_url":"https:\/\/salmosbiblicos.com.br\/index.php\/2026\/04\/02\/corpo-de-cristo-reflexoes-sobre-a-vida-eterna-e-a-eucaristia\/","og_site_name":"Salmos B\u00edblicos","article_published_time":"2026-04-02T20:13:41+00:00","author":"alextreh@gmail.com","twitter_card":"summary_large_image","twitter_misc":{"Escrito por":"alextreh@gmail.com","Est. tempo de leitura":"3 minutos"},"schema":{"@context":"https:\/\/schema.org","@graph":[{"@type":"Article","@id":"https:\/\/salmosbiblicos.com.br\/index.php\/2026\/04\/02\/corpo-de-cristo-reflexoes-sobre-a-vida-eterna-e-a-eucaristia\/#article","isPartOf":{"@id":"https:\/\/salmosbiblicos.com.br\/index.php\/2026\/04\/02\/corpo-de-cristo-reflexoes-sobre-a-vida-eterna-e-a-eucaristia\/"},"author":{"name":"alextreh@gmail.com","@id":"https:\/\/salmosbiblicos.com.br\/#\/schema\/person\/30586d0fb3f3a46b78a3414fc39cc975"},"headline":"Corpo de Cristo: Reflex\u00f5es sobre a Vida Eterna e a Eucaristia","datePublished":"2026-04-02T20:13:41+00:00","mainEntityOfPage":{"@id":"https:\/\/salmosbiblicos.com.br\/index.php\/2026\/04\/02\/corpo-de-cristo-reflexoes-sobre-a-vida-eterna-e-a-eucaristia\/"},"wordCount":580,"articleSection":["Reflex\u00e3o"],"inLanguage":"pt-BR"},{"@type":"WebPage","@id":"https:\/\/salmosbiblicos.com.br\/index.php\/2026\/04\/02\/corpo-de-cristo-reflexoes-sobre-a-vida-eterna-e-a-eucaristia\/","url":"https:\/\/salmosbiblicos.com.br\/index.php\/2026\/04\/02\/corpo-de-cristo-reflexoes-sobre-a-vida-eterna-e-a-eucaristia\/","name":"Corpo de Cristo: Reflex\u00f5es sobre a Vida Eterna e a Eucaristia - Salmos B\u00edblicos","isPartOf":{"@id":"https:\/\/salmosbiblicos.com.br\/#website"},"datePublished":"2026-04-02T20:13:41+00:00","author":{"@id":"https:\/\/salmosbiblicos.com.br\/#\/schema\/person\/30586d0fb3f3a46b78a3414fc39cc975"},"breadcrumb":{"@id":"https:\/\/salmosbiblicos.com.br\/index.php\/2026\/04\/02\/corpo-de-cristo-reflexoes-sobre-a-vida-eterna-e-a-eucaristia\/#breadcrumb"},"inLanguage":"pt-BR","potentialAction":[{"@type":"ReadAction","target":["https:\/\/salmosbiblicos.com.br\/index.php\/2026\/04\/02\/corpo-de-cristo-reflexoes-sobre-a-vida-eterna-e-a-eucaristia\/"]}]},{"@type":"BreadcrumbList","@id":"https:\/\/salmosbiblicos.com.br\/index.php\/2026\/04\/02\/corpo-de-cristo-reflexoes-sobre-a-vida-eterna-e-a-eucaristia\/#breadcrumb","itemListElement":[{"@type":"ListItem","position":1,"name":"Home","item":"https:\/\/salmosbiblicos.com.br\/"},{"@type":"ListItem","position":2,"name":"Corpo de Cristo: Reflex\u00f5es sobre a Vida Eterna e a Eucaristia"}]},{"@type":"WebSite","@id":"https:\/\/salmosbiblicos.com.br\/#website","url":"https:\/\/salmosbiblicos.com.br\/","name":"Salmos B\u00edblicos","description":"Uma e-Livraria com e-Books novos para voc\u00ea refletir.","potentialAction":[{"@type":"SearchAction","target":{"@type":"EntryPoint","urlTemplate":"https:\/\/salmosbiblicos.com.br\/?s={search_term_string}"},"query-input":{"@type":"PropertyValueSpecification","valueRequired":true,"valueName":"search_term_string"}}],"inLanguage":"pt-BR"},{"@type":"Person","@id":"https:\/\/salmosbiblicos.com.br\/#\/schema\/person\/30586d0fb3f3a46b78a3414fc39cc975","name":"alextreh@gmail.com","image":{"@type":"ImageObject","inLanguage":"pt-BR","@id":"https:\/\/secure.gravatar.com\/avatar\/7cf84d31f581ec97b887c1039d478a7c293086896c84951a86753fb2c2af7527?s=96&d=mm&r=g","url":"https:\/\/secure.gravatar.com\/avatar\/7cf84d31f581ec97b887c1039d478a7c293086896c84951a86753fb2c2af7527?s=96&d=mm&r=g","contentUrl":"https:\/\/secure.gravatar.com\/avatar\/7cf84d31f581ec97b887c1039d478a7c293086896c84951a86753fb2c2af7527?s=96&d=mm&r=g","caption":"alextreh@gmail.com"},"sameAs":["http:\/\/salmosbiblicos.com.br"],"url":"https:\/\/salmosbiblicos.com.br\/index.php\/author\/alextrehgmail-com\/"}]}},"_links":{"self":[{"href":"https:\/\/salmosbiblicos.com.br\/index.php\/wp-json\/wp\/v2\/posts\/6480","targetHints":{"allow":["GET"]}}],"collection":[{"href":"https:\/\/salmosbiblicos.com.br\/index.php\/wp-json\/wp\/v2\/posts"}],"about":[{"href":"https:\/\/salmosbiblicos.com.br\/index.php\/wp-json\/wp\/v2\/types\/post"}],"author":[{"embeddable":true,"href":"https:\/\/salmosbiblicos.com.br\/index.php\/wp-json\/wp\/v2\/users\/1"}],"replies":[{"embeddable":true,"href":"https:\/\/salmosbiblicos.com.br\/index.php\/wp-json\/wp\/v2\/comments?post=6480"}],"version-history":[{"count":1,"href":"https:\/\/salmosbiblicos.com.br\/index.php\/wp-json\/wp\/v2\/posts\/6480\/revisions"}],"predecessor-version":[{"id":6481,"href":"https:\/\/salmosbiblicos.com.br\/index.php\/wp-json\/wp\/v2\/posts\/6480\/revisions\/6481"}],"wp:attachment":[{"href":"https:\/\/salmosbiblicos.com.br\/index.php\/wp-json\/wp\/v2\/media?parent=6480"}],"wp:term":[{"taxonomy":"category","embeddable":true,"href":"https:\/\/salmosbiblicos.com.br\/index.php\/wp-json\/wp\/v2\/categories?post=6480"},{"taxonomy":"post_tag","embeddable":true,"href":"https:\/\/salmosbiblicos.com.br\/index.php\/wp-json\/wp\/v2\/tags?post=6480"}],"curies":[{"name":"wp","href":"https:\/\/api.w.org\/{rel}","templated":true}]}}