{"id":6496,"date":"2026-04-02T18:09:55","date_gmt":"2026-04-02T21:09:55","guid":{"rendered":"https:\/\/salmosbiblicos.com.br\/?p=6496"},"modified":"2026-04-02T18:09:55","modified_gmt":"2026-04-02T21:09:55","slug":"pentecostes-o-espirito-santo-e-a-forca-que-transforma-vidas","status":"publish","type":"post","link":"https:\/\/salmosbiblicos.com.br\/index.php\/2026\/04\/02\/pentecostes-o-espirito-santo-e-a-forca-que-transforma-vidas\/","title":{"rendered":"Pentecostes: O Esp\u00edrito Santo e a For\u00e7a que Transforma Vidas"},"content":{"rendered":"<p>## O Dom do Esp\u00edrito: Uma Fonte de Luz e For\u00e7a<\/p>\n<p>\u00c9 um momento singular, um instante que ressoa atrav\u00e9s dos s\u00e9culos. Imaginemos uma comunidade unida, aguardando, na expectativa de algo grandioso. E ent\u00e3o, o c\u00e9u se abre, um fen\u00f4meno que transcende a compreens\u00e3o humana, um som como o de um vento poderoso e l\u00ednguas de fogo que descem para tocar cada cora\u00e7\u00e3o.<\/p>\n<p>### O Pentecostes: Um Novo Come\u00e7o<\/p>\n<p>Este evento, celebrado em Pentecostes, \u00e9 mais do que um relato hist\u00f3rico. \u00c9 uma promessa renovada, um convite \u00e0 transforma\u00e7\u00e3o. Aqueles que se reuniram, outrora temerosos e hesitantes, foram repentinamente inundados por uma for\u00e7a inesgot\u00e1vel, a capacidade de se comunicar em todas as l\u00ednguas, transmitindo a mensagem divina a pessoas de diversas origens. Judeus, Partos, M\u00e8des, Elamitas, habitantes da Mesopot\u00e2mia, da Judeia, da Capad\u00f3cia, do Ponto e da \u00c1sia, da Frigia, da Pamf\u00edlia, do Egito, da \u00c1frica romana, da Prov\u00edncia da \u00c1sia, da Partida e da L\u00edbia, at\u00e9 mesmo romanos, judeus e pros\u00e9litos, todos ouviram a mensagem em sua pr\u00f3pria l\u00edngua, testemunhando as maravilhas de Deus.<\/p>\n<p>### A Ess\u00eancia Divina<\/p>\n<p>Compreender este dia exige que penetremos na sua ess\u00eancia. O Esp\u00edrito Santo n\u00e3o \u00e9 uma simples energia, mas a pr\u00f3pria presen\u00e7a de Deus em nosso meio, a **alma da comunidade**. \u00c9 a for\u00e7a que nos impulsiona, a luz que dissipa a escurid\u00e3o em nossos cora\u00e7\u00f5es. \u00c9 a m\u00e3o que nos levanta quando vacilamos, o al\u00edvio que nos oferece quando a tristeza nos domina. <\/p>\n<p>*   Ele \u00e9 a for\u00e7a que nos capacita a superar nossas limita\u00e7\u00f5es.<br \/>*   Ele \u00e9 o consolo em meio \u00e0 tribula\u00e7\u00e3o.<br \/>*   Ele \u00e9 a luz que ilumina o caminho quando a escurid\u00e3o nos cerca.<\/p>\n<p>### A Humildade e a Necessidade<\/p>\n<p>O Esp\u00edrito Santo n\u00e3o se manifesta em cora\u00e7\u00f5es orgulhosos ou naqueles que se consideram autossuficientes. Ele escolhe os humildes, aqueles que reconhecem a sua necessidade de Deus, os **pobres de esp\u00edrito**. \u00c9 a fome por algo maior, por uma conex\u00e3o transcendente, que abre as portas para a gra\u00e7a divina.<\/p>\n<p>### Os Dons do Esp\u00edrito: Um Presente Inestim\u00e1vel<\/p>\n<p>Precisamos dos dons do Esp\u00edrito Santo para trilhar o caminho da f\u00e9. Sem eles, nossas capacidades humanas s\u00e3o insuficientes para enfrentar os desafios da vida. Eles nos oferecem:<\/p>\n<p>*   **Consolo:** Para acalmar a alma perturbada.<br \/>*   **Calma:** Para encontrar a serenidade em meio ao caos.<br \/>*   **Al\u00edvio:** Para suportar os fardos da vida.<br \/>*   **Refrescamento:** Para renovar as energias.<br \/>*   **Ilumina\u00e7\u00e3o:** Para clarear o caminho na escurid\u00e3o.<br \/>*   **Aquece:** Para aquecer o cora\u00e7\u00e3o frio.<br \/>*   **For\u00e7a:** Para superar as dificuldades.<\/p>\n<p>### A Promessa de uma Santa Morte e da Alegria Eterna<\/p>\n<p>O Esp\u00edrito Santo nos prepara para uma boa morte, um retorno \u00e0 presen\u00e7a divina. Ele nos capacita a viver uma vida que se aproxima da perfei\u00e7\u00e3o, uma vida que nos conduz \u00e0 alegria eterna.<\/p>\n<p>A verdade \u00e9 clara: **sem o Esp\u00edrito Santo, o homem n\u00e3o pode fazer nada de bom**. \u00c9 Ele que nos capacita, que nos unge, que nos transforma. Que neste dia, e em todos os dias, possamos abrir nossos cora\u00e7\u00f5es \u00e0 gra\u00e7a divina, permitindo que o Esp\u00edrito Santo nos guie e nos fortale\u00e7a.<\/p>\n","protected":false},"excerpt":{"rendered":"<p>## O Dom do Esp\u00edrito: Uma Fonte de Luz e For\u00e7a \u00c9 um momento singular, um instante que ressoa atrav\u00e9s dos s\u00e9culos. Imaginemos uma comunidade unida, aguardando, na expectativa de algo grandioso. E ent\u00e3o, o c\u00e9u se abre, um fen\u00f4meno que transcende a compreens\u00e3o humana, um som como o de um vento poderoso e l\u00ednguas [&hellip;]<\/p>\n","protected":false},"author":1,"featured_media":0,"comment_status":"closed","ping_status":"open","sticky":false,"template":"","format":"standard","meta":{"footnotes":""},"categories":[14],"tags":[],"class_list":["post-6496","post","type-post","status-publish","format-standard","hentry","category-reflexao"],"yoast_head":"<!-- This site is optimized with the Yoast SEO plugin v27.2 - https:\/\/yoast.com\/product\/yoast-seo-wordpress\/ -->\n<title>Pentecostes: O Esp\u00edrito Santo e a For\u00e7a que Transforma Vidas - Salmos B\u00edblicos<\/title>\n<meta name=\"robots\" content=\"index, follow, max-snippet:-1, max-image-preview:large, max-video-preview:-1\" \/>\n<link rel=\"canonical\" href=\"https:\/\/salmosbiblicos.com.br\/index.php\/2026\/04\/02\/pentecostes-o-espirito-santo-e-a-forca-que-transforma-vidas\/\" \/>\n<meta property=\"og:locale\" content=\"pt_BR\" \/>\n<meta property=\"og:type\" content=\"article\" \/>\n<meta property=\"og:title\" content=\"Pentecostes: O Esp\u00edrito Santo e a For\u00e7a que Transforma Vidas - Salmos B\u00edblicos\" \/>\n<meta property=\"og:description\" content=\"## O Dom do Esp\u00edrito: Uma Fonte de Luz e For\u00e7a \u00c9 um momento singular, um instante que ressoa atrav\u00e9s dos s\u00e9culos. Imaginemos uma comunidade unida, aguardando, na expectativa de algo grandioso. E ent\u00e3o, o c\u00e9u se abre, um fen\u00f4meno que transcende a compreens\u00e3o humana, um som como o de um vento poderoso e l\u00ednguas [&hellip;]\" \/>\n<meta property=\"og:url\" content=\"https:\/\/salmosbiblicos.com.br\/index.php\/2026\/04\/02\/pentecostes-o-espirito-santo-e-a-forca-que-transforma-vidas\/\" \/>\n<meta property=\"og:site_name\" content=\"Salmos B\u00edblicos\" \/>\n<meta property=\"article:published_time\" content=\"2026-04-02T21:09:55+00:00\" \/>\n<meta name=\"author\" content=\"alextreh@gmail.com\" \/>\n<meta name=\"twitter:card\" content=\"summary_large_image\" \/>\n<meta name=\"twitter:label1\" content=\"Escrito por\" \/>\n\t<meta name=\"twitter:data1\" content=\"alextreh@gmail.com\" \/>\n\t<meta name=\"twitter:label2\" content=\"Est. tempo de leitura\" \/>\n\t<meta name=\"twitter:data2\" content=\"3 minutos\" \/>\n<script type=\"application\/ld+json\" class=\"yoast-schema-graph\">{\"@context\":\"https:\/\/schema.org\",\"@graph\":[{\"@type\":\"Article\",\"@id\":\"https:\/\/salmosbiblicos.com.br\/index.php\/2026\/04\/02\/pentecostes-o-espirito-santo-e-a-forca-que-transforma-vidas\/#article\",\"isPartOf\":{\"@id\":\"https:\/\/salmosbiblicos.com.br\/index.php\/2026\/04\/02\/pentecostes-o-espirito-santo-e-a-forca-que-transforma-vidas\/\"},\"author\":{\"name\":\"alextreh@gmail.com\",\"@id\":\"https:\/\/salmosbiblicos.com.br\/#\/schema\/person\/30586d0fb3f3a46b78a3414fc39cc975\"},\"headline\":\"Pentecostes: O Esp\u00edrito Santo e a For\u00e7a que Transforma Vidas\",\"datePublished\":\"2026-04-02T21:09:55+00:00\",\"mainEntityOfPage\":{\"@id\":\"https:\/\/salmosbiblicos.com.br\/index.php\/2026\/04\/02\/pentecostes-o-espirito-santo-e-a-forca-que-transforma-vidas\/\"},\"wordCount\":560,\"articleSection\":[\"Reflex\u00e3o\"],\"inLanguage\":\"pt-BR\"},{\"@type\":\"WebPage\",\"@id\":\"https:\/\/salmosbiblicos.com.br\/index.php\/2026\/04\/02\/pentecostes-o-espirito-santo-e-a-forca-que-transforma-vidas\/\",\"url\":\"https:\/\/salmosbiblicos.com.br\/index.php\/2026\/04\/02\/pentecostes-o-espirito-santo-e-a-forca-que-transforma-vidas\/\",\"name\":\"Pentecostes: O Esp\u00edrito Santo e a For\u00e7a que Transforma Vidas - Salmos B\u00edblicos\",\"isPartOf\":{\"@id\":\"https:\/\/salmosbiblicos.com.br\/#website\"},\"datePublished\":\"2026-04-02T21:09:55+00:00\",\"author\":{\"@id\":\"https:\/\/salmosbiblicos.com.br\/#\/schema\/person\/30586d0fb3f3a46b78a3414fc39cc975\"},\"breadcrumb\":{\"@id\":\"https:\/\/salmosbiblicos.com.br\/index.php\/2026\/04\/02\/pentecostes-o-espirito-santo-e-a-forca-que-transforma-vidas\/#breadcrumb\"},\"inLanguage\":\"pt-BR\",\"potentialAction\":[{\"@type\":\"ReadAction\",\"target\":[\"https:\/\/salmosbiblicos.com.br\/index.php\/2026\/04\/02\/pentecostes-o-espirito-santo-e-a-forca-que-transforma-vidas\/\"]}]},{\"@type\":\"BreadcrumbList\",\"@id\":\"https:\/\/salmosbiblicos.com.br\/index.php\/2026\/04\/02\/pentecostes-o-espirito-santo-e-a-forca-que-transforma-vidas\/#breadcrumb\",\"itemListElement\":[{\"@type\":\"ListItem\",\"position\":1,\"name\":\"Home\",\"item\":\"https:\/\/salmosbiblicos.com.br\/\"},{\"@type\":\"ListItem\",\"position\":2,\"name\":\"Pentecostes: O Esp\u00edrito Santo e a For\u00e7a que Transforma Vidas\"}]},{\"@type\":\"WebSite\",\"@id\":\"https:\/\/salmosbiblicos.com.br\/#website\",\"url\":\"https:\/\/salmosbiblicos.com.br\/\",\"name\":\"Salmos B\u00edblicos\",\"description\":\"Uma e-Livraria com e-Books novos para voc\u00ea refletir.\",\"potentialAction\":[{\"@type\":\"SearchAction\",\"target\":{\"@type\":\"EntryPoint\",\"urlTemplate\":\"https:\/\/salmosbiblicos.com.br\/?s={search_term_string}\"},\"query-input\":{\"@type\":\"PropertyValueSpecification\",\"valueRequired\":true,\"valueName\":\"search_term_string\"}}],\"inLanguage\":\"pt-BR\"},{\"@type\":\"Person\",\"@id\":\"https:\/\/salmosbiblicos.com.br\/#\/schema\/person\/30586d0fb3f3a46b78a3414fc39cc975\",\"name\":\"alextreh@gmail.com\",\"image\":{\"@type\":\"ImageObject\",\"inLanguage\":\"pt-BR\",\"@id\":\"https:\/\/secure.gravatar.com\/avatar\/7cf84d31f581ec97b887c1039d478a7c293086896c84951a86753fb2c2af7527?s=96&d=mm&r=g\",\"url\":\"https:\/\/secure.gravatar.com\/avatar\/7cf84d31f581ec97b887c1039d478a7c293086896c84951a86753fb2c2af7527?s=96&d=mm&r=g\",\"contentUrl\":\"https:\/\/secure.gravatar.com\/avatar\/7cf84d31f581ec97b887c1039d478a7c293086896c84951a86753fb2c2af7527?s=96&d=mm&r=g\",\"caption\":\"alextreh@gmail.com\"},\"sameAs\":[\"http:\/\/salmosbiblicos.com.br\"],\"url\":\"https:\/\/salmosbiblicos.com.br\/index.php\/author\/alextrehgmail-com\/\"}]}<\/script>\n<!-- \/ Yoast SEO plugin. -->","yoast_head_json":{"title":"Pentecostes: O Esp\u00edrito Santo e a For\u00e7a que Transforma Vidas - Salmos B\u00edblicos","robots":{"index":"index","follow":"follow","max-snippet":"max-snippet:-1","max-image-preview":"max-image-preview:large","max-video-preview":"max-video-preview:-1"},"canonical":"https:\/\/salmosbiblicos.com.br\/index.php\/2026\/04\/02\/pentecostes-o-espirito-santo-e-a-forca-que-transforma-vidas\/","og_locale":"pt_BR","og_type":"article","og_title":"Pentecostes: O Esp\u00edrito Santo e a For\u00e7a que Transforma Vidas - Salmos B\u00edblicos","og_description":"## O Dom do Esp\u00edrito: Uma Fonte de Luz e For\u00e7a \u00c9 um momento singular, um instante que ressoa atrav\u00e9s dos s\u00e9culos. Imaginemos uma comunidade unida, aguardando, na expectativa de algo grandioso. E ent\u00e3o, o c\u00e9u se abre, um fen\u00f4meno que transcende a compreens\u00e3o humana, um som como o de um vento poderoso e l\u00ednguas [&hellip;]","og_url":"https:\/\/salmosbiblicos.com.br\/index.php\/2026\/04\/02\/pentecostes-o-espirito-santo-e-a-forca-que-transforma-vidas\/","og_site_name":"Salmos B\u00edblicos","article_published_time":"2026-04-02T21:09:55+00:00","author":"alextreh@gmail.com","twitter_card":"summary_large_image","twitter_misc":{"Escrito por":"alextreh@gmail.com","Est. tempo de leitura":"3 minutos"},"schema":{"@context":"https:\/\/schema.org","@graph":[{"@type":"Article","@id":"https:\/\/salmosbiblicos.com.br\/index.php\/2026\/04\/02\/pentecostes-o-espirito-santo-e-a-forca-que-transforma-vidas\/#article","isPartOf":{"@id":"https:\/\/salmosbiblicos.com.br\/index.php\/2026\/04\/02\/pentecostes-o-espirito-santo-e-a-forca-que-transforma-vidas\/"},"author":{"name":"alextreh@gmail.com","@id":"https:\/\/salmosbiblicos.com.br\/#\/schema\/person\/30586d0fb3f3a46b78a3414fc39cc975"},"headline":"Pentecostes: O Esp\u00edrito Santo e a For\u00e7a que Transforma Vidas","datePublished":"2026-04-02T21:09:55+00:00","mainEntityOfPage":{"@id":"https:\/\/salmosbiblicos.com.br\/index.php\/2026\/04\/02\/pentecostes-o-espirito-santo-e-a-forca-que-transforma-vidas\/"},"wordCount":560,"articleSection":["Reflex\u00e3o"],"inLanguage":"pt-BR"},{"@type":"WebPage","@id":"https:\/\/salmosbiblicos.com.br\/index.php\/2026\/04\/02\/pentecostes-o-espirito-santo-e-a-forca-que-transforma-vidas\/","url":"https:\/\/salmosbiblicos.com.br\/index.php\/2026\/04\/02\/pentecostes-o-espirito-santo-e-a-forca-que-transforma-vidas\/","name":"Pentecostes: O Esp\u00edrito Santo e a For\u00e7a que Transforma Vidas - Salmos B\u00edblicos","isPartOf":{"@id":"https:\/\/salmosbiblicos.com.br\/#website"},"datePublished":"2026-04-02T21:09:55+00:00","author":{"@id":"https:\/\/salmosbiblicos.com.br\/#\/schema\/person\/30586d0fb3f3a46b78a3414fc39cc975"},"breadcrumb":{"@id":"https:\/\/salmosbiblicos.com.br\/index.php\/2026\/04\/02\/pentecostes-o-espirito-santo-e-a-forca-que-transforma-vidas\/#breadcrumb"},"inLanguage":"pt-BR","potentialAction":[{"@type":"ReadAction","target":["https:\/\/salmosbiblicos.com.br\/index.php\/2026\/04\/02\/pentecostes-o-espirito-santo-e-a-forca-que-transforma-vidas\/"]}]},{"@type":"BreadcrumbList","@id":"https:\/\/salmosbiblicos.com.br\/index.php\/2026\/04\/02\/pentecostes-o-espirito-santo-e-a-forca-que-transforma-vidas\/#breadcrumb","itemListElement":[{"@type":"ListItem","position":1,"name":"Home","item":"https:\/\/salmosbiblicos.com.br\/"},{"@type":"ListItem","position":2,"name":"Pentecostes: O Esp\u00edrito Santo e a For\u00e7a que Transforma Vidas"}]},{"@type":"WebSite","@id":"https:\/\/salmosbiblicos.com.br\/#website","url":"https:\/\/salmosbiblicos.com.br\/","name":"Salmos B\u00edblicos","description":"Uma e-Livraria com e-Books novos para voc\u00ea refletir.","potentialAction":[{"@type":"SearchAction","target":{"@type":"EntryPoint","urlTemplate":"https:\/\/salmosbiblicos.com.br\/?s={search_term_string}"},"query-input":{"@type":"PropertyValueSpecification","valueRequired":true,"valueName":"search_term_string"}}],"inLanguage":"pt-BR"},{"@type":"Person","@id":"https:\/\/salmosbiblicos.com.br\/#\/schema\/person\/30586d0fb3f3a46b78a3414fc39cc975","name":"alextreh@gmail.com","image":{"@type":"ImageObject","inLanguage":"pt-BR","@id":"https:\/\/secure.gravatar.com\/avatar\/7cf84d31f581ec97b887c1039d478a7c293086896c84951a86753fb2c2af7527?s=96&d=mm&r=g","url":"https:\/\/secure.gravatar.com\/avatar\/7cf84d31f581ec97b887c1039d478a7c293086896c84951a86753fb2c2af7527?s=96&d=mm&r=g","contentUrl":"https:\/\/secure.gravatar.com\/avatar\/7cf84d31f581ec97b887c1039d478a7c293086896c84951a86753fb2c2af7527?s=96&d=mm&r=g","caption":"alextreh@gmail.com"},"sameAs":["http:\/\/salmosbiblicos.com.br"],"url":"https:\/\/salmosbiblicos.com.br\/index.php\/author\/alextrehgmail-com\/"}]}},"_links":{"self":[{"href":"https:\/\/salmosbiblicos.com.br\/index.php\/wp-json\/wp\/v2\/posts\/6496","targetHints":{"allow":["GET"]}}],"collection":[{"href":"https:\/\/salmosbiblicos.com.br\/index.php\/wp-json\/wp\/v2\/posts"}],"about":[{"href":"https:\/\/salmosbiblicos.com.br\/index.php\/wp-json\/wp\/v2\/types\/post"}],"author":[{"embeddable":true,"href":"https:\/\/salmosbiblicos.com.br\/index.php\/wp-json\/wp\/v2\/users\/1"}],"replies":[{"embeddable":true,"href":"https:\/\/salmosbiblicos.com.br\/index.php\/wp-json\/wp\/v2\/comments?post=6496"}],"version-history":[{"count":1,"href":"https:\/\/salmosbiblicos.com.br\/index.php\/wp-json\/wp\/v2\/posts\/6496\/revisions"}],"predecessor-version":[{"id":6497,"href":"https:\/\/salmosbiblicos.com.br\/index.php\/wp-json\/wp\/v2\/posts\/6496\/revisions\/6497"}],"wp:attachment":[{"href":"https:\/\/salmosbiblicos.com.br\/index.php\/wp-json\/wp\/v2\/media?parent=6496"}],"wp:term":[{"taxonomy":"category","embeddable":true,"href":"https:\/\/salmosbiblicos.com.br\/index.php\/wp-json\/wp\/v2\/categories?post=6496"},{"taxonomy":"post_tag","embeddable":true,"href":"https:\/\/salmosbiblicos.com.br\/index.php\/wp-json\/wp\/v2\/tags?post=6496"}],"curies":[{"name":"wp","href":"https:\/\/api.w.org\/{rel}","templated":true}]}}