{"id":6498,"date":"2026-04-02T18:16:48","date_gmt":"2026-04-02T21:16:48","guid":{"rendered":"https:\/\/salmosbiblicos.com.br\/?p=6498"},"modified":"2026-04-02T18:16:48","modified_gmt":"2026-04-02T21:16:48","slug":"caminho-proprio-a-licao-de-foco-e-fe-no-evangelho","status":"publish","type":"post","link":"https:\/\/salmosbiblicos.com.br\/index.php\/2026\/04\/02\/caminho-proprio-a-licao-de-foco-e-fe-no-evangelho\/","title":{"rendered":"Caminho Pr\u00f3prio: A Li\u00e7\u00e3o de Foco e F\u00e9 no Evangelho"},"content":{"rendered":"<p>## O Caminho de Cada Um<\/p>\n<p>Um questionamento permeia a alma humana: o que ser\u00e1 do outro? Que dire\u00e7\u00e3o tomar\u00e1 aquela vida que nos acompanha, que trilhar\u00e1 aquele caminho? Essa curiosidade, essa \u00e2nsia de saber, pode nos consumir, desviando o foco do que verdadeiramente importa.<\/p>\n<p>### A Preocupa\u00e7\u00e3o de Pedro e a Sabedoria Divina<\/p>\n<p>No Evangelho, o ap\u00f3stolo Pedro, tomado pela inquieta\u00e7\u00e3o, busca em Jesus a resposta sobre o destino de um companheiro. A resposta, por\u00e9m, \u00e9 surpreendente: &#8220;Se eu quero que ele permane\u00e7a at\u00e9 que eu venha, o que te importa \u00e9 isso? Tu segue-me.&#8221;<\/p>\n<p>Esta n\u00e3o \u00e9 uma resposta para satisfazer a curiosidade alheia. \u00c9 um convite \u00e0 concentra\u00e7\u00e3o, \u00e0 responsabilidade individual. Cada um de n\u00f3s \u00e9 chamado a seguir o pr\u00f3prio caminho, sem se deter na trajet\u00f3ria dos demais.<\/p>\n<p>### Todos Ap\u00f3stolos, Caminhos Diversos<\/p>\n<p>Todos somos chamados a ser ap\u00f3stolos, a testemunhar a Palavra. Contudo, a forma como essa miss\u00e3o se desdobra \u00e9 singular para cada um. As diferen\u00e7as de personalidade, de alma, de viv\u00eancia, moldam uma trajet\u00f3ria \u00fanica.<\/p>\n<p>Assim como os ap\u00f3stolos, cada fam\u00edlia, cada comunidade, possui membros com pap\u00e9is e miss\u00f5es distintas. N\u00e3o podemos esperar que todos sigam o mesmo padr\u00e3o, que se encaixem em moldes predefinidos.<\/p>\n<p>### A Individualidade e a Gra\u00e7a<\/p>\n<p>\u00c9 um erro buscar c\u00f3pias na vida alheia. A vida crist\u00e3 n\u00e3o se faz de imita\u00e7\u00f5es, mas de encontros com a gra\u00e7a que se manifesta de maneira \u00fanica em cada pessoa. Podemos admirar os exemplos de santidade, aspirar \u00e0 virtude, mas n\u00e3o podemos replicar a experi\u00eancia de outro.<\/p>\n<p>Jo\u00e3o, o disc\u00edpulo amado, seguiu um caminho diferente dos demais ap\u00f3stolos, um caminho marcado pela intimidade com Jesus. Pedro, por sua vez, trilhar\u00e1 a senda da lideran\u00e7a, tornando-se o guia da Igreja. Cada um com sua voca\u00e7\u00e3o, seu destino.<\/p>\n<p>### A Confian\u00e7a e o Seguimento<\/p>\n<p>Em tempos de incerteza, \u00e9 f\u00e1cil se perder na preocupa\u00e7\u00e3o com o futuro, com o que est\u00e1 reservado para aqueles que amamos. Mas a verdadeira paz reside na confian\u00e7a.<\/p>\n<p>Deixemos que Deus conduza os outros, enquanto n\u00f3s perseveramos em nosso pr\u00f3prio caminho. Que o olhar de Jesus nos inspire, que a sua voz nos guie: &#8220;Tu segue-me.&#8221;<\/p>\n<p>Que a nossa f\u00e9 seja a b\u00fassola que nos orienta, a esperan\u00e7a que nos sustenta. E que, ao trilharmos a nossa jornada, possamos nos aproximar cada vez mais da luz divina, refletindo o amor e a gra\u00e7a que nos foram concedidos.<\/p>\n<p>*   **Aceite a individualidade de cada um.** Reconhe\u00e7a que cada pessoa tem um caminho \u00fanico a percorrer.<br \/>*   **Concentre-se no seu pr\u00f3prio caminho.** N\u00e3o se deixe consumir pela preocupa\u00e7\u00e3o com o destino dos outros.<br \/>*   **Confie na provid\u00eancia divina.** Acredite que Deus est\u00e1 conduzindo a todos, cada um \u00e0 sua maneira.<br \/>*   **Siga Jesus.** O mais importante \u00e9 manter o foco no Mestre, independentemente do caminho que cada um percorra.<\/p>\n","protected":false},"excerpt":{"rendered":"<p>## O Caminho de Cada Um Um questionamento permeia a alma humana: o que ser\u00e1 do outro? Que dire\u00e7\u00e3o tomar\u00e1 aquela vida que nos acompanha, que trilhar\u00e1 aquele caminho? Essa curiosidade, essa \u00e2nsia de saber, pode nos consumir, desviando o foco do que verdadeiramente importa. ### A Preocupa\u00e7\u00e3o de Pedro e a Sabedoria Divina No [&hellip;]<\/p>\n","protected":false},"author":1,"featured_media":0,"comment_status":"closed","ping_status":"open","sticky":false,"template":"","format":"standard","meta":{"footnotes":""},"categories":[14],"tags":[],"class_list":["post-6498","post","type-post","status-publish","format-standard","hentry","category-reflexao"],"yoast_head":"<!-- This site is optimized with the Yoast SEO plugin v27.2 - https:\/\/yoast.com\/product\/yoast-seo-wordpress\/ -->\n<title>Caminho Pr\u00f3prio: A Li\u00e7\u00e3o de Foco e F\u00e9 no Evangelho - Salmos B\u00edblicos<\/title>\n<meta name=\"robots\" content=\"index, follow, max-snippet:-1, max-image-preview:large, max-video-preview:-1\" \/>\n<link rel=\"canonical\" href=\"https:\/\/salmosbiblicos.com.br\/index.php\/2026\/04\/02\/caminho-proprio-a-licao-de-foco-e-fe-no-evangelho\/\" \/>\n<meta property=\"og:locale\" content=\"pt_BR\" \/>\n<meta property=\"og:type\" content=\"article\" \/>\n<meta property=\"og:title\" content=\"Caminho Pr\u00f3prio: A Li\u00e7\u00e3o de Foco e F\u00e9 no Evangelho - Salmos B\u00edblicos\" \/>\n<meta property=\"og:description\" content=\"## O Caminho de Cada Um Um questionamento permeia a alma humana: o que ser\u00e1 do outro? Que dire\u00e7\u00e3o tomar\u00e1 aquela vida que nos acompanha, que trilhar\u00e1 aquele caminho? Essa curiosidade, essa \u00e2nsia de saber, pode nos consumir, desviando o foco do que verdadeiramente importa. ### A Preocupa\u00e7\u00e3o de Pedro e a Sabedoria Divina No [&hellip;]\" \/>\n<meta property=\"og:url\" content=\"https:\/\/salmosbiblicos.com.br\/index.php\/2026\/04\/02\/caminho-proprio-a-licao-de-foco-e-fe-no-evangelho\/\" \/>\n<meta property=\"og:site_name\" content=\"Salmos B\u00edblicos\" \/>\n<meta property=\"article:published_time\" content=\"2026-04-02T21:16:48+00:00\" \/>\n<meta name=\"author\" content=\"alextreh@gmail.com\" \/>\n<meta name=\"twitter:card\" content=\"summary_large_image\" \/>\n<meta name=\"twitter:label1\" content=\"Escrito por\" \/>\n\t<meta name=\"twitter:data1\" content=\"alextreh@gmail.com\" \/>\n\t<meta name=\"twitter:label2\" content=\"Est. tempo de leitura\" \/>\n\t<meta name=\"twitter:data2\" content=\"2 minutos\" \/>\n<script type=\"application\/ld+json\" class=\"yoast-schema-graph\">{\"@context\":\"https:\/\/schema.org\",\"@graph\":[{\"@type\":\"Article\",\"@id\":\"https:\/\/salmosbiblicos.com.br\/index.php\/2026\/04\/02\/caminho-proprio-a-licao-de-foco-e-fe-no-evangelho\/#article\",\"isPartOf\":{\"@id\":\"https:\/\/salmosbiblicos.com.br\/index.php\/2026\/04\/02\/caminho-proprio-a-licao-de-foco-e-fe-no-evangelho\/\"},\"author\":{\"name\":\"alextreh@gmail.com\",\"@id\":\"https:\/\/salmosbiblicos.com.br\/#\/schema\/person\/30586d0fb3f3a46b78a3414fc39cc975\"},\"headline\":\"Caminho Pr\u00f3prio: A Li\u00e7\u00e3o de Foco e F\u00e9 no Evangelho\",\"datePublished\":\"2026-04-02T21:16:48+00:00\",\"mainEntityOfPage\":{\"@id\":\"https:\/\/salmosbiblicos.com.br\/index.php\/2026\/04\/02\/caminho-proprio-a-licao-de-foco-e-fe-no-evangelho\/\"},\"wordCount\":508,\"articleSection\":[\"Reflex\u00e3o\"],\"inLanguage\":\"pt-BR\"},{\"@type\":\"WebPage\",\"@id\":\"https:\/\/salmosbiblicos.com.br\/index.php\/2026\/04\/02\/caminho-proprio-a-licao-de-foco-e-fe-no-evangelho\/\",\"url\":\"https:\/\/salmosbiblicos.com.br\/index.php\/2026\/04\/02\/caminho-proprio-a-licao-de-foco-e-fe-no-evangelho\/\",\"name\":\"Caminho Pr\u00f3prio: A Li\u00e7\u00e3o de Foco e F\u00e9 no Evangelho - Salmos B\u00edblicos\",\"isPartOf\":{\"@id\":\"https:\/\/salmosbiblicos.com.br\/#website\"},\"datePublished\":\"2026-04-02T21:16:48+00:00\",\"author\":{\"@id\":\"https:\/\/salmosbiblicos.com.br\/#\/schema\/person\/30586d0fb3f3a46b78a3414fc39cc975\"},\"breadcrumb\":{\"@id\":\"https:\/\/salmosbiblicos.com.br\/index.php\/2026\/04\/02\/caminho-proprio-a-licao-de-foco-e-fe-no-evangelho\/#breadcrumb\"},\"inLanguage\":\"pt-BR\",\"potentialAction\":[{\"@type\":\"ReadAction\",\"target\":[\"https:\/\/salmosbiblicos.com.br\/index.php\/2026\/04\/02\/caminho-proprio-a-licao-de-foco-e-fe-no-evangelho\/\"]}]},{\"@type\":\"BreadcrumbList\",\"@id\":\"https:\/\/salmosbiblicos.com.br\/index.php\/2026\/04\/02\/caminho-proprio-a-licao-de-foco-e-fe-no-evangelho\/#breadcrumb\",\"itemListElement\":[{\"@type\":\"ListItem\",\"position\":1,\"name\":\"Home\",\"item\":\"https:\/\/salmosbiblicos.com.br\/\"},{\"@type\":\"ListItem\",\"position\":2,\"name\":\"Caminho Pr\u00f3prio: A Li\u00e7\u00e3o de Foco e F\u00e9 no Evangelho\"}]},{\"@type\":\"WebSite\",\"@id\":\"https:\/\/salmosbiblicos.com.br\/#website\",\"url\":\"https:\/\/salmosbiblicos.com.br\/\",\"name\":\"Salmos B\u00edblicos\",\"description\":\"Uma e-Livraria com e-Books novos para voc\u00ea refletir.\",\"potentialAction\":[{\"@type\":\"SearchAction\",\"target\":{\"@type\":\"EntryPoint\",\"urlTemplate\":\"https:\/\/salmosbiblicos.com.br\/?s={search_term_string}\"},\"query-input\":{\"@type\":\"PropertyValueSpecification\",\"valueRequired\":true,\"valueName\":\"search_term_string\"}}],\"inLanguage\":\"pt-BR\"},{\"@type\":\"Person\",\"@id\":\"https:\/\/salmosbiblicos.com.br\/#\/schema\/person\/30586d0fb3f3a46b78a3414fc39cc975\",\"name\":\"alextreh@gmail.com\",\"image\":{\"@type\":\"ImageObject\",\"inLanguage\":\"pt-BR\",\"@id\":\"https:\/\/secure.gravatar.com\/avatar\/7cf84d31f581ec97b887c1039d478a7c293086896c84951a86753fb2c2af7527?s=96&d=mm&r=g\",\"url\":\"https:\/\/secure.gravatar.com\/avatar\/7cf84d31f581ec97b887c1039d478a7c293086896c84951a86753fb2c2af7527?s=96&d=mm&r=g\",\"contentUrl\":\"https:\/\/secure.gravatar.com\/avatar\/7cf84d31f581ec97b887c1039d478a7c293086896c84951a86753fb2c2af7527?s=96&d=mm&r=g\",\"caption\":\"alextreh@gmail.com\"},\"sameAs\":[\"http:\/\/salmosbiblicos.com.br\"],\"url\":\"https:\/\/salmosbiblicos.com.br\/index.php\/author\/alextrehgmail-com\/\"}]}<\/script>\n<!-- \/ Yoast SEO plugin. -->","yoast_head_json":{"title":"Caminho Pr\u00f3prio: A Li\u00e7\u00e3o de Foco e F\u00e9 no Evangelho - Salmos B\u00edblicos","robots":{"index":"index","follow":"follow","max-snippet":"max-snippet:-1","max-image-preview":"max-image-preview:large","max-video-preview":"max-video-preview:-1"},"canonical":"https:\/\/salmosbiblicos.com.br\/index.php\/2026\/04\/02\/caminho-proprio-a-licao-de-foco-e-fe-no-evangelho\/","og_locale":"pt_BR","og_type":"article","og_title":"Caminho Pr\u00f3prio: A Li\u00e7\u00e3o de Foco e F\u00e9 no Evangelho - Salmos B\u00edblicos","og_description":"## O Caminho de Cada Um Um questionamento permeia a alma humana: o que ser\u00e1 do outro? Que dire\u00e7\u00e3o tomar\u00e1 aquela vida que nos acompanha, que trilhar\u00e1 aquele caminho? Essa curiosidade, essa \u00e2nsia de saber, pode nos consumir, desviando o foco do que verdadeiramente importa. ### A Preocupa\u00e7\u00e3o de Pedro e a Sabedoria Divina No [&hellip;]","og_url":"https:\/\/salmosbiblicos.com.br\/index.php\/2026\/04\/02\/caminho-proprio-a-licao-de-foco-e-fe-no-evangelho\/","og_site_name":"Salmos B\u00edblicos","article_published_time":"2026-04-02T21:16:48+00:00","author":"alextreh@gmail.com","twitter_card":"summary_large_image","twitter_misc":{"Escrito por":"alextreh@gmail.com","Est. tempo de leitura":"2 minutos"},"schema":{"@context":"https:\/\/schema.org","@graph":[{"@type":"Article","@id":"https:\/\/salmosbiblicos.com.br\/index.php\/2026\/04\/02\/caminho-proprio-a-licao-de-foco-e-fe-no-evangelho\/#article","isPartOf":{"@id":"https:\/\/salmosbiblicos.com.br\/index.php\/2026\/04\/02\/caminho-proprio-a-licao-de-foco-e-fe-no-evangelho\/"},"author":{"name":"alextreh@gmail.com","@id":"https:\/\/salmosbiblicos.com.br\/#\/schema\/person\/30586d0fb3f3a46b78a3414fc39cc975"},"headline":"Caminho Pr\u00f3prio: A Li\u00e7\u00e3o de Foco e F\u00e9 no Evangelho","datePublished":"2026-04-02T21:16:48+00:00","mainEntityOfPage":{"@id":"https:\/\/salmosbiblicos.com.br\/index.php\/2026\/04\/02\/caminho-proprio-a-licao-de-foco-e-fe-no-evangelho\/"},"wordCount":508,"articleSection":["Reflex\u00e3o"],"inLanguage":"pt-BR"},{"@type":"WebPage","@id":"https:\/\/salmosbiblicos.com.br\/index.php\/2026\/04\/02\/caminho-proprio-a-licao-de-foco-e-fe-no-evangelho\/","url":"https:\/\/salmosbiblicos.com.br\/index.php\/2026\/04\/02\/caminho-proprio-a-licao-de-foco-e-fe-no-evangelho\/","name":"Caminho Pr\u00f3prio: A Li\u00e7\u00e3o de Foco e F\u00e9 no Evangelho - Salmos B\u00edblicos","isPartOf":{"@id":"https:\/\/salmosbiblicos.com.br\/#website"},"datePublished":"2026-04-02T21:16:48+00:00","author":{"@id":"https:\/\/salmosbiblicos.com.br\/#\/schema\/person\/30586d0fb3f3a46b78a3414fc39cc975"},"breadcrumb":{"@id":"https:\/\/salmosbiblicos.com.br\/index.php\/2026\/04\/02\/caminho-proprio-a-licao-de-foco-e-fe-no-evangelho\/#breadcrumb"},"inLanguage":"pt-BR","potentialAction":[{"@type":"ReadAction","target":["https:\/\/salmosbiblicos.com.br\/index.php\/2026\/04\/02\/caminho-proprio-a-licao-de-foco-e-fe-no-evangelho\/"]}]},{"@type":"BreadcrumbList","@id":"https:\/\/salmosbiblicos.com.br\/index.php\/2026\/04\/02\/caminho-proprio-a-licao-de-foco-e-fe-no-evangelho\/#breadcrumb","itemListElement":[{"@type":"ListItem","position":1,"name":"Home","item":"https:\/\/salmosbiblicos.com.br\/"},{"@type":"ListItem","position":2,"name":"Caminho Pr\u00f3prio: A Li\u00e7\u00e3o de Foco e F\u00e9 no Evangelho"}]},{"@type":"WebSite","@id":"https:\/\/salmosbiblicos.com.br\/#website","url":"https:\/\/salmosbiblicos.com.br\/","name":"Salmos B\u00edblicos","description":"Uma e-Livraria com e-Books novos para voc\u00ea refletir.","potentialAction":[{"@type":"SearchAction","target":{"@type":"EntryPoint","urlTemplate":"https:\/\/salmosbiblicos.com.br\/?s={search_term_string}"},"query-input":{"@type":"PropertyValueSpecification","valueRequired":true,"valueName":"search_term_string"}}],"inLanguage":"pt-BR"},{"@type":"Person","@id":"https:\/\/salmosbiblicos.com.br\/#\/schema\/person\/30586d0fb3f3a46b78a3414fc39cc975","name":"alextreh@gmail.com","image":{"@type":"ImageObject","inLanguage":"pt-BR","@id":"https:\/\/secure.gravatar.com\/avatar\/7cf84d31f581ec97b887c1039d478a7c293086896c84951a86753fb2c2af7527?s=96&d=mm&r=g","url":"https:\/\/secure.gravatar.com\/avatar\/7cf84d31f581ec97b887c1039d478a7c293086896c84951a86753fb2c2af7527?s=96&d=mm&r=g","contentUrl":"https:\/\/secure.gravatar.com\/avatar\/7cf84d31f581ec97b887c1039d478a7c293086896c84951a86753fb2c2af7527?s=96&d=mm&r=g","caption":"alextreh@gmail.com"},"sameAs":["http:\/\/salmosbiblicos.com.br"],"url":"https:\/\/salmosbiblicos.com.br\/index.php\/author\/alextrehgmail-com\/"}]}},"_links":{"self":[{"href":"https:\/\/salmosbiblicos.com.br\/index.php\/wp-json\/wp\/v2\/posts\/6498","targetHints":{"allow":["GET"]}}],"collection":[{"href":"https:\/\/salmosbiblicos.com.br\/index.php\/wp-json\/wp\/v2\/posts"}],"about":[{"href":"https:\/\/salmosbiblicos.com.br\/index.php\/wp-json\/wp\/v2\/types\/post"}],"author":[{"embeddable":true,"href":"https:\/\/salmosbiblicos.com.br\/index.php\/wp-json\/wp\/v2\/users\/1"}],"replies":[{"embeddable":true,"href":"https:\/\/salmosbiblicos.com.br\/index.php\/wp-json\/wp\/v2\/comments?post=6498"}],"version-history":[{"count":1,"href":"https:\/\/salmosbiblicos.com.br\/index.php\/wp-json\/wp\/v2\/posts\/6498\/revisions"}],"predecessor-version":[{"id":6499,"href":"https:\/\/salmosbiblicos.com.br\/index.php\/wp-json\/wp\/v2\/posts\/6498\/revisions\/6499"}],"wp:attachment":[{"href":"https:\/\/salmosbiblicos.com.br\/index.php\/wp-json\/wp\/v2\/media?parent=6498"}],"wp:term":[{"taxonomy":"category","embeddable":true,"href":"https:\/\/salmosbiblicos.com.br\/index.php\/wp-json\/wp\/v2\/categories?post=6498"},{"taxonomy":"post_tag","embeddable":true,"href":"https:\/\/salmosbiblicos.com.br\/index.php\/wp-json\/wp\/v2\/tags?post=6498"}],"curies":[{"name":"wp","href":"https:\/\/api.w.org\/{rel}","templated":true}]}}