{"id":6500,"date":"2026-04-02T18:23:36","date_gmt":"2026-04-02T21:23:36","guid":{"rendered":"https:\/\/salmosbiblicos.com.br\/?p=6500"},"modified":"2026-04-02T18:23:36","modified_gmt":"2026-04-02T21:23:36","slug":"reencontro-de-jesus-e-pedro-uma-reflexao-sobre-amor-e-perdao","status":"publish","type":"post","link":"https:\/\/salmosbiblicos.com.br\/index.php\/2026\/04\/02\/reencontro-de-jesus-e-pedro-uma-reflexao-sobre-amor-e-perdao\/","title":{"rendered":"Reencontro de Jesus e Pedro: Uma Reflex\u00e3o Sobre Amor e Perd\u00e3o"},"content":{"rendered":"<p>## A Humildade do Amor e o Chamado ao Servi\u00e7o<\/p>\n<p>Em tempos de incerteza e prova\u00e7\u00f5es, a Palavra nos convida a contemplar a profundidade do amor e a import\u00e2ncia do relacionamento com o Divino. Que possamos encontrar, na simplicidade dos relatos b\u00edblicos, a luz que guia nossos passos e a for\u00e7a para perseverar em nossa jornada.<\/p>\n<p>### A Reconstru\u00e7\u00e3o da Confian\u00e7a<\/p>\n<p>A cena que nos \u00e9 apresentada \u00e9 tocante: o reencontro entre Jesus e Pedro, ap\u00f3s a dolorosa nega\u00e7\u00e3o. A pergunta, repetida tr\u00eas vezes: &#8220;Sim\u00e3o, filho de Jo\u00e3o, voc\u00ea me ama?&#8221;. Parece, \u00e0 primeira vista, um mero questionamento. No entanto, ela carrega em si o peso da fragilidade humana, a necessidade de reafirma\u00e7\u00e3o e a busca por uma confian\u00e7a renovada.<\/p>\n<p>Pedro, outrora ousado e impulsivo, sente o peso da sua falha. A lembran\u00e7a do momento em que negou conhecer Jesus o aflige, uma ferida que precisa ser curada. A compara\u00e7\u00e3o com a pergunta anterior, em que Pedro se declarava pronto para defender o Mestre at\u00e9 a morte, revela a dist\u00e2ncia entre a vontade e a realidade, entre a for\u00e7a da promessa e a fraqueza do momento.<\/p>\n<p>### O Amor como Conhecimento<\/p>\n<p>Jesus, com infinita sabedoria, n\u00e3o condena a fraqueza de Pedro. Em vez disso, oferece um caminho de reden\u00e7\u00e3o atrav\u00e9s do amor. \u00c9 no amor que reside o verdadeiro conhecimento, a capacidade de compreender e de se conectar com o outro em sua ess\u00eancia.<\/p>\n<p>*   **O amor genu\u00edno transcende as palavras.** Ele se manifesta nas a\u00e7\u00f5es, no servi\u00e7o e na dedica\u00e7\u00e3o ao pr\u00f3ximo.<br \/>*   **Sem amor, o conhecimento \u00e9 superficial e incompleto.**<br \/>*   **O amor \u00e9 o fundamento de qualquer relacionamento verdadeiro.**<\/p>\n<p>### O Caminho do Servi\u00e7o e da Autoridade<\/p>\n<p>Ao pedir a Pedro que apascentasse as ovelhas, Jesus n\u00e3o lhe concedia apenas uma tarefa, mas um chamado \u00e0 responsabilidade. A autoridade, para ser exercida com justi\u00e7a e compaix\u00e3o, deve ser enraizada no amor. <\/p>\n<p>Jesus indica que o caminho de Pedro seria marcado por um sofrimento especial, uma prova\u00e7\u00e3o que o levaria \u00e0 gl\u00f3ria. Essa \u00e9 a din\u00e2mica do amor: muitas vezes, o servi\u00e7o ao pr\u00f3ximo exige sacrif\u00edcio, entrega e a disposi\u00e7\u00e3o de seguir um caminho que n\u00e3o \u00e9 o nosso.<\/p>\n<p>### Um Convite \u00e0 Sinceridade e ao Crescimento<\/p>\n<p>Que possamos, como Pedro, reconhecer a nossa fragilidade e a nossa limita\u00e7\u00e3o. Que a sinceridade nos permita confessar a nossa falta de amor, o nosso medo e a nossa dist\u00e2ncia do Divino. Que n\u00e3o nos sintamos diminu\u00eddos ao admitir a nossa imperfei\u00e7\u00e3o, mas sim, encorajados a buscar o crescimento no amor, na amizade e no relacionamento com o Criador.<\/p>\n<p>*   **Sejamos sinceros em nossa rela\u00e7\u00e3o com Deus.**<br \/>*   **Busquemos o crescimento no amor, a cada dia.**<br \/>*   **Estejamos abertos ao chamado do servi\u00e7o e do sacrif\u00edcio.**<\/p>\n<p>Que possamos acolher o convite que Jesus nos estende: um convite ao amor, \u00e0 amizade e \u00e0 comunh\u00e3o. Que possamos dizer, com humildade e esperan\u00e7a: &#8220;Senhor, eu sei que n\u00e3o te amo como deverias, mas eu te amo, e quero crescer no amor&#8221;.<\/p>\n","protected":false},"excerpt":{"rendered":"<p>## A Humildade do Amor e o Chamado ao Servi\u00e7o Em tempos de incerteza e prova\u00e7\u00f5es, a Palavra nos convida a contemplar a profundidade do amor e a import\u00e2ncia do relacionamento com o Divino. Que possamos encontrar, na simplicidade dos relatos b\u00edblicos, a luz que guia nossos passos e a for\u00e7a para perseverar em nossa [&hellip;]<\/p>\n","protected":false},"author":1,"featured_media":0,"comment_status":"closed","ping_status":"open","sticky":false,"template":"","format":"standard","meta":{"footnotes":""},"categories":[14],"tags":[],"class_list":["post-6500","post","type-post","status-publish","format-standard","hentry","category-reflexao"],"yoast_head":"<!-- This site is optimized with the Yoast SEO plugin v27.2 - https:\/\/yoast.com\/product\/yoast-seo-wordpress\/ -->\n<title>Reencontro de Jesus e Pedro: Uma Reflex\u00e3o Sobre Amor e Perd\u00e3o - Salmos B\u00edblicos<\/title>\n<meta name=\"robots\" content=\"index, follow, max-snippet:-1, max-image-preview:large, max-video-preview:-1\" \/>\n<link rel=\"canonical\" href=\"http:\/\/salmosbiblicos.com.br\/index.php\/2026\/04\/02\/reencontro-de-jesus-e-pedro-uma-reflexao-sobre-amor-e-perdao\/\" \/>\n<meta property=\"og:locale\" content=\"pt_BR\" \/>\n<meta property=\"og:type\" content=\"article\" \/>\n<meta property=\"og:title\" content=\"Reencontro de Jesus e Pedro: Uma Reflex\u00e3o Sobre Amor e Perd\u00e3o - Salmos B\u00edblicos\" \/>\n<meta property=\"og:description\" content=\"## A Humildade do Amor e o Chamado ao Servi\u00e7o Em tempos de incerteza e prova\u00e7\u00f5es, a Palavra nos convida a contemplar a profundidade do amor e a import\u00e2ncia do relacionamento com o Divino. Que possamos encontrar, na simplicidade dos relatos b\u00edblicos, a luz que guia nossos passos e a for\u00e7a para perseverar em nossa [&hellip;]\" \/>\n<meta property=\"og:url\" content=\"http:\/\/salmosbiblicos.com.br\/index.php\/2026\/04\/02\/reencontro-de-jesus-e-pedro-uma-reflexao-sobre-amor-e-perdao\/\" \/>\n<meta property=\"og:site_name\" content=\"Salmos B\u00edblicos\" \/>\n<meta property=\"article:published_time\" content=\"2026-04-02T21:23:36+00:00\" \/>\n<meta name=\"author\" content=\"alextreh@gmail.com\" \/>\n<meta name=\"twitter:card\" content=\"summary_large_image\" \/>\n<meta name=\"twitter:label1\" content=\"Escrito por\" \/>\n\t<meta name=\"twitter:data1\" content=\"alextreh@gmail.com\" \/>\n\t<meta name=\"twitter:label2\" content=\"Est. tempo de leitura\" \/>\n\t<meta name=\"twitter:data2\" content=\"3 minutos\" \/>\n<script type=\"application\/ld+json\" class=\"yoast-schema-graph\">{\"@context\":\"https:\/\/schema.org\",\"@graph\":[{\"@type\":\"Article\",\"@id\":\"http:\/\/salmosbiblicos.com.br\/index.php\/2026\/04\/02\/reencontro-de-jesus-e-pedro-uma-reflexao-sobre-amor-e-perdao\/#article\",\"isPartOf\":{\"@id\":\"http:\/\/salmosbiblicos.com.br\/index.php\/2026\/04\/02\/reencontro-de-jesus-e-pedro-uma-reflexao-sobre-amor-e-perdao\/\"},\"author\":{\"name\":\"alextreh@gmail.com\",\"@id\":\"https:\/\/salmosbiblicos.com.br\/#\/schema\/person\/30586d0fb3f3a46b78a3414fc39cc975\"},\"headline\":\"Reencontro de Jesus e Pedro: Uma Reflex\u00e3o Sobre Amor e Perd\u00e3o\",\"datePublished\":\"2026-04-02T21:23:36+00:00\",\"mainEntityOfPage\":{\"@id\":\"http:\/\/salmosbiblicos.com.br\/index.php\/2026\/04\/02\/reencontro-de-jesus-e-pedro-uma-reflexao-sobre-amor-e-perdao\/\"},\"wordCount\":537,\"articleSection\":[\"Reflex\u00e3o\"],\"inLanguage\":\"pt-BR\"},{\"@type\":\"WebPage\",\"@id\":\"http:\/\/salmosbiblicos.com.br\/index.php\/2026\/04\/02\/reencontro-de-jesus-e-pedro-uma-reflexao-sobre-amor-e-perdao\/\",\"url\":\"http:\/\/salmosbiblicos.com.br\/index.php\/2026\/04\/02\/reencontro-de-jesus-e-pedro-uma-reflexao-sobre-amor-e-perdao\/\",\"name\":\"Reencontro de Jesus e Pedro: Uma Reflex\u00e3o Sobre Amor e Perd\u00e3o - Salmos B\u00edblicos\",\"isPartOf\":{\"@id\":\"https:\/\/salmosbiblicos.com.br\/#website\"},\"datePublished\":\"2026-04-02T21:23:36+00:00\",\"author\":{\"@id\":\"https:\/\/salmosbiblicos.com.br\/#\/schema\/person\/30586d0fb3f3a46b78a3414fc39cc975\"},\"breadcrumb\":{\"@id\":\"http:\/\/salmosbiblicos.com.br\/index.php\/2026\/04\/02\/reencontro-de-jesus-e-pedro-uma-reflexao-sobre-amor-e-perdao\/#breadcrumb\"},\"inLanguage\":\"pt-BR\",\"potentialAction\":[{\"@type\":\"ReadAction\",\"target\":[\"http:\/\/salmosbiblicos.com.br\/index.php\/2026\/04\/02\/reencontro-de-jesus-e-pedro-uma-reflexao-sobre-amor-e-perdao\/\"]}]},{\"@type\":\"BreadcrumbList\",\"@id\":\"http:\/\/salmosbiblicos.com.br\/index.php\/2026\/04\/02\/reencontro-de-jesus-e-pedro-uma-reflexao-sobre-amor-e-perdao\/#breadcrumb\",\"itemListElement\":[{\"@type\":\"ListItem\",\"position\":1,\"name\":\"Home\",\"item\":\"https:\/\/salmosbiblicos.com.br\/\"},{\"@type\":\"ListItem\",\"position\":2,\"name\":\"Reencontro de Jesus e Pedro: Uma Reflex\u00e3o Sobre Amor e Perd\u00e3o\"}]},{\"@type\":\"WebSite\",\"@id\":\"https:\/\/salmosbiblicos.com.br\/#website\",\"url\":\"https:\/\/salmosbiblicos.com.br\/\",\"name\":\"Salmos B\u00edblicos\",\"description\":\"Uma e-Livraria com e-Books novos para voc\u00ea refletir.\",\"potentialAction\":[{\"@type\":\"SearchAction\",\"target\":{\"@type\":\"EntryPoint\",\"urlTemplate\":\"https:\/\/salmosbiblicos.com.br\/?s={search_term_string}\"},\"query-input\":{\"@type\":\"PropertyValueSpecification\",\"valueRequired\":true,\"valueName\":\"search_term_string\"}}],\"inLanguage\":\"pt-BR\"},{\"@type\":\"Person\",\"@id\":\"https:\/\/salmosbiblicos.com.br\/#\/schema\/person\/30586d0fb3f3a46b78a3414fc39cc975\",\"name\":\"alextreh@gmail.com\",\"image\":{\"@type\":\"ImageObject\",\"inLanguage\":\"pt-BR\",\"@id\":\"https:\/\/secure.gravatar.com\/avatar\/7cf84d31f581ec97b887c1039d478a7c293086896c84951a86753fb2c2af7527?s=96&d=mm&r=g\",\"url\":\"https:\/\/secure.gravatar.com\/avatar\/7cf84d31f581ec97b887c1039d478a7c293086896c84951a86753fb2c2af7527?s=96&d=mm&r=g\",\"contentUrl\":\"https:\/\/secure.gravatar.com\/avatar\/7cf84d31f581ec97b887c1039d478a7c293086896c84951a86753fb2c2af7527?s=96&d=mm&r=g\",\"caption\":\"alextreh@gmail.com\"},\"sameAs\":[\"http:\/\/salmosbiblicos.com.br\"],\"url\":\"https:\/\/salmosbiblicos.com.br\/index.php\/author\/alextrehgmail-com\/\"}]}<\/script>\n<!-- \/ Yoast SEO plugin. -->","yoast_head_json":{"title":"Reencontro de Jesus e Pedro: Uma Reflex\u00e3o Sobre Amor e Perd\u00e3o - Salmos B\u00edblicos","robots":{"index":"index","follow":"follow","max-snippet":"max-snippet:-1","max-image-preview":"max-image-preview:large","max-video-preview":"max-video-preview:-1"},"canonical":"http:\/\/salmosbiblicos.com.br\/index.php\/2026\/04\/02\/reencontro-de-jesus-e-pedro-uma-reflexao-sobre-amor-e-perdao\/","og_locale":"pt_BR","og_type":"article","og_title":"Reencontro de Jesus e Pedro: Uma Reflex\u00e3o Sobre Amor e Perd\u00e3o - Salmos B\u00edblicos","og_description":"## A Humildade do Amor e o Chamado ao Servi\u00e7o Em tempos de incerteza e prova\u00e7\u00f5es, a Palavra nos convida a contemplar a profundidade do amor e a import\u00e2ncia do relacionamento com o Divino. Que possamos encontrar, na simplicidade dos relatos b\u00edblicos, a luz que guia nossos passos e a for\u00e7a para perseverar em nossa [&hellip;]","og_url":"http:\/\/salmosbiblicos.com.br\/index.php\/2026\/04\/02\/reencontro-de-jesus-e-pedro-uma-reflexao-sobre-amor-e-perdao\/","og_site_name":"Salmos B\u00edblicos","article_published_time":"2026-04-02T21:23:36+00:00","author":"alextreh@gmail.com","twitter_card":"summary_large_image","twitter_misc":{"Escrito por":"alextreh@gmail.com","Est. tempo de leitura":"3 minutos"},"schema":{"@context":"https:\/\/schema.org","@graph":[{"@type":"Article","@id":"http:\/\/salmosbiblicos.com.br\/index.php\/2026\/04\/02\/reencontro-de-jesus-e-pedro-uma-reflexao-sobre-amor-e-perdao\/#article","isPartOf":{"@id":"http:\/\/salmosbiblicos.com.br\/index.php\/2026\/04\/02\/reencontro-de-jesus-e-pedro-uma-reflexao-sobre-amor-e-perdao\/"},"author":{"name":"alextreh@gmail.com","@id":"https:\/\/salmosbiblicos.com.br\/#\/schema\/person\/30586d0fb3f3a46b78a3414fc39cc975"},"headline":"Reencontro de Jesus e Pedro: Uma Reflex\u00e3o Sobre Amor e Perd\u00e3o","datePublished":"2026-04-02T21:23:36+00:00","mainEntityOfPage":{"@id":"http:\/\/salmosbiblicos.com.br\/index.php\/2026\/04\/02\/reencontro-de-jesus-e-pedro-uma-reflexao-sobre-amor-e-perdao\/"},"wordCount":537,"articleSection":["Reflex\u00e3o"],"inLanguage":"pt-BR"},{"@type":"WebPage","@id":"http:\/\/salmosbiblicos.com.br\/index.php\/2026\/04\/02\/reencontro-de-jesus-e-pedro-uma-reflexao-sobre-amor-e-perdao\/","url":"http:\/\/salmosbiblicos.com.br\/index.php\/2026\/04\/02\/reencontro-de-jesus-e-pedro-uma-reflexao-sobre-amor-e-perdao\/","name":"Reencontro de Jesus e Pedro: Uma Reflex\u00e3o Sobre Amor e Perd\u00e3o - Salmos B\u00edblicos","isPartOf":{"@id":"https:\/\/salmosbiblicos.com.br\/#website"},"datePublished":"2026-04-02T21:23:36+00:00","author":{"@id":"https:\/\/salmosbiblicos.com.br\/#\/schema\/person\/30586d0fb3f3a46b78a3414fc39cc975"},"breadcrumb":{"@id":"http:\/\/salmosbiblicos.com.br\/index.php\/2026\/04\/02\/reencontro-de-jesus-e-pedro-uma-reflexao-sobre-amor-e-perdao\/#breadcrumb"},"inLanguage":"pt-BR","potentialAction":[{"@type":"ReadAction","target":["http:\/\/salmosbiblicos.com.br\/index.php\/2026\/04\/02\/reencontro-de-jesus-e-pedro-uma-reflexao-sobre-amor-e-perdao\/"]}]},{"@type":"BreadcrumbList","@id":"http:\/\/salmosbiblicos.com.br\/index.php\/2026\/04\/02\/reencontro-de-jesus-e-pedro-uma-reflexao-sobre-amor-e-perdao\/#breadcrumb","itemListElement":[{"@type":"ListItem","position":1,"name":"Home","item":"https:\/\/salmosbiblicos.com.br\/"},{"@type":"ListItem","position":2,"name":"Reencontro de Jesus e Pedro: Uma Reflex\u00e3o Sobre Amor e Perd\u00e3o"}]},{"@type":"WebSite","@id":"https:\/\/salmosbiblicos.com.br\/#website","url":"https:\/\/salmosbiblicos.com.br\/","name":"Salmos B\u00edblicos","description":"Uma e-Livraria com e-Books novos para voc\u00ea refletir.","potentialAction":[{"@type":"SearchAction","target":{"@type":"EntryPoint","urlTemplate":"https:\/\/salmosbiblicos.com.br\/?s={search_term_string}"},"query-input":{"@type":"PropertyValueSpecification","valueRequired":true,"valueName":"search_term_string"}}],"inLanguage":"pt-BR"},{"@type":"Person","@id":"https:\/\/salmosbiblicos.com.br\/#\/schema\/person\/30586d0fb3f3a46b78a3414fc39cc975","name":"alextreh@gmail.com","image":{"@type":"ImageObject","inLanguage":"pt-BR","@id":"https:\/\/secure.gravatar.com\/avatar\/7cf84d31f581ec97b887c1039d478a7c293086896c84951a86753fb2c2af7527?s=96&d=mm&r=g","url":"https:\/\/secure.gravatar.com\/avatar\/7cf84d31f581ec97b887c1039d478a7c293086896c84951a86753fb2c2af7527?s=96&d=mm&r=g","contentUrl":"https:\/\/secure.gravatar.com\/avatar\/7cf84d31f581ec97b887c1039d478a7c293086896c84951a86753fb2c2af7527?s=96&d=mm&r=g","caption":"alextreh@gmail.com"},"sameAs":["http:\/\/salmosbiblicos.com.br"],"url":"https:\/\/salmosbiblicos.com.br\/index.php\/author\/alextrehgmail-com\/"}]}},"_links":{"self":[{"href":"https:\/\/salmosbiblicos.com.br\/index.php\/wp-json\/wp\/v2\/posts\/6500","targetHints":{"allow":["GET"]}}],"collection":[{"href":"https:\/\/salmosbiblicos.com.br\/index.php\/wp-json\/wp\/v2\/posts"}],"about":[{"href":"https:\/\/salmosbiblicos.com.br\/index.php\/wp-json\/wp\/v2\/types\/post"}],"author":[{"embeddable":true,"href":"https:\/\/salmosbiblicos.com.br\/index.php\/wp-json\/wp\/v2\/users\/1"}],"replies":[{"embeddable":true,"href":"https:\/\/salmosbiblicos.com.br\/index.php\/wp-json\/wp\/v2\/comments?post=6500"}],"version-history":[{"count":1,"href":"https:\/\/salmosbiblicos.com.br\/index.php\/wp-json\/wp\/v2\/posts\/6500\/revisions"}],"predecessor-version":[{"id":6501,"href":"https:\/\/salmosbiblicos.com.br\/index.php\/wp-json\/wp\/v2\/posts\/6500\/revisions\/6501"}],"wp:attachment":[{"href":"https:\/\/salmosbiblicos.com.br\/index.php\/wp-json\/wp\/v2\/media?parent=6500"}],"wp:term":[{"taxonomy":"category","embeddable":true,"href":"https:\/\/salmosbiblicos.com.br\/index.php\/wp-json\/wp\/v2\/categories?post=6500"},{"taxonomy":"post_tag","embeddable":true,"href":"https:\/\/salmosbiblicos.com.br\/index.php\/wp-json\/wp\/v2\/tags?post=6500"}],"curies":[{"name":"wp","href":"https:\/\/api.w.org\/{rel}","templated":true}]}}