{"id":6504,"date":"2026-04-02T18:37:38","date_gmt":"2026-04-02T21:37:38","guid":{"rendered":"https:\/\/salmosbiblicos.com.br\/?p=6504"},"modified":"2026-04-02T18:37:38","modified_gmt":"2026-04-02T21:37:38","slug":"vida-eterna-encontro-com-o-divino-e-a-esperanca-humana","status":"publish","type":"post","link":"https:\/\/salmosbiblicos.com.br\/index.php\/2026\/04\/02\/vida-eterna-encontro-com-o-divino-e-a-esperanca-humana\/","title":{"rendered":"Vida Eterna: Encontro com o Divino e a Esperan\u00e7a Humana"},"content":{"rendered":"<p>## A Chama da Vida Eterna: Um Encontro com o Divino<\/p>\n<p>A busca pela eternidade permeia a alma humana. Observamos o passar do tempo, a transitoriedade da exist\u00eancia, e ansiamos por algo que transcenda os limites da nossa jornada terrena. Jesus nos revela, em sua profunda ora\u00e7\u00e3o, a ess\u00eancia dessa esperan\u00e7a, convidando-nos a contemplar a verdadeira fonte da vida eterna.<\/p>\n<p>### Conhecer para Viver<\/p>\n<p>A promessa da vida eterna n\u00e3o reside em prolongar a exist\u00eancia f\u00edsica, mas em um encontro transformador com o Divino. **\u201cA vida eterna \u00e9 esta, que eles te conhe\u00e7am a ti, o \u00fanico Deus verdadeiro, e aquele que tu enviaste, Jesus Cristo.\u201d** N\u00e3o se trata de uma simples cren\u00e7a intelectual, mas de um relacionamento \u00edntimo, de uma amizade profunda com o Senhor.<\/p>\n<p>Para que essa amizade flores\u00e7a, precisamos estar em estado de gra\u00e7a, abertos \u00e0 presen\u00e7a de Deus em nossas vidas. Quando nos afastamos dessa gra\u00e7a, como Ad\u00e3o e Eva em seu isolamento, perdemos a comunh\u00e3o e a alegria de estarmos em Sua presen\u00e7a. <\/p>\n<p>### O C\u00e9u Come\u00e7a Aqui<\/p>\n<p>\u00c9 crucial compreender que a vida eterna n\u00e3o \u00e9 uma conquista futura, distante e inating\u00edvel. Ela se inicia aqui, na Terra, a partir do momento em que reconhecemos a presen\u00e7a de Deus em nosso cora\u00e7\u00e3o. **A vida eterna come\u00e7ou j\u00e1, j\u00e1 come\u00e7ou.**  Quanto mais nos aproximamos de Deus, quanto mais o conhecemos atrav\u00e9s de Jesus Cristo, mais nos aproximamos do c\u00e9u.<\/p>\n<p>N\u00e3o conhecer a Jesus nessa Terra j\u00e1 \u00e9 uma vida de condena\u00e7\u00e3o, pois nos privamos do amor e da gra\u00e7a que nos s\u00e3o oferecidos. Aquele que n\u00e3o o busca, n\u00e3o o ama, n\u00e3o guarda Seus mandamentos, ouvir\u00e1 a triste senten\u00e7a: \u201cEu n\u00e3o vos conhe\u00e7o\u201d.<\/p>\n<p>### A Gra\u00e7a e a Perda<\/p>\n<p>Fomos introduzidos a essa vida de gra\u00e7a no momento do nosso batismo, um sacramento que nos marca e nos une a Cristo. No entanto, essa gra\u00e7a pode ser perdida, atrav\u00e9s do pecado mortal. A escolha de desviar-se do caminho da f\u00e9 nos afasta de Deus e nos condena \u00e0 eterna separa\u00e7\u00e3o.<\/p>\n<p>Quantas pessoas, outrora banhadas pela gra\u00e7a do batismo, preferiram os caminhos do mundo, perdendo a amizade com Deus?  A triste realidade \u00e9 que o pecado, sem arrependimento, acarreta a condena\u00e7\u00e3o eterna.<\/p>\n<p>### O Caminho da Reconcilia\u00e7\u00e3o<\/p>\n<p>A esperan\u00e7a reside no arrependimento sincero e na busca pelo perd\u00e3o. **Nada melhor do que uma linda e profunda confiss\u00e3o** para restaurar a gra\u00e7a e a paz interior. Ao nos abrirmos \u00e0 miseric\u00f3rdia divina, somos renovados e fortalecidos para continuar a jornada da f\u00e9.<\/p>\n<p>Lembremos que o c\u00e9u e o inferno n\u00e3o s\u00e3o destinos futuros, mas realidades que se manifestam aqui e agora. O c\u00e9u come\u00e7a com o conhecimento de Deus, com o amor ao pr\u00f3ximo e com a pr\u00e1tica da justi\u00e7a. O inferno se revela na aus\u00eancia de Deus, na falta de amor e na busca ego\u00edsta por prazeres terrenos.<\/p>\n<p>### Uma Vida de Amor e Uni\u00e3o<\/p>\n<p>Que possamos, a cada dia, aprofundar nosso relacionamento com Deus, buscando a Sua vontade em nossas vidas. Que possamos irradiar a Sua luz e o Seu amor a todos aqueles que encontramos. A vida eterna n\u00e3o \u00e9 uma promessa vazia, mas um convite \u00e0 comunh\u00e3o com o Divino, uma jornada de amor e de uni\u00e3o que se estende para al\u00e9m dos limites da nossa exist\u00eancia terrena.<\/p>\n<p>A chama da vida eterna arde em nossos cora\u00e7\u00f5es. Que possamos acend\u00ea-la e compartilhar o seu calor com o mundo.<\/p>\n","protected":false},"excerpt":{"rendered":"<p>## A Chama da Vida Eterna: Um Encontro com o Divino A busca pela eternidade permeia a alma humana. Observamos o passar do tempo, a transitoriedade da exist\u00eancia, e ansiamos por algo que transcenda os limites da nossa jornada terrena. Jesus nos revela, em sua profunda ora\u00e7\u00e3o, a ess\u00eancia dessa esperan\u00e7a, convidando-nos a contemplar a [&hellip;]<\/p>\n","protected":false},"author":1,"featured_media":0,"comment_status":"closed","ping_status":"open","sticky":false,"template":"","format":"standard","meta":{"footnotes":""},"categories":[14],"tags":[],"class_list":["post-6504","post","type-post","status-publish","format-standard","hentry","category-reflexao"],"yoast_head":"<!-- This site is optimized with the Yoast SEO plugin v27.2 - https:\/\/yoast.com\/product\/yoast-seo-wordpress\/ -->\n<title>Vida Eterna: Encontro com o Divino e a Esperan\u00e7a Humana - Salmos B\u00edblicos<\/title>\n<meta name=\"robots\" content=\"index, follow, max-snippet:-1, max-image-preview:large, max-video-preview:-1\" \/>\n<link rel=\"canonical\" href=\"https:\/\/salmosbiblicos.com.br\/index.php\/2026\/04\/02\/vida-eterna-encontro-com-o-divino-e-a-esperanca-humana\/\" \/>\n<meta property=\"og:locale\" content=\"pt_BR\" \/>\n<meta property=\"og:type\" content=\"article\" \/>\n<meta property=\"og:title\" content=\"Vida Eterna: Encontro com o Divino e a Esperan\u00e7a Humana - Salmos B\u00edblicos\" \/>\n<meta property=\"og:description\" content=\"## A Chama da Vida Eterna: Um Encontro com o Divino A busca pela eternidade permeia a alma humana. Observamos o passar do tempo, a transitoriedade da exist\u00eancia, e ansiamos por algo que transcenda os limites da nossa jornada terrena. Jesus nos revela, em sua profunda ora\u00e7\u00e3o, a ess\u00eancia dessa esperan\u00e7a, convidando-nos a contemplar a [&hellip;]\" \/>\n<meta property=\"og:url\" content=\"https:\/\/salmosbiblicos.com.br\/index.php\/2026\/04\/02\/vida-eterna-encontro-com-o-divino-e-a-esperanca-humana\/\" \/>\n<meta property=\"og:site_name\" content=\"Salmos B\u00edblicos\" \/>\n<meta property=\"article:published_time\" content=\"2026-04-02T21:37:38+00:00\" \/>\n<meta name=\"author\" content=\"alextreh@gmail.com\" \/>\n<meta name=\"twitter:card\" content=\"summary_large_image\" \/>\n<meta name=\"twitter:label1\" content=\"Escrito por\" \/>\n\t<meta name=\"twitter:data1\" content=\"alextreh@gmail.com\" \/>\n\t<meta name=\"twitter:label2\" content=\"Est. tempo de leitura\" \/>\n\t<meta name=\"twitter:data2\" content=\"3 minutos\" \/>\n<script type=\"application\/ld+json\" class=\"yoast-schema-graph\">{\"@context\":\"https:\/\/schema.org\",\"@graph\":[{\"@type\":\"Article\",\"@id\":\"https:\/\/salmosbiblicos.com.br\/index.php\/2026\/04\/02\/vida-eterna-encontro-com-o-divino-e-a-esperanca-humana\/#article\",\"isPartOf\":{\"@id\":\"https:\/\/salmosbiblicos.com.br\/index.php\/2026\/04\/02\/vida-eterna-encontro-com-o-divino-e-a-esperanca-humana\/\"},\"author\":{\"name\":\"alextreh@gmail.com\",\"@id\":\"https:\/\/salmosbiblicos.com.br\/#\/schema\/person\/30586d0fb3f3a46b78a3414fc39cc975\"},\"headline\":\"Vida Eterna: Encontro com o Divino e a Esperan\u00e7a Humana\",\"datePublished\":\"2026-04-02T21:37:38+00:00\",\"mainEntityOfPage\":{\"@id\":\"https:\/\/salmosbiblicos.com.br\/index.php\/2026\/04\/02\/vida-eterna-encontro-com-o-divino-e-a-esperanca-humana\/\"},\"wordCount\":628,\"articleSection\":[\"Reflex\u00e3o\"],\"inLanguage\":\"pt-BR\"},{\"@type\":\"WebPage\",\"@id\":\"https:\/\/salmosbiblicos.com.br\/index.php\/2026\/04\/02\/vida-eterna-encontro-com-o-divino-e-a-esperanca-humana\/\",\"url\":\"https:\/\/salmosbiblicos.com.br\/index.php\/2026\/04\/02\/vida-eterna-encontro-com-o-divino-e-a-esperanca-humana\/\",\"name\":\"Vida Eterna: Encontro com o Divino e a Esperan\u00e7a Humana - Salmos B\u00edblicos\",\"isPartOf\":{\"@id\":\"https:\/\/salmosbiblicos.com.br\/#website\"},\"datePublished\":\"2026-04-02T21:37:38+00:00\",\"author\":{\"@id\":\"https:\/\/salmosbiblicos.com.br\/#\/schema\/person\/30586d0fb3f3a46b78a3414fc39cc975\"},\"breadcrumb\":{\"@id\":\"https:\/\/salmosbiblicos.com.br\/index.php\/2026\/04\/02\/vida-eterna-encontro-com-o-divino-e-a-esperanca-humana\/#breadcrumb\"},\"inLanguage\":\"pt-BR\",\"potentialAction\":[{\"@type\":\"ReadAction\",\"target\":[\"https:\/\/salmosbiblicos.com.br\/index.php\/2026\/04\/02\/vida-eterna-encontro-com-o-divino-e-a-esperanca-humana\/\"]}]},{\"@type\":\"BreadcrumbList\",\"@id\":\"https:\/\/salmosbiblicos.com.br\/index.php\/2026\/04\/02\/vida-eterna-encontro-com-o-divino-e-a-esperanca-humana\/#breadcrumb\",\"itemListElement\":[{\"@type\":\"ListItem\",\"position\":1,\"name\":\"Home\",\"item\":\"https:\/\/salmosbiblicos.com.br\/\"},{\"@type\":\"ListItem\",\"position\":2,\"name\":\"Vida Eterna: Encontro com o Divino e a Esperan\u00e7a Humana\"}]},{\"@type\":\"WebSite\",\"@id\":\"https:\/\/salmosbiblicos.com.br\/#website\",\"url\":\"https:\/\/salmosbiblicos.com.br\/\",\"name\":\"Salmos B\u00edblicos\",\"description\":\"Uma e-Livraria com e-Books novos para voc\u00ea refletir.\",\"potentialAction\":[{\"@type\":\"SearchAction\",\"target\":{\"@type\":\"EntryPoint\",\"urlTemplate\":\"https:\/\/salmosbiblicos.com.br\/?s={search_term_string}\"},\"query-input\":{\"@type\":\"PropertyValueSpecification\",\"valueRequired\":true,\"valueName\":\"search_term_string\"}}],\"inLanguage\":\"pt-BR\"},{\"@type\":\"Person\",\"@id\":\"https:\/\/salmosbiblicos.com.br\/#\/schema\/person\/30586d0fb3f3a46b78a3414fc39cc975\",\"name\":\"alextreh@gmail.com\",\"image\":{\"@type\":\"ImageObject\",\"inLanguage\":\"pt-BR\",\"@id\":\"https:\/\/secure.gravatar.com\/avatar\/7cf84d31f581ec97b887c1039d478a7c293086896c84951a86753fb2c2af7527?s=96&d=mm&r=g\",\"url\":\"https:\/\/secure.gravatar.com\/avatar\/7cf84d31f581ec97b887c1039d478a7c293086896c84951a86753fb2c2af7527?s=96&d=mm&r=g\",\"contentUrl\":\"https:\/\/secure.gravatar.com\/avatar\/7cf84d31f581ec97b887c1039d478a7c293086896c84951a86753fb2c2af7527?s=96&d=mm&r=g\",\"caption\":\"alextreh@gmail.com\"},\"sameAs\":[\"http:\/\/salmosbiblicos.com.br\"],\"url\":\"https:\/\/salmosbiblicos.com.br\/index.php\/author\/alextrehgmail-com\/\"}]}<\/script>\n<!-- \/ Yoast SEO plugin. -->","yoast_head_json":{"title":"Vida Eterna: Encontro com o Divino e a Esperan\u00e7a Humana - Salmos B\u00edblicos","robots":{"index":"index","follow":"follow","max-snippet":"max-snippet:-1","max-image-preview":"max-image-preview:large","max-video-preview":"max-video-preview:-1"},"canonical":"https:\/\/salmosbiblicos.com.br\/index.php\/2026\/04\/02\/vida-eterna-encontro-com-o-divino-e-a-esperanca-humana\/","og_locale":"pt_BR","og_type":"article","og_title":"Vida Eterna: Encontro com o Divino e a Esperan\u00e7a Humana - Salmos B\u00edblicos","og_description":"## A Chama da Vida Eterna: Um Encontro com o Divino A busca pela eternidade permeia a alma humana. Observamos o passar do tempo, a transitoriedade da exist\u00eancia, e ansiamos por algo que transcenda os limites da nossa jornada terrena. Jesus nos revela, em sua profunda ora\u00e7\u00e3o, a ess\u00eancia dessa esperan\u00e7a, convidando-nos a contemplar a [&hellip;]","og_url":"https:\/\/salmosbiblicos.com.br\/index.php\/2026\/04\/02\/vida-eterna-encontro-com-o-divino-e-a-esperanca-humana\/","og_site_name":"Salmos B\u00edblicos","article_published_time":"2026-04-02T21:37:38+00:00","author":"alextreh@gmail.com","twitter_card":"summary_large_image","twitter_misc":{"Escrito por":"alextreh@gmail.com","Est. tempo de leitura":"3 minutos"},"schema":{"@context":"https:\/\/schema.org","@graph":[{"@type":"Article","@id":"https:\/\/salmosbiblicos.com.br\/index.php\/2026\/04\/02\/vida-eterna-encontro-com-o-divino-e-a-esperanca-humana\/#article","isPartOf":{"@id":"https:\/\/salmosbiblicos.com.br\/index.php\/2026\/04\/02\/vida-eterna-encontro-com-o-divino-e-a-esperanca-humana\/"},"author":{"name":"alextreh@gmail.com","@id":"https:\/\/salmosbiblicos.com.br\/#\/schema\/person\/30586d0fb3f3a46b78a3414fc39cc975"},"headline":"Vida Eterna: Encontro com o Divino e a Esperan\u00e7a Humana","datePublished":"2026-04-02T21:37:38+00:00","mainEntityOfPage":{"@id":"https:\/\/salmosbiblicos.com.br\/index.php\/2026\/04\/02\/vida-eterna-encontro-com-o-divino-e-a-esperanca-humana\/"},"wordCount":628,"articleSection":["Reflex\u00e3o"],"inLanguage":"pt-BR"},{"@type":"WebPage","@id":"https:\/\/salmosbiblicos.com.br\/index.php\/2026\/04\/02\/vida-eterna-encontro-com-o-divino-e-a-esperanca-humana\/","url":"https:\/\/salmosbiblicos.com.br\/index.php\/2026\/04\/02\/vida-eterna-encontro-com-o-divino-e-a-esperanca-humana\/","name":"Vida Eterna: Encontro com o Divino e a Esperan\u00e7a Humana - Salmos B\u00edblicos","isPartOf":{"@id":"https:\/\/salmosbiblicos.com.br\/#website"},"datePublished":"2026-04-02T21:37:38+00:00","author":{"@id":"https:\/\/salmosbiblicos.com.br\/#\/schema\/person\/30586d0fb3f3a46b78a3414fc39cc975"},"breadcrumb":{"@id":"https:\/\/salmosbiblicos.com.br\/index.php\/2026\/04\/02\/vida-eterna-encontro-com-o-divino-e-a-esperanca-humana\/#breadcrumb"},"inLanguage":"pt-BR","potentialAction":[{"@type":"ReadAction","target":["https:\/\/salmosbiblicos.com.br\/index.php\/2026\/04\/02\/vida-eterna-encontro-com-o-divino-e-a-esperanca-humana\/"]}]},{"@type":"BreadcrumbList","@id":"https:\/\/salmosbiblicos.com.br\/index.php\/2026\/04\/02\/vida-eterna-encontro-com-o-divino-e-a-esperanca-humana\/#breadcrumb","itemListElement":[{"@type":"ListItem","position":1,"name":"Home","item":"https:\/\/salmosbiblicos.com.br\/"},{"@type":"ListItem","position":2,"name":"Vida Eterna: Encontro com o Divino e a Esperan\u00e7a Humana"}]},{"@type":"WebSite","@id":"https:\/\/salmosbiblicos.com.br\/#website","url":"https:\/\/salmosbiblicos.com.br\/","name":"Salmos B\u00edblicos","description":"Uma e-Livraria com e-Books novos para voc\u00ea refletir.","potentialAction":[{"@type":"SearchAction","target":{"@type":"EntryPoint","urlTemplate":"https:\/\/salmosbiblicos.com.br\/?s={search_term_string}"},"query-input":{"@type":"PropertyValueSpecification","valueRequired":true,"valueName":"search_term_string"}}],"inLanguage":"pt-BR"},{"@type":"Person","@id":"https:\/\/salmosbiblicos.com.br\/#\/schema\/person\/30586d0fb3f3a46b78a3414fc39cc975","name":"alextreh@gmail.com","image":{"@type":"ImageObject","inLanguage":"pt-BR","@id":"https:\/\/secure.gravatar.com\/avatar\/7cf84d31f581ec97b887c1039d478a7c293086896c84951a86753fb2c2af7527?s=96&d=mm&r=g","url":"https:\/\/secure.gravatar.com\/avatar\/7cf84d31f581ec97b887c1039d478a7c293086896c84951a86753fb2c2af7527?s=96&d=mm&r=g","contentUrl":"https:\/\/secure.gravatar.com\/avatar\/7cf84d31f581ec97b887c1039d478a7c293086896c84951a86753fb2c2af7527?s=96&d=mm&r=g","caption":"alextreh@gmail.com"},"sameAs":["http:\/\/salmosbiblicos.com.br"],"url":"https:\/\/salmosbiblicos.com.br\/index.php\/author\/alextrehgmail-com\/"}]}},"_links":{"self":[{"href":"https:\/\/salmosbiblicos.com.br\/index.php\/wp-json\/wp\/v2\/posts\/6504","targetHints":{"allow":["GET"]}}],"collection":[{"href":"https:\/\/salmosbiblicos.com.br\/index.php\/wp-json\/wp\/v2\/posts"}],"about":[{"href":"https:\/\/salmosbiblicos.com.br\/index.php\/wp-json\/wp\/v2\/types\/post"}],"author":[{"embeddable":true,"href":"https:\/\/salmosbiblicos.com.br\/index.php\/wp-json\/wp\/v2\/users\/1"}],"replies":[{"embeddable":true,"href":"https:\/\/salmosbiblicos.com.br\/index.php\/wp-json\/wp\/v2\/comments?post=6504"}],"version-history":[{"count":1,"href":"https:\/\/salmosbiblicos.com.br\/index.php\/wp-json\/wp\/v2\/posts\/6504\/revisions"}],"predecessor-version":[{"id":6505,"href":"https:\/\/salmosbiblicos.com.br\/index.php\/wp-json\/wp\/v2\/posts\/6504\/revisions\/6505"}],"wp:attachment":[{"href":"https:\/\/salmosbiblicos.com.br\/index.php\/wp-json\/wp\/v2\/media?parent=6504"}],"wp:term":[{"taxonomy":"category","embeddable":true,"href":"https:\/\/salmosbiblicos.com.br\/index.php\/wp-json\/wp\/v2\/categories?post=6504"},{"taxonomy":"post_tag","embeddable":true,"href":"https:\/\/salmosbiblicos.com.br\/index.php\/wp-json\/wp\/v2\/tags?post=6504"}],"curies":[{"name":"wp","href":"https:\/\/api.w.org\/{rel}","templated":true}]}}