{"id":6525,"date":"2026-04-03T23:04:23","date_gmt":"2026-04-04T02:04:23","guid":{"rendered":"https:\/\/salmosbiblicos.com.br\/?p=6525"},"modified":"2026-04-03T23:04:23","modified_gmt":"2026-04-04T02:04:23","slug":"fuga-de-deus-raizes-do-medo-e-do-exilio-na-historia-humana","status":"publish","type":"post","link":"https:\/\/salmosbiblicos.com.br\/index.php\/2026\/04\/03\/fuga-de-deus-raizes-do-medo-e-do-exilio-na-historia-humana\/","title":{"rendered":"Fuga de Deus: Ra\u00edzes do Medo e do Ex\u00edlio na Hist\u00f3ria Humana"},"content":{"rendered":"<p>## A Fuga que nos Desfigura<\/p>\n<p>Muitas vezes, acreditamos que estamos correndo em dire\u00e7\u00e3o a novas conquistas ou tentando alcan\u00e7ar horizontes desconhecidos, quando, na verdade, estamos apenas tentando **fugir de quem realmente somos**.<\/p>\n<p>Existe uma ilus\u00e3o perigosa em acreditar que o distanciamento do Criador \u00e9 uma jornada de liberdade. A verdade profunda e muitas na alma \u00e9 que, ao tentarmos fugir de Deus, estamos, inevitavelmente, **fugindo de nossa pr\u00f3pria ess\u00eancia**.<\/p>\n<p>Como fomos criados \u00e0 imagem e semelhan\u00e7a do Alt\u00edssimo, n\u00e3o h\u00e1 como nos desconectarmos da nossa origem sem nos fragmentarmos por dentro. **A nossa verdadeira identidade reside nEle**.<\/p>\n<p>## O Ciclo do Ex\u00edlio na Hist\u00f3ria Humana<\/p>\n<p>A hist\u00f3ria da humanidade \u00e9 marcada por tentativas de fuga, onde o ser humano busca ref\u00fagio em lugares que, no fim, revelam apenas o vazio de si mesmo.<\/p>\n<p>### O Esconderijo e o Medo<br \/>Desde o princ\u00edpio, o padr\u00e3o do afastamento se manifestou. Ao ouvirem os passos de Deus no jardim, o primeiro homem e sua mulher buscaram as \u00e1rvores para se esconder. <\/p>\n<p>O medo da nudez e da vulnerabilidade os fez buscar um esconderijo, mas a fuga de Deus foi, na verdade, uma **fuga da pr\u00f3pria dignidade**. Eles se perderam de si mesmos no momento em que tentaram se ocultar da Presen\u00e7a.<\/p>\n<p>### O Caminho de Caim e Jonas<br \/>Esse movimento de retirada continua a ecoar atrav\u00e9s dos s\u00e9culos:<br \/>* **Caim**, ao se afastar da presen\u00e7a do Senhor, tornou-se um errante, habitando em uma terra de ex\u00edlio.<br \/>* **Jonas**, ao tentar navegar em dire\u00e7\u00e3o a T\u00e1rsis, tentou fugir de uma miss\u00e3o divina, esquecendo que n\u00e3o h\u00e1 oceano capaz de ocultar o cora\u00e7\u00e3o do homem de sua pr\u00f3pria consci\u00eancia.<\/p>\n<p>Cada um desses exemplos nos ensina que o afastamento de Deus n\u00e3o \u00e9 um deslocamento geogr\u00e1fico, mas um **estado de ex\u00edlio espiritual**.<\/p>\n<p>## A Li\u00e7\u00e3o do Filho que Retornou<\/p>\n<p>A par\u00e1bola do filho pr\u00f3digo nos oferece o mapa para o reencontro. O jovem que partiu em busca de uma vida sem limites, esbanjando sua heran\u00e7a, descobriu que a liberdade sem o Pai era, na verdade, uma **escravid\u00e3o \u00e0 necessidade**.<\/p>\n<p>Quando a fome chegou e o deserto se tornou o seu \u00fanico companheiro, ele compreendeu a maior das verdades: a sua dignidade estava na casa do pai.<\/p>\n<p>### O Reconhecimento da Pr\u00f3pria Mis\u00e9ria<br \/>O ponto de virada n\u00e3o foi apenas o desejo de comida, mas o reconhecimento do erro: **&#8221;Pequei contra o c\u00e9u e contra ti&#8221;**. Ele n\u00e3o buscou apenas o p\u00e3o, buscou a sua identidade de filho.<\/p>\n<p>Ao decidir voltar, ele n\u00e3o buscava privil\u00e9gios, mas apenas o lugar de um empregado. No entanto, o encontro com a miseric\u00f3rdia o restaurou com:<br \/>* **A melhor t\u00fanica**, devolvendo-lhe a dignidade.<br \/>* **O anel no dedo**, devolvendo-lhe a autoridade.<br \/>* **As sand\u00e1lias nos p\u00e9s**, devolvendo-lhe a caminhada firme.<\/p>\n<p>### O Perigo da Presen\u00e7a sem Cora\u00e7\u00e3o<br \/>N\u00e3o podemos esquecer o irm\u00e3o mais velho, que permaneceu no campo, cumprindo todas as regras, mas com o cora\u00e7\u00e3o endurecido pela amargura. Ele estava fisicamente presente, mas sua alma estava t\u00e3o distante quanto a do irm\u00e3o que partiu. A obedi\u00eancia sem amor \u00e9 apenas uma forma mais sutil de **estar exilado de casa**.<\/p>\n<p>## A Reintegra\u00e7\u00e3o da Alma<\/p>\n<p>Quem se separa da luz de Cristo torna-se um estrangeiro em sua pr\u00f3pria p\u00e1tria. N\u00e3o somos apenas passageiros neste mundo; somos parte de uma fam\u00edlia divina, aproximados pelo sacrif\u00edcio que nos resgatou da sombra.<\/p>\n<p>**A luz resplandeceu** para aqueles que, cansados de fugir, decidiram voltar.<\/p>\n<p>Se voc\u00ea sente que est\u00e1 perdido em um lugar distante, saiba que o caminho de volta \u00e9 o caminho para encontrar a si mesmo. N\u00e3o fuja de Deus, pois, ao fazer isso, voc\u00ea estar\u00e1 apenas abandonando o seu pr\u00f3prio cora\u00e7\u00e3o. **Volte para a sua ess\u00eancia; volte para o seu verdadeiro lar.**<\/p>\n","protected":false},"excerpt":{"rendered":"<p>## A Fuga que nos Desfigura Muitas vezes, acreditamos que estamos correndo em dire\u00e7\u00e3o a novas conquistas ou tentando alcan\u00e7ar horizontes desconhecidos, quando, na verdade, estamos apenas tentando **fugir de quem realmente somos**. Existe uma ilus\u00e3o perigosa em acreditar que o distanciamento do Criador \u00e9 uma jornada de liberdade. A verdade profunda e muitas na [&hellip;]<\/p>\n","protected":false},"author":1,"featured_media":0,"comment_status":"closed","ping_status":"open","sticky":false,"template":"","format":"standard","meta":{"footnotes":""},"categories":[14],"tags":[],"class_list":["post-6525","post","type-post","status-publish","format-standard","hentry","category-reflexao"],"yoast_head":"<!-- This site is optimized with the Yoast SEO plugin v27.2 - https:\/\/yoast.com\/product\/yoast-seo-wordpress\/ -->\n<title>Fuga de Deus: Ra\u00edzes do Medo e do Ex\u00edlio na Hist\u00f3ria Humana - Salmos B\u00edblicos<\/title>\n<meta name=\"robots\" content=\"index, follow, max-snippet:-1, max-image-preview:large, max-video-preview:-1\" \/>\n<link rel=\"canonical\" href=\"https:\/\/salmosbiblicos.com.br\/index.php\/2026\/04\/03\/fuga-de-deus-raizes-do-medo-e-do-exilio-na-historia-humana\/\" \/>\n<meta property=\"og:locale\" content=\"pt_BR\" \/>\n<meta property=\"og:type\" content=\"article\" \/>\n<meta property=\"og:title\" content=\"Fuga de Deus: Ra\u00edzes do Medo e do Ex\u00edlio na Hist\u00f3ria Humana - Salmos B\u00edblicos\" \/>\n<meta property=\"og:description\" content=\"## A Fuga que nos Desfigura Muitas vezes, acreditamos que estamos correndo em dire\u00e7\u00e3o a novas conquistas ou tentando alcan\u00e7ar horizontes desconhecidos, quando, na verdade, estamos apenas tentando **fugir de quem realmente somos**. Existe uma ilus\u00e3o perigosa em acreditar que o distanciamento do Criador \u00e9 uma jornada de liberdade. A verdade profunda e muitas na [&hellip;]\" \/>\n<meta property=\"og:url\" content=\"https:\/\/salmosbiblicos.com.br\/index.php\/2026\/04\/03\/fuga-de-deus-raizes-do-medo-e-do-exilio-na-historia-humana\/\" \/>\n<meta property=\"og:site_name\" content=\"Salmos B\u00edblicos\" \/>\n<meta property=\"article:published_time\" content=\"2026-04-04T02:04:23+00:00\" \/>\n<meta name=\"author\" content=\"alextreh@gmail.com\" \/>\n<meta name=\"twitter:card\" content=\"summary_large_image\" \/>\n<meta name=\"twitter:label1\" content=\"Escrito por\" \/>\n\t<meta name=\"twitter:data1\" content=\"alextreh@gmail.com\" \/>\n\t<meta name=\"twitter:label2\" content=\"Est. tempo de leitura\" \/>\n\t<meta name=\"twitter:data2\" content=\"3 minutos\" \/>\n<script type=\"application\/ld+json\" class=\"yoast-schema-graph\">{\"@context\":\"https:\/\/schema.org\",\"@graph\":[{\"@type\":\"Article\",\"@id\":\"https:\/\/salmosbiblicos.com.br\/index.php\/2026\/04\/03\/fuga-de-deus-raizes-do-medo-e-do-exilio-na-historia-humana\/#article\",\"isPartOf\":{\"@id\":\"https:\/\/salmosbiblicos.com.br\/index.php\/2026\/04\/03\/fuga-de-deus-raizes-do-medo-e-do-exilio-na-historia-humana\/\"},\"author\":{\"name\":\"alextreh@gmail.com\",\"@id\":\"https:\/\/salmosbiblicos.com.br\/#\/schema\/person\/30586d0fb3f3a46b78a3414fc39cc975\"},\"headline\":\"Fuga de Deus: Ra\u00edzes do Medo e do Ex\u00edlio na Hist\u00f3ria Humana\",\"datePublished\":\"2026-04-04T02:04:23+00:00\",\"mainEntityOfPage\":{\"@id\":\"https:\/\/salmosbiblicos.com.br\/index.php\/2026\/04\/03\/fuga-de-deus-raizes-do-medo-e-do-exilio-na-historia-humana\/\"},\"wordCount\":676,\"articleSection\":[\"Reflex\u00e3o\"],\"inLanguage\":\"pt-BR\"},{\"@type\":\"WebPage\",\"@id\":\"https:\/\/salmosbiblicos.com.br\/index.php\/2026\/04\/03\/fuga-de-deus-raizes-do-medo-e-do-exilio-na-historia-humana\/\",\"url\":\"https:\/\/salmosbiblicos.com.br\/index.php\/2026\/04\/03\/fuga-de-deus-raizes-do-medo-e-do-exilio-na-historia-humana\/\",\"name\":\"Fuga de Deus: Ra\u00edzes do Medo e do Ex\u00edlio na Hist\u00f3ria Humana - Salmos B\u00edblicos\",\"isPartOf\":{\"@id\":\"https:\/\/salmosbiblicos.com.br\/#website\"},\"datePublished\":\"2026-04-04T02:04:23+00:00\",\"author\":{\"@id\":\"https:\/\/salmosbiblicos.com.br\/#\/schema\/person\/30586d0fb3f3a46b78a3414fc39cc975\"},\"breadcrumb\":{\"@id\":\"https:\/\/salmosbiblicos.com.br\/index.php\/2026\/04\/03\/fuga-de-deus-raizes-do-medo-e-do-exilio-na-historia-humana\/#breadcrumb\"},\"inLanguage\":\"pt-BR\",\"potentialAction\":[{\"@type\":\"ReadAction\",\"target\":[\"https:\/\/salmosbiblicos.com.br\/index.php\/2026\/04\/03\/fuga-de-deus-raizes-do-medo-e-do-exilio-na-historia-humana\/\"]}]},{\"@type\":\"BreadcrumbList\",\"@id\":\"https:\/\/salmosbiblicos.com.br\/index.php\/2026\/04\/03\/fuga-de-deus-raizes-do-medo-e-do-exilio-na-historia-humana\/#breadcrumb\",\"itemListElement\":[{\"@type\":\"ListItem\",\"position\":1,\"name\":\"Home\",\"item\":\"https:\/\/salmosbiblicos.com.br\/\"},{\"@type\":\"ListItem\",\"position\":2,\"name\":\"Fuga de Deus: Ra\u00edzes do Medo e do Ex\u00edlio na Hist\u00f3ria Humana\"}]},{\"@type\":\"WebSite\",\"@id\":\"https:\/\/salmosbiblicos.com.br\/#website\",\"url\":\"https:\/\/salmosbiblicos.com.br\/\",\"name\":\"Salmos B\u00edblicos\",\"description\":\"Uma e-Livraria com e-Books novos para voc\u00ea refletir.\",\"potentialAction\":[{\"@type\":\"SearchAction\",\"target\":{\"@type\":\"EntryPoint\",\"urlTemplate\":\"https:\/\/salmosbiblicos.com.br\/?s={search_term_string}\"},\"query-input\":{\"@type\":\"PropertyValueSpecification\",\"valueRequired\":true,\"valueName\":\"search_term_string\"}}],\"inLanguage\":\"pt-BR\"},{\"@type\":\"Person\",\"@id\":\"https:\/\/salmosbiblicos.com.br\/#\/schema\/person\/30586d0fb3f3a46b78a3414fc39cc975\",\"name\":\"alextreh@gmail.com\",\"image\":{\"@type\":\"ImageObject\",\"inLanguage\":\"pt-BR\",\"@id\":\"https:\/\/secure.gravatar.com\/avatar\/7cf84d31f581ec97b887c1039d478a7c293086896c84951a86753fb2c2af7527?s=96&d=mm&r=g\",\"url\":\"https:\/\/secure.gravatar.com\/avatar\/7cf84d31f581ec97b887c1039d478a7c293086896c84951a86753fb2c2af7527?s=96&d=mm&r=g\",\"contentUrl\":\"https:\/\/secure.gravatar.com\/avatar\/7cf84d31f581ec97b887c1039d478a7c293086896c84951a86753fb2c2af7527?s=96&d=mm&r=g\",\"caption\":\"alextreh@gmail.com\"},\"sameAs\":[\"http:\/\/salmosbiblicos.com.br\"],\"url\":\"https:\/\/salmosbiblicos.com.br\/index.php\/author\/alextrehgmail-com\/\"}]}<\/script>\n<!-- \/ Yoast SEO plugin. -->","yoast_head_json":{"title":"Fuga de Deus: Ra\u00edzes do Medo e do Ex\u00edlio na Hist\u00f3ria Humana - Salmos B\u00edblicos","robots":{"index":"index","follow":"follow","max-snippet":"max-snippet:-1","max-image-preview":"max-image-preview:large","max-video-preview":"max-video-preview:-1"},"canonical":"https:\/\/salmosbiblicos.com.br\/index.php\/2026\/04\/03\/fuga-de-deus-raizes-do-medo-e-do-exilio-na-historia-humana\/","og_locale":"pt_BR","og_type":"article","og_title":"Fuga de Deus: Ra\u00edzes do Medo e do Ex\u00edlio na Hist\u00f3ria Humana - Salmos B\u00edblicos","og_description":"## A Fuga que nos Desfigura Muitas vezes, acreditamos que estamos correndo em dire\u00e7\u00e3o a novas conquistas ou tentando alcan\u00e7ar horizontes desconhecidos, quando, na verdade, estamos apenas tentando **fugir de quem realmente somos**. Existe uma ilus\u00e3o perigosa em acreditar que o distanciamento do Criador \u00e9 uma jornada de liberdade. A verdade profunda e muitas na [&hellip;]","og_url":"https:\/\/salmosbiblicos.com.br\/index.php\/2026\/04\/03\/fuga-de-deus-raizes-do-medo-e-do-exilio-na-historia-humana\/","og_site_name":"Salmos B\u00edblicos","article_published_time":"2026-04-04T02:04:23+00:00","author":"alextreh@gmail.com","twitter_card":"summary_large_image","twitter_misc":{"Escrito por":"alextreh@gmail.com","Est. tempo de leitura":"3 minutos"},"schema":{"@context":"https:\/\/schema.org","@graph":[{"@type":"Article","@id":"https:\/\/salmosbiblicos.com.br\/index.php\/2026\/04\/03\/fuga-de-deus-raizes-do-medo-e-do-exilio-na-historia-humana\/#article","isPartOf":{"@id":"https:\/\/salmosbiblicos.com.br\/index.php\/2026\/04\/03\/fuga-de-deus-raizes-do-medo-e-do-exilio-na-historia-humana\/"},"author":{"name":"alextreh@gmail.com","@id":"https:\/\/salmosbiblicos.com.br\/#\/schema\/person\/30586d0fb3f3a46b78a3414fc39cc975"},"headline":"Fuga de Deus: Ra\u00edzes do Medo e do Ex\u00edlio na Hist\u00f3ria Humana","datePublished":"2026-04-04T02:04:23+00:00","mainEntityOfPage":{"@id":"https:\/\/salmosbiblicos.com.br\/index.php\/2026\/04\/03\/fuga-de-deus-raizes-do-medo-e-do-exilio-na-historia-humana\/"},"wordCount":676,"articleSection":["Reflex\u00e3o"],"inLanguage":"pt-BR"},{"@type":"WebPage","@id":"https:\/\/salmosbiblicos.com.br\/index.php\/2026\/04\/03\/fuga-de-deus-raizes-do-medo-e-do-exilio-na-historia-humana\/","url":"https:\/\/salmosbiblicos.com.br\/index.php\/2026\/04\/03\/fuga-de-deus-raizes-do-medo-e-do-exilio-na-historia-humana\/","name":"Fuga de Deus: Ra\u00edzes do Medo e do Ex\u00edlio na Hist\u00f3ria Humana - Salmos B\u00edblicos","isPartOf":{"@id":"https:\/\/salmosbiblicos.com.br\/#website"},"datePublished":"2026-04-04T02:04:23+00:00","author":{"@id":"https:\/\/salmosbiblicos.com.br\/#\/schema\/person\/30586d0fb3f3a46b78a3414fc39cc975"},"breadcrumb":{"@id":"https:\/\/salmosbiblicos.com.br\/index.php\/2026\/04\/03\/fuga-de-deus-raizes-do-medo-e-do-exilio-na-historia-humana\/#breadcrumb"},"inLanguage":"pt-BR","potentialAction":[{"@type":"ReadAction","target":["https:\/\/salmosbiblicos.com.br\/index.php\/2026\/04\/03\/fuga-de-deus-raizes-do-medo-e-do-exilio-na-historia-humana\/"]}]},{"@type":"BreadcrumbList","@id":"https:\/\/salmosbiblicos.com.br\/index.php\/2026\/04\/03\/fuga-de-deus-raizes-do-medo-e-do-exilio-na-historia-humana\/#breadcrumb","itemListElement":[{"@type":"ListItem","position":1,"name":"Home","item":"https:\/\/salmosbiblicos.com.br\/"},{"@type":"ListItem","position":2,"name":"Fuga de Deus: Ra\u00edzes do Medo e do Ex\u00edlio na Hist\u00f3ria Humana"}]},{"@type":"WebSite","@id":"https:\/\/salmosbiblicos.com.br\/#website","url":"https:\/\/salmosbiblicos.com.br\/","name":"Salmos B\u00edblicos","description":"Uma e-Livraria com e-Books novos para voc\u00ea refletir.","potentialAction":[{"@type":"SearchAction","target":{"@type":"EntryPoint","urlTemplate":"https:\/\/salmosbiblicos.com.br\/?s={search_term_string}"},"query-input":{"@type":"PropertyValueSpecification","valueRequired":true,"valueName":"search_term_string"}}],"inLanguage":"pt-BR"},{"@type":"Person","@id":"https:\/\/salmosbiblicos.com.br\/#\/schema\/person\/30586d0fb3f3a46b78a3414fc39cc975","name":"alextreh@gmail.com","image":{"@type":"ImageObject","inLanguage":"pt-BR","@id":"https:\/\/secure.gravatar.com\/avatar\/7cf84d31f581ec97b887c1039d478a7c293086896c84951a86753fb2c2af7527?s=96&d=mm&r=g","url":"https:\/\/secure.gravatar.com\/avatar\/7cf84d31f581ec97b887c1039d478a7c293086896c84951a86753fb2c2af7527?s=96&d=mm&r=g","contentUrl":"https:\/\/secure.gravatar.com\/avatar\/7cf84d31f581ec97b887c1039d478a7c293086896c84951a86753fb2c2af7527?s=96&d=mm&r=g","caption":"alextreh@gmail.com"},"sameAs":["http:\/\/salmosbiblicos.com.br"],"url":"https:\/\/salmosbiblicos.com.br\/index.php\/author\/alextrehgmail-com\/"}]}},"_links":{"self":[{"href":"https:\/\/salmosbiblicos.com.br\/index.php\/wp-json\/wp\/v2\/posts\/6525","targetHints":{"allow":["GET"]}}],"collection":[{"href":"https:\/\/salmosbiblicos.com.br\/index.php\/wp-json\/wp\/v2\/posts"}],"about":[{"href":"https:\/\/salmosbiblicos.com.br\/index.php\/wp-json\/wp\/v2\/types\/post"}],"author":[{"embeddable":true,"href":"https:\/\/salmosbiblicos.com.br\/index.php\/wp-json\/wp\/v2\/users\/1"}],"replies":[{"embeddable":true,"href":"https:\/\/salmosbiblicos.com.br\/index.php\/wp-json\/wp\/v2\/comments?post=6525"}],"version-history":[{"count":1,"href":"https:\/\/salmosbiblicos.com.br\/index.php\/wp-json\/wp\/v2\/posts\/6525\/revisions"}],"predecessor-version":[{"id":6526,"href":"https:\/\/salmosbiblicos.com.br\/index.php\/wp-json\/wp\/v2\/posts\/6525\/revisions\/6526"}],"wp:attachment":[{"href":"https:\/\/salmosbiblicos.com.br\/index.php\/wp-json\/wp\/v2\/media?parent=6525"}],"wp:term":[{"taxonomy":"category","embeddable":true,"href":"https:\/\/salmosbiblicos.com.br\/index.php\/wp-json\/wp\/v2\/categories?post=6525"},{"taxonomy":"post_tag","embeddable":true,"href":"https:\/\/salmosbiblicos.com.br\/index.php\/wp-json\/wp\/v2\/tags?post=6525"}],"curies":[{"name":"wp","href":"https:\/\/api.w.org\/{rel}","templated":true}]}}