{"id":6535,"date":"2026-04-03T23:59:26","date_gmt":"2026-04-04T02:59:26","guid":{"rendered":"https:\/\/salmosbiblicos.com.br\/?p=6535"},"modified":"2026-04-03T23:59:26","modified_gmt":"2026-04-04T02:59:26","slug":"coracao-pesado-perdao-e-a-liberdade-da-alma-interior","status":"publish","type":"post","link":"https:\/\/salmosbiblicos.com.br\/index.php\/2026\/04\/03\/coracao-pesado-perdao-e-a-liberdade-da-alma-interior\/","title":{"rendered":"Cora\u00e7\u00e3o Pesado: Perd\u00e3o e a Liberdade da Alma Interior"},"content":{"rendered":"<p>O peso que carregamos n\u00e3o vem, necessariamente, das dificuldades que o mundo nos imp\u00f5e, mas do que escolhemos guardar dentro de n\u00f3s. Muitas vezes, o cora\u00e7\u00e3o torna-se um fardo pesado por causa de senten\u00e7as que pronunciamos sobre os outros e de m\u00e1goas que nos recusamos a libertar.<\/p>\n<p>## O Desafio de uma Alma Livre<\/p>\n<p>Existem preceitos que s\u00e3o, por natureza, extremamente dif\u00edceis de praticar. A vida espiritual nos convida a enfrentar duas de suas maiores batalhas: **o dom\u00ednio sobre o julgamento e a coragem do perd\u00e3o.**<\/p>\n<p>\u00c9 natural da condi\u00e7\u00e3o humana a tend\u00eancia de apontar o erro alheio, de rotular o pr\u00f3ximo e de observar as falhas de quem nos cerca. Da mesma forma, \u00e9 uma inclina\u00e7\u00e3o natural sentir a dor da injusti\u00e7a e desejar retalia\u00e7\u00e3o quando somos feridos por mentiras, cal\u00fanias ou persegui\u00e7\u00f5es. No entanto, a verdadeira liberdade n\u00e3o reside em ter raz\u00e3o, mas em n\u00e3o permitir que o mal do outro contamine a nossa pr\u00f3pria ess\u00eancia.<\/p>\n<p>### A Lei da Retribui\u00e7\u00e3o Espiritual<\/p>\n<p>Precisamos compreender uma verdade profunda: **tudo o que emitimos, retorna para n\u00f3s.** O julgamento e a falta de perd\u00e3o n\u00e3o ferem apenas o pr\u00f3ximo; eles agridem a nossa pr\u00f3pria alma.<\/p>\n<p>A vida espiritual funciona sob uma medida de reciprocidade:<\/p>\n<p>*   **Ao julgar o outro**, voc\u00ea abre as portas para ser julgado.<\/p>\n<p>*   **Ao condenar**, voc\u00ea se coloca em uma posi\u00e7\u00e3o de vulnerabilidade \u00e0 condena\u00e7\u00e3o.<\/p>\n<p>*   **Ao perdoar**, voc\u00ea cria o espa\u00e7o para ser perdoado.<\/p>\n<p>*   **Ao dar com generosidade**, voc\u00ea recebe uma medida transbordante.<\/p>\n<p>A promessa \u00e9 clara: a medida que utilizarmos para medir o pr\u00f3ximo ser\u00e1 a medida com que seremos medidos. Se quisermos miseric\u00f3rdia, devemos ser o canal de miseric\u00f3rdia.<\/p>\n<p>## O Equil\u00edbrio entre a Justi\u00e7a e a Gra\u00e7a<\/p>\n<p>Um dos maiores erros da nossa caminhada \u00e9 tentar perdoar esperando que o outro **mere\u00e7a** o perd\u00e3o. Se condicionarmos o nosso perd\u00e3o ao m\u00e9rito de quem nos ofendeu, dificilmente o praticaremos, pois muitas vezes a ofensa \u00e9 imperdo\u00e1vel aos olhos humanos.<\/p>\n<p>A sabedoria nos ensina um caminho de prud\u00eancia e de entrega:<\/p>\n<p>### A Prud\u00eancia no Julgamento<br \/>Quando n\u00e3o conhecemos as profundezas do cora\u00e7\u00e3o alheio, a melhor escolha \u00e9 o sil\u00eancio. Se n\u00e3o somos capazes de julgar com uma **justi\u00e7a perfeita**, \u00e9 prefer\u00edvel n\u00e3o emitir senten\u00e7a. A justi\u00e7a exige o conhecimento da verdade plena; sem ela, o julgamento torna-se apenas um peso desnecess\u00e1rio para a nossa consci\u00eancia.<\/p>\n<p>### A Generosidade no Perd\u00e3o<br \/>O perd\u00e3o verdadeiro deve ser um ato de **gra\u00e7a**, e n\u00e3o de m\u00e9rito. Devemos perdoar gratuitamente, sem esperar retribui\u00e7\u00e3o ou mudan\u00e7a imediata de comportamento no outro. <\/p>\n<p>Devemos agir como aqueles que receberam um perd\u00e3o que n\u00e3o mereciam. Se esper\u00e1ssemos merecer o perd\u00e3o divino, jamais ser\u00edamos alcan\u00e7ados por ele. Portanto, por que exigir m\u00e9rito de quem nos fere? **A miseric\u00f3rdia deve triunfar sobre o julgamento.**<\/p>\n<p>## A Purifica\u00e7\u00e3o do Cora\u00e7\u00e3o<\/p>\n<p>Para vivermos uma vida de paz, \u00e9 necess\u00e1rio um processo de limpeza interna. N\u00e3o basta apenas n\u00e3o fazer o mal; \u00e9 preciso desterrar o mal que j\u00e1 criou ra\u00edzes em n\u00f3s.<\/p>\n<p>Devemos trabalhar ativamente para remover de nosso \u00edntimo:<br \/>*   **A amargura** e o ressentimento;<br \/>*   **A ira** e a indigna\u00e7\u00e3o desmedida;<br \/>*   **A cal\u00fania** e a maledic\u00eancia;<br \/>*   **A mal\u00edcia** e toda forma de agressividade.<\/p>\n<p>Em substitui\u00e7\u00e3o a esses sentimentos, devemos cultivar a **bondade**, a **compaix\u00e3o** e a **capacidade de perdoar mutuamente**. <\/p>\n<p>**Seja justo no seu julgamento, mas seja profundamente gracioso no seu perd\u00e3o.** Ao fazer isso, voc\u00ea n\u00e3o estar\u00e1 apenas fazendo o bem ao pr\u00f3ximo, mas estar\u00e1 libertando a sua pr\u00f3pria alma para viver a plenitude da paz.<\/p>\n","protected":false},"excerpt":{"rendered":"<p>O peso que carregamos n\u00e3o vem, necessariamente, das dificuldades que o mundo nos imp\u00f5e, mas do que escolhemos guardar dentro de n\u00f3s. Muitas vezes, o cora\u00e7\u00e3o torna-se um fardo pesado por causa de senten\u00e7as que pronunciamos sobre os outros e de m\u00e1goas que nos recusamos a libertar. ## O Desafio de uma Alma Livre Existem [&hellip;]<\/p>\n","protected":false},"author":1,"featured_media":0,"comment_status":"closed","ping_status":"open","sticky":false,"template":"","format":"standard","meta":{"footnotes":""},"categories":[14],"tags":[],"class_list":["post-6535","post","type-post","status-publish","format-standard","hentry","category-reflexao"],"yoast_head":"<!-- This site is optimized with the Yoast SEO plugin v27.2 - https:\/\/yoast.com\/product\/yoast-seo-wordpress\/ -->\n<title>Cora\u00e7\u00e3o Pesado: Perd\u00e3o e a Liberdade da Alma Interior - Salmos B\u00edblicos<\/title>\n<meta name=\"robots\" content=\"index, follow, max-snippet:-1, max-image-preview:large, max-video-preview:-1\" \/>\n<link rel=\"canonical\" href=\"https:\/\/salmosbiblicos.com.br\/index.php\/2026\/04\/03\/coracao-pesado-perdao-e-a-liberdade-da-alma-interior\/\" \/>\n<meta property=\"og:locale\" content=\"pt_BR\" \/>\n<meta property=\"og:type\" content=\"article\" \/>\n<meta property=\"og:title\" content=\"Cora\u00e7\u00e3o Pesado: Perd\u00e3o e a Liberdade da Alma Interior - Salmos B\u00edblicos\" \/>\n<meta property=\"og:description\" content=\"O peso que carregamos n\u00e3o vem, necessariamente, das dificuldades que o mundo nos imp\u00f5e, mas do que escolhemos guardar dentro de n\u00f3s. Muitas vezes, o cora\u00e7\u00e3o torna-se um fardo pesado por causa de senten\u00e7as que pronunciamos sobre os outros e de m\u00e1goas que nos recusamos a libertar. ## O Desafio de uma Alma Livre Existem [&hellip;]\" \/>\n<meta property=\"og:url\" content=\"https:\/\/salmosbiblicos.com.br\/index.php\/2026\/04\/03\/coracao-pesado-perdao-e-a-liberdade-da-alma-interior\/\" \/>\n<meta property=\"og:site_name\" content=\"Salmos B\u00edblicos\" \/>\n<meta property=\"article:published_time\" content=\"2026-04-04T02:59:26+00:00\" \/>\n<meta name=\"author\" content=\"alextreh@gmail.com\" \/>\n<meta name=\"twitter:card\" content=\"summary_large_image\" \/>\n<meta name=\"twitter:label1\" content=\"Escrito por\" \/>\n\t<meta name=\"twitter:data1\" content=\"alextreh@gmail.com\" \/>\n\t<meta name=\"twitter:label2\" content=\"Est. tempo de leitura\" \/>\n\t<meta name=\"twitter:data2\" content=\"3 minutos\" \/>\n<script type=\"application\/ld+json\" class=\"yoast-schema-graph\">{\"@context\":\"https:\/\/schema.org\",\"@graph\":[{\"@type\":\"Article\",\"@id\":\"https:\/\/salmosbiblicos.com.br\/index.php\/2026\/04\/03\/coracao-pesado-perdao-e-a-liberdade-da-alma-interior\/#article\",\"isPartOf\":{\"@id\":\"https:\/\/salmosbiblicos.com.br\/index.php\/2026\/04\/03\/coracao-pesado-perdao-e-a-liberdade-da-alma-interior\/\"},\"author\":{\"name\":\"alextreh@gmail.com\",\"@id\":\"https:\/\/salmosbiblicos.com.br\/#\/schema\/person\/30586d0fb3f3a46b78a3414fc39cc975\"},\"headline\":\"Cora\u00e7\u00e3o Pesado: Perd\u00e3o e a Liberdade da Alma Interior\",\"datePublished\":\"2026-04-04T02:59:26+00:00\",\"mainEntityOfPage\":{\"@id\":\"https:\/\/salmosbiblicos.com.br\/index.php\/2026\/04\/03\/coracao-pesado-perdao-e-a-liberdade-da-alma-interior\/\"},\"wordCount\":659,\"articleSection\":[\"Reflex\u00e3o\"],\"inLanguage\":\"pt-BR\"},{\"@type\":\"WebPage\",\"@id\":\"https:\/\/salmosbiblicos.com.br\/index.php\/2026\/04\/03\/coracao-pesado-perdao-e-a-liberdade-da-alma-interior\/\",\"url\":\"https:\/\/salmosbiblicos.com.br\/index.php\/2026\/04\/03\/coracao-pesado-perdao-e-a-liberdade-da-alma-interior\/\",\"name\":\"Cora\u00e7\u00e3o Pesado: Perd\u00e3o e a Liberdade da Alma Interior - Salmos B\u00edblicos\",\"isPartOf\":{\"@id\":\"https:\/\/salmosbiblicos.com.br\/#website\"},\"datePublished\":\"2026-04-04T02:59:26+00:00\",\"author\":{\"@id\":\"https:\/\/salmosbiblicos.com.br\/#\/schema\/person\/30586d0fb3f3a46b78a3414fc39cc975\"},\"breadcrumb\":{\"@id\":\"https:\/\/salmosbiblicos.com.br\/index.php\/2026\/04\/03\/coracao-pesado-perdao-e-a-liberdade-da-alma-interior\/#breadcrumb\"},\"inLanguage\":\"pt-BR\",\"potentialAction\":[{\"@type\":\"ReadAction\",\"target\":[\"https:\/\/salmosbiblicos.com.br\/index.php\/2026\/04\/03\/coracao-pesado-perdao-e-a-liberdade-da-alma-interior\/\"]}]},{\"@type\":\"BreadcrumbList\",\"@id\":\"https:\/\/salmosbiblicos.com.br\/index.php\/2026\/04\/03\/coracao-pesado-perdao-e-a-liberdade-da-alma-interior\/#breadcrumb\",\"itemListElement\":[{\"@type\":\"ListItem\",\"position\":1,\"name\":\"Home\",\"item\":\"https:\/\/salmosbiblicos.com.br\/\"},{\"@type\":\"ListItem\",\"position\":2,\"name\":\"Cora\u00e7\u00e3o Pesado: Perd\u00e3o e a Liberdade da Alma Interior\"}]},{\"@type\":\"WebSite\",\"@id\":\"https:\/\/salmosbiblicos.com.br\/#website\",\"url\":\"https:\/\/salmosbiblicos.com.br\/\",\"name\":\"Salmos B\u00edblicos\",\"description\":\"Uma e-Livraria com e-Books novos para voc\u00ea refletir.\",\"potentialAction\":[{\"@type\":\"SearchAction\",\"target\":{\"@type\":\"EntryPoint\",\"urlTemplate\":\"https:\/\/salmosbiblicos.com.br\/?s={search_term_string}\"},\"query-input\":{\"@type\":\"PropertyValueSpecification\",\"valueRequired\":true,\"valueName\":\"search_term_string\"}}],\"inLanguage\":\"pt-BR\"},{\"@type\":\"Person\",\"@id\":\"https:\/\/salmosbiblicos.com.br\/#\/schema\/person\/30586d0fb3f3a46b78a3414fc39cc975\",\"name\":\"alextreh@gmail.com\",\"image\":{\"@type\":\"ImageObject\",\"inLanguage\":\"pt-BR\",\"@id\":\"https:\/\/secure.gravatar.com\/avatar\/7cf84d31f581ec97b887c1039d478a7c293086896c84951a86753fb2c2af7527?s=96&d=mm&r=g\",\"url\":\"https:\/\/secure.gravatar.com\/avatar\/7cf84d31f581ec97b887c1039d478a7c293086896c84951a86753fb2c2af7527?s=96&d=mm&r=g\",\"contentUrl\":\"https:\/\/secure.gravatar.com\/avatar\/7cf84d31f581ec97b887c1039d478a7c293086896c84951a86753fb2c2af7527?s=96&d=mm&r=g\",\"caption\":\"alextreh@gmail.com\"},\"sameAs\":[\"http:\/\/salmosbiblicos.com.br\"],\"url\":\"https:\/\/salmosbiblicos.com.br\/index.php\/author\/alextrehgmail-com\/\"}]}<\/script>\n<!-- \/ Yoast SEO plugin. -->","yoast_head_json":{"title":"Cora\u00e7\u00e3o Pesado: Perd\u00e3o e a Liberdade da Alma Interior - Salmos B\u00edblicos","robots":{"index":"index","follow":"follow","max-snippet":"max-snippet:-1","max-image-preview":"max-image-preview:large","max-video-preview":"max-video-preview:-1"},"canonical":"https:\/\/salmosbiblicos.com.br\/index.php\/2026\/04\/03\/coracao-pesado-perdao-e-a-liberdade-da-alma-interior\/","og_locale":"pt_BR","og_type":"article","og_title":"Cora\u00e7\u00e3o Pesado: Perd\u00e3o e a Liberdade da Alma Interior - Salmos B\u00edblicos","og_description":"O peso que carregamos n\u00e3o vem, necessariamente, das dificuldades que o mundo nos imp\u00f5e, mas do que escolhemos guardar dentro de n\u00f3s. Muitas vezes, o cora\u00e7\u00e3o torna-se um fardo pesado por causa de senten\u00e7as que pronunciamos sobre os outros e de m\u00e1goas que nos recusamos a libertar. ## O Desafio de uma Alma Livre Existem [&hellip;]","og_url":"https:\/\/salmosbiblicos.com.br\/index.php\/2026\/04\/03\/coracao-pesado-perdao-e-a-liberdade-da-alma-interior\/","og_site_name":"Salmos B\u00edblicos","article_published_time":"2026-04-04T02:59:26+00:00","author":"alextreh@gmail.com","twitter_card":"summary_large_image","twitter_misc":{"Escrito por":"alextreh@gmail.com","Est. tempo de leitura":"3 minutos"},"schema":{"@context":"https:\/\/schema.org","@graph":[{"@type":"Article","@id":"https:\/\/salmosbiblicos.com.br\/index.php\/2026\/04\/03\/coracao-pesado-perdao-e-a-liberdade-da-alma-interior\/#article","isPartOf":{"@id":"https:\/\/salmosbiblicos.com.br\/index.php\/2026\/04\/03\/coracao-pesado-perdao-e-a-liberdade-da-alma-interior\/"},"author":{"name":"alextreh@gmail.com","@id":"https:\/\/salmosbiblicos.com.br\/#\/schema\/person\/30586d0fb3f3a46b78a3414fc39cc975"},"headline":"Cora\u00e7\u00e3o Pesado: Perd\u00e3o e a Liberdade da Alma Interior","datePublished":"2026-04-04T02:59:26+00:00","mainEntityOfPage":{"@id":"https:\/\/salmosbiblicos.com.br\/index.php\/2026\/04\/03\/coracao-pesado-perdao-e-a-liberdade-da-alma-interior\/"},"wordCount":659,"articleSection":["Reflex\u00e3o"],"inLanguage":"pt-BR"},{"@type":"WebPage","@id":"https:\/\/salmosbiblicos.com.br\/index.php\/2026\/04\/03\/coracao-pesado-perdao-e-a-liberdade-da-alma-interior\/","url":"https:\/\/salmosbiblicos.com.br\/index.php\/2026\/04\/03\/coracao-pesado-perdao-e-a-liberdade-da-alma-interior\/","name":"Cora\u00e7\u00e3o Pesado: Perd\u00e3o e a Liberdade da Alma Interior - Salmos B\u00edblicos","isPartOf":{"@id":"https:\/\/salmosbiblicos.com.br\/#website"},"datePublished":"2026-04-04T02:59:26+00:00","author":{"@id":"https:\/\/salmosbiblicos.com.br\/#\/schema\/person\/30586d0fb3f3a46b78a3414fc39cc975"},"breadcrumb":{"@id":"https:\/\/salmosbiblicos.com.br\/index.php\/2026\/04\/03\/coracao-pesado-perdao-e-a-liberdade-da-alma-interior\/#breadcrumb"},"inLanguage":"pt-BR","potentialAction":[{"@type":"ReadAction","target":["https:\/\/salmosbiblicos.com.br\/index.php\/2026\/04\/03\/coracao-pesado-perdao-e-a-liberdade-da-alma-interior\/"]}]},{"@type":"BreadcrumbList","@id":"https:\/\/salmosbiblicos.com.br\/index.php\/2026\/04\/03\/coracao-pesado-perdao-e-a-liberdade-da-alma-interior\/#breadcrumb","itemListElement":[{"@type":"ListItem","position":1,"name":"Home","item":"https:\/\/salmosbiblicos.com.br\/"},{"@type":"ListItem","position":2,"name":"Cora\u00e7\u00e3o Pesado: Perd\u00e3o e a Liberdade da Alma Interior"}]},{"@type":"WebSite","@id":"https:\/\/salmosbiblicos.com.br\/#website","url":"https:\/\/salmosbiblicos.com.br\/","name":"Salmos B\u00edblicos","description":"Uma e-Livraria com e-Books novos para voc\u00ea refletir.","potentialAction":[{"@type":"SearchAction","target":{"@type":"EntryPoint","urlTemplate":"https:\/\/salmosbiblicos.com.br\/?s={search_term_string}"},"query-input":{"@type":"PropertyValueSpecification","valueRequired":true,"valueName":"search_term_string"}}],"inLanguage":"pt-BR"},{"@type":"Person","@id":"https:\/\/salmosbiblicos.com.br\/#\/schema\/person\/30586d0fb3f3a46b78a3414fc39cc975","name":"alextreh@gmail.com","image":{"@type":"ImageObject","inLanguage":"pt-BR","@id":"https:\/\/secure.gravatar.com\/avatar\/7cf84d31f581ec97b887c1039d478a7c293086896c84951a86753fb2c2af7527?s=96&d=mm&r=g","url":"https:\/\/secure.gravatar.com\/avatar\/7cf84d31f581ec97b887c1039d478a7c293086896c84951a86753fb2c2af7527?s=96&d=mm&r=g","contentUrl":"https:\/\/secure.gravatar.com\/avatar\/7cf84d31f581ec97b887c1039d478a7c293086896c84951a86753fb2c2af7527?s=96&d=mm&r=g","caption":"alextreh@gmail.com"},"sameAs":["http:\/\/salmosbiblicos.com.br"],"url":"https:\/\/salmosbiblicos.com.br\/index.php\/author\/alextrehgmail-com\/"}]}},"_links":{"self":[{"href":"https:\/\/salmosbiblicos.com.br\/index.php\/wp-json\/wp\/v2\/posts\/6535","targetHints":{"allow":["GET"]}}],"collection":[{"href":"https:\/\/salmosbiblicos.com.br\/index.php\/wp-json\/wp\/v2\/posts"}],"about":[{"href":"https:\/\/salmosbiblicos.com.br\/index.php\/wp-json\/wp\/v2\/types\/post"}],"author":[{"embeddable":true,"href":"https:\/\/salmosbiblicos.com.br\/index.php\/wp-json\/wp\/v2\/users\/1"}],"replies":[{"embeddable":true,"href":"https:\/\/salmosbiblicos.com.br\/index.php\/wp-json\/wp\/v2\/comments?post=6535"}],"version-history":[{"count":1,"href":"https:\/\/salmosbiblicos.com.br\/index.php\/wp-json\/wp\/v2\/posts\/6535\/revisions"}],"predecessor-version":[{"id":6536,"href":"https:\/\/salmosbiblicos.com.br\/index.php\/wp-json\/wp\/v2\/posts\/6535\/revisions\/6536"}],"wp:attachment":[{"href":"https:\/\/salmosbiblicos.com.br\/index.php\/wp-json\/wp\/v2\/media?parent=6535"}],"wp:term":[{"taxonomy":"category","embeddable":true,"href":"https:\/\/salmosbiblicos.com.br\/index.php\/wp-json\/wp\/v2\/categories?post=6535"},{"taxonomy":"post_tag","embeddable":true,"href":"https:\/\/salmosbiblicos.com.br\/index.php\/wp-json\/wp\/v2\/tags?post=6535"}],"curies":[{"name":"wp","href":"https:\/\/api.w.org\/{rel}","templated":true}]}}