{"id":6653,"date":"2026-04-04T10:49:38","date_gmt":"2026-04-04T13:49:38","guid":{"rendered":"https:\/\/salmosbiblicos.com.br\/?p=6653"},"modified":"2026-04-04T10:49:38","modified_gmt":"2026-04-04T13:49:38","slug":"deserto-o-refugio-para-restaurar-a-mente-e-a-alma","status":"publish","type":"post","link":"https:\/\/salmosbiblicos.com.br\/index.php\/2026\/04\/04\/deserto-o-refugio-para-restaurar-a-mente-e-a-alma\/","title":{"rendered":"Deserto: O Ref\u00fagio para Restaurar a Mente e a Alma"},"content":{"rendered":"<p>## O Convite Silencioso em Meio ao Caos<\/p>\n<p>Vivemos em uma era de mentes aceleradas e rotinas sufocantes, onde o movimento constante parece ser a \u00fanica medida de valor. Muitas vezes, a agita\u00e7\u00e3o \u00e9 tamanha que negligenciamos o b\u00e1sico, chegando ao ponto de n\u00e3o encontrar tempo sequer para uma refei\u00e7\u00e3o.<\/p>\n<p>No entanto, h\u00e1 uma voz suave que atravessa o barulho do mundo para nos dizer: **&#8221;Vinde e descansai um pouco&#8221;**. Este n\u00e3o \u00e9 apenas um conselho para o corpo exausto, mas um chamado sagrado para a restaura\u00e7\u00e3o da nossa ess\u00eancia.<\/p>\n<p>## O Deserto como Lugar de Encontro<\/p>\n<p>Muitas vezes, tentamos resolver o cansa\u00e7o apenas com o sono, mas o verdadeiro descanso exige algo mais profundo. O convite para ir a um &#8220;lugar deserto&#8221; n\u00e3o \u00e9 um convite ao isolamento do mundo, mas um convite \u00e0 **interioridade**.<\/p>\n<p>O deserto \u00e9 o espa\u00e7o da alma, o lugar sagrado onde o ru\u00eddo externo silencia para que a voz de Deus possa falar ao cora\u00e7\u00e3o. Para encontrar essa paz, precisamos aprender a:<\/p>\n<p>*   **Afastar-nos das preocupa\u00e7\u00f5es mundanas:** A alma precisa de um intervalo das press\u00f5es sociais e das buscas incessantes por status ou produtividade.<br \/>*   **Buscar a solid\u00e3o fecunda:** \u00c9 na retirada do mundo que encontramos a companhia divina, transformando a solid\u00e3o em uma presen\u00e7a acolhedora.<br \/>*   **Cultivar o sil\u00eancio:** \u00c9 no sil\u00eancio da alma que o Verbo se faz aud\u00edvel e as respostas que tanto buscamos come\u00e7am a emergir.<\/p>\n<p>### A Necessidade de se Reanimar<\/p>\n<p>O trabalho \u00e9 uma parte digna da nossa exist\u00eancia, mas ele n\u00e3o deve ser um fardo cont\u00ednuo e sem interrup\u00e7\u00f5es. **Quem trabalha, merece o descanso**. A interrup\u00e7\u00e3o n\u00e3o \u00e9 uma perda de tempo, mas uma estrat\u00e9gia de sobreviv\u00eancia espiritual.<\/p>\n<p>O repouso serve para nos reanimar. Sem o intervalo necess\u00e1rio, o servi\u00e7o que antes era feito com zelo torna-se uma tarefa mec\u00e2nica e sem vida. Precisamos de pausas para que possamos voltar \u00e0s nossas tarefas com **maior zelo e vigor**.<\/p>\n<p>## O Equil\u00edbrio entre a A\u00e7\u00e3o e a Contempla\u00e7\u00e3o<\/p>\n<p>A vida espiritual plena n\u00e3o se encontra nem no ativismo desenfreado, nem na passividade est\u00e9ril. A verdadeira sabedoria reside no equil\u00edbrio perfeito entre o fazer e o ser.<\/p>\n<p>**A a\u00e7\u00e3o sem a contempla\u00e7\u00e3o gera fadiga; a contempla\u00e7\u00e3o sem a a\u00e7\u00e3o gera estagna\u00e7\u00e3o.**<\/p>\n<p>Para que nossa caminhada seja produtiva e saud\u00e1vel, devemos entender que:<br \/>1.  O trabalho deve ser alternado com o repouso no Senhor.<br \/>2.  A nossa atividade no mundo deve ser alimentada pelo nosso tempo de retiro.<br \/>3.  A alma precisa de intervalos para n\u00e3o se desgastar sob o peso das responsabilidades.<\/p>\n<p>### O Descanso que Alimenta a Alma<\/p>\n<p>\u00c9 fundamental compreender que o nosso cansa\u00e7o n\u00e3o \u00e9 apenas f\u00edsico, mas espiritual. Muitas vezes, o corpo est\u00e1 descansado, mas a alma permanece inquieta e pesada.<\/p>\n<p>**A alma s\u00f3 encontra descanso em Deus.**<\/p>\n<p>Quando nos sentimos sobrecarregados, o segredo n\u00e3o est\u00e1 em mudar de cen\u00e1rio, mas em mudar o nosso foco. O verdadeiro descanso n\u00e3o \u00e9 a aus\u00eancia de movimento, mas a presen\u00e7a de Cristo em n\u00f3s. <\/p>\n<p>**Cristo \u00e9 o nosso repouso.** Nele, encontramos o al\u00edvio para as nossas fadigas e a for\u00e7a para recome\u00e7ar. Ao buscarmos o descanso n&#8217;Ele, descansamos tanto o corpo quanto o esp\u00edrito, encontrando a paz que o mundo \u00e9 incapaz de oferecer.<\/p>\n","protected":false},"excerpt":{"rendered":"<p>## O Convite Silencioso em Meio ao Caos Vivemos em uma era de mentes aceleradas e rotinas sufocantes, onde o movimento constante parece ser a \u00fanica medida de valor. Muitas vezes, a agita\u00e7\u00e3o \u00e9 tamanha que negligenciamos o b\u00e1sico, chegando ao ponto de n\u00e3o encontrar tempo sequer para uma refei\u00e7\u00e3o. No entanto, h\u00e1 uma voz [&hellip;]<\/p>\n","protected":false},"author":1,"featured_media":0,"comment_status":"closed","ping_status":"open","sticky":false,"template":"","format":"standard","meta":{"footnotes":""},"categories":[14],"tags":[],"class_list":["post-6653","post","type-post","status-publish","format-standard","hentry","category-reflexao"],"yoast_head":"<!-- This site is optimized with the Yoast SEO plugin v27.2 - https:\/\/yoast.com\/product\/yoast-seo-wordpress\/ -->\n<title>Deserto: O Ref\u00fagio para Restaurar a Mente e a Alma - Salmos B\u00edblicos<\/title>\n<meta name=\"robots\" content=\"index, follow, max-snippet:-1, max-image-preview:large, max-video-preview:-1\" \/>\n<link rel=\"canonical\" href=\"https:\/\/salmosbiblicos.com.br\/index.php\/2026\/04\/04\/deserto-o-refugio-para-restaurar-a-mente-e-a-alma\/\" \/>\n<meta property=\"og:locale\" content=\"pt_BR\" \/>\n<meta property=\"og:type\" content=\"article\" \/>\n<meta property=\"og:title\" content=\"Deserto: O Ref\u00fagio para Restaurar a Mente e a Alma - Salmos B\u00edblicos\" \/>\n<meta property=\"og:description\" content=\"## O Convite Silencioso em Meio ao Caos Vivemos em uma era de mentes aceleradas e rotinas sufocantes, onde o movimento constante parece ser a \u00fanica medida de valor. Muitas vezes, a agita\u00e7\u00e3o \u00e9 tamanha que negligenciamos o b\u00e1sico, chegando ao ponto de n\u00e3o encontrar tempo sequer para uma refei\u00e7\u00e3o. No entanto, h\u00e1 uma voz [&hellip;]\" \/>\n<meta property=\"og:url\" content=\"https:\/\/salmosbiblicos.com.br\/index.php\/2026\/04\/04\/deserto-o-refugio-para-restaurar-a-mente-e-a-alma\/\" \/>\n<meta property=\"og:site_name\" content=\"Salmos B\u00edblicos\" \/>\n<meta property=\"article:published_time\" content=\"2026-04-04T13:49:38+00:00\" \/>\n<meta name=\"author\" content=\"alextreh@gmail.com\" \/>\n<meta name=\"twitter:card\" content=\"summary_large_image\" \/>\n<meta name=\"twitter:label1\" content=\"Escrito por\" \/>\n\t<meta name=\"twitter:data1\" content=\"alextreh@gmail.com\" \/>\n\t<meta name=\"twitter:label2\" content=\"Est. tempo de leitura\" \/>\n\t<meta name=\"twitter:data2\" content=\"3 minutos\" \/>\n<script type=\"application\/ld+json\" class=\"yoast-schema-graph\">{\"@context\":\"https:\/\/schema.org\",\"@graph\":[{\"@type\":\"Article\",\"@id\":\"https:\/\/salmosbiblicos.com.br\/index.php\/2026\/04\/04\/deserto-o-refugio-para-restaurar-a-mente-e-a-alma\/#article\",\"isPartOf\":{\"@id\":\"https:\/\/salmosbiblicos.com.br\/index.php\/2026\/04\/04\/deserto-o-refugio-para-restaurar-a-mente-e-a-alma\/\"},\"author\":{\"name\":\"alextreh@gmail.com\",\"@id\":\"https:\/\/salmosbiblicos.com.br\/#\/schema\/person\/30586d0fb3f3a46b78a3414fc39cc975\"},\"headline\":\"Deserto: O Ref\u00fagio para Restaurar a Mente e a Alma\",\"datePublished\":\"2026-04-04T13:49:38+00:00\",\"mainEntityOfPage\":{\"@id\":\"https:\/\/salmosbiblicos.com.br\/index.php\/2026\/04\/04\/deserto-o-refugio-para-restaurar-a-mente-e-a-alma\/\"},\"wordCount\":582,\"articleSection\":[\"Reflex\u00e3o\"],\"inLanguage\":\"pt-BR\"},{\"@type\":\"WebPage\",\"@id\":\"https:\/\/salmosbiblicos.com.br\/index.php\/2026\/04\/04\/deserto-o-refugio-para-restaurar-a-mente-e-a-alma\/\",\"url\":\"https:\/\/salmosbiblicos.com.br\/index.php\/2026\/04\/04\/deserto-o-refugio-para-restaurar-a-mente-e-a-alma\/\",\"name\":\"Deserto: O Ref\u00fagio para Restaurar a Mente e a Alma - Salmos B\u00edblicos\",\"isPartOf\":{\"@id\":\"https:\/\/salmosbiblicos.com.br\/#website\"},\"datePublished\":\"2026-04-04T13:49:38+00:00\",\"author\":{\"@id\":\"https:\/\/salmosbiblicos.com.br\/#\/schema\/person\/30586d0fb3f3a46b78a3414fc39cc975\"},\"breadcrumb\":{\"@id\":\"https:\/\/salmosbiblicos.com.br\/index.php\/2026\/04\/04\/deserto-o-refugio-para-restaurar-a-mente-e-a-alma\/#breadcrumb\"},\"inLanguage\":\"pt-BR\",\"potentialAction\":[{\"@type\":\"ReadAction\",\"target\":[\"https:\/\/salmosbiblicos.com.br\/index.php\/2026\/04\/04\/deserto-o-refugio-para-restaurar-a-mente-e-a-alma\/\"]}]},{\"@type\":\"BreadcrumbList\",\"@id\":\"https:\/\/salmosbiblicos.com.br\/index.php\/2026\/04\/04\/deserto-o-refugio-para-restaurar-a-mente-e-a-alma\/#breadcrumb\",\"itemListElement\":[{\"@type\":\"ListItem\",\"position\":1,\"name\":\"Home\",\"item\":\"https:\/\/salmosbiblicos.com.br\/\"},{\"@type\":\"ListItem\",\"position\":2,\"name\":\"Deserto: O Ref\u00fagio para Restaurar a Mente e a Alma\"}]},{\"@type\":\"WebSite\",\"@id\":\"https:\/\/salmosbiblicos.com.br\/#website\",\"url\":\"https:\/\/salmosbiblicos.com.br\/\",\"name\":\"Salmos B\u00edblicos\",\"description\":\"Uma e-Livraria com e-Books novos para voc\u00ea refletir.\",\"potentialAction\":[{\"@type\":\"SearchAction\",\"target\":{\"@type\":\"EntryPoint\",\"urlTemplate\":\"https:\/\/salmosbiblicos.com.br\/?s={search_term_string}\"},\"query-input\":{\"@type\":\"PropertyValueSpecification\",\"valueRequired\":true,\"valueName\":\"search_term_string\"}}],\"inLanguage\":\"pt-BR\"},{\"@type\":\"Person\",\"@id\":\"https:\/\/salmosbiblicos.com.br\/#\/schema\/person\/30586d0fb3f3a46b78a3414fc39cc975\",\"name\":\"alextreh@gmail.com\",\"image\":{\"@type\":\"ImageObject\",\"inLanguage\":\"pt-BR\",\"@id\":\"https:\/\/secure.gravatar.com\/avatar\/7cf84d31f581ec97b887c1039d478a7c293086896c84951a86753fb2c2af7527?s=96&d=mm&r=g\",\"url\":\"https:\/\/secure.gravatar.com\/avatar\/7cf84d31f581ec97b887c1039d478a7c293086896c84951a86753fb2c2af7527?s=96&d=mm&r=g\",\"contentUrl\":\"https:\/\/secure.gravatar.com\/avatar\/7cf84d31f581ec97b887c1039d478a7c293086896c84951a86753fb2c2af7527?s=96&d=mm&r=g\",\"caption\":\"alextreh@gmail.com\"},\"sameAs\":[\"http:\/\/salmosbiblicos.com.br\"],\"url\":\"https:\/\/salmosbiblicos.com.br\/index.php\/author\/alextrehgmail-com\/\"}]}<\/script>\n<!-- \/ Yoast SEO plugin. -->","yoast_head_json":{"title":"Deserto: O Ref\u00fagio para Restaurar a Mente e a Alma - Salmos B\u00edblicos","robots":{"index":"index","follow":"follow","max-snippet":"max-snippet:-1","max-image-preview":"max-image-preview:large","max-video-preview":"max-video-preview:-1"},"canonical":"https:\/\/salmosbiblicos.com.br\/index.php\/2026\/04\/04\/deserto-o-refugio-para-restaurar-a-mente-e-a-alma\/","og_locale":"pt_BR","og_type":"article","og_title":"Deserto: O Ref\u00fagio para Restaurar a Mente e a Alma - Salmos B\u00edblicos","og_description":"## O Convite Silencioso em Meio ao Caos Vivemos em uma era de mentes aceleradas e rotinas sufocantes, onde o movimento constante parece ser a \u00fanica medida de valor. Muitas vezes, a agita\u00e7\u00e3o \u00e9 tamanha que negligenciamos o b\u00e1sico, chegando ao ponto de n\u00e3o encontrar tempo sequer para uma refei\u00e7\u00e3o. No entanto, h\u00e1 uma voz [&hellip;]","og_url":"https:\/\/salmosbiblicos.com.br\/index.php\/2026\/04\/04\/deserto-o-refugio-para-restaurar-a-mente-e-a-alma\/","og_site_name":"Salmos B\u00edblicos","article_published_time":"2026-04-04T13:49:38+00:00","author":"alextreh@gmail.com","twitter_card":"summary_large_image","twitter_misc":{"Escrito por":"alextreh@gmail.com","Est. tempo de leitura":"3 minutos"},"schema":{"@context":"https:\/\/schema.org","@graph":[{"@type":"Article","@id":"https:\/\/salmosbiblicos.com.br\/index.php\/2026\/04\/04\/deserto-o-refugio-para-restaurar-a-mente-e-a-alma\/#article","isPartOf":{"@id":"https:\/\/salmosbiblicos.com.br\/index.php\/2026\/04\/04\/deserto-o-refugio-para-restaurar-a-mente-e-a-alma\/"},"author":{"name":"alextreh@gmail.com","@id":"https:\/\/salmosbiblicos.com.br\/#\/schema\/person\/30586d0fb3f3a46b78a3414fc39cc975"},"headline":"Deserto: O Ref\u00fagio para Restaurar a Mente e a Alma","datePublished":"2026-04-04T13:49:38+00:00","mainEntityOfPage":{"@id":"https:\/\/salmosbiblicos.com.br\/index.php\/2026\/04\/04\/deserto-o-refugio-para-restaurar-a-mente-e-a-alma\/"},"wordCount":582,"articleSection":["Reflex\u00e3o"],"inLanguage":"pt-BR"},{"@type":"WebPage","@id":"https:\/\/salmosbiblicos.com.br\/index.php\/2026\/04\/04\/deserto-o-refugio-para-restaurar-a-mente-e-a-alma\/","url":"https:\/\/salmosbiblicos.com.br\/index.php\/2026\/04\/04\/deserto-o-refugio-para-restaurar-a-mente-e-a-alma\/","name":"Deserto: O Ref\u00fagio para Restaurar a Mente e a Alma - Salmos B\u00edblicos","isPartOf":{"@id":"https:\/\/salmosbiblicos.com.br\/#website"},"datePublished":"2026-04-04T13:49:38+00:00","author":{"@id":"https:\/\/salmosbiblicos.com.br\/#\/schema\/person\/30586d0fb3f3a46b78a3414fc39cc975"},"breadcrumb":{"@id":"https:\/\/salmosbiblicos.com.br\/index.php\/2026\/04\/04\/deserto-o-refugio-para-restaurar-a-mente-e-a-alma\/#breadcrumb"},"inLanguage":"pt-BR","potentialAction":[{"@type":"ReadAction","target":["https:\/\/salmosbiblicos.com.br\/index.php\/2026\/04\/04\/deserto-o-refugio-para-restaurar-a-mente-e-a-alma\/"]}]},{"@type":"BreadcrumbList","@id":"https:\/\/salmosbiblicos.com.br\/index.php\/2026\/04\/04\/deserto-o-refugio-para-restaurar-a-mente-e-a-alma\/#breadcrumb","itemListElement":[{"@type":"ListItem","position":1,"name":"Home","item":"https:\/\/salmosbiblicos.com.br\/"},{"@type":"ListItem","position":2,"name":"Deserto: O Ref\u00fagio para Restaurar a Mente e a Alma"}]},{"@type":"WebSite","@id":"https:\/\/salmosbiblicos.com.br\/#website","url":"https:\/\/salmosbiblicos.com.br\/","name":"Salmos B\u00edblicos","description":"Uma e-Livraria com e-Books novos para voc\u00ea refletir.","potentialAction":[{"@type":"SearchAction","target":{"@type":"EntryPoint","urlTemplate":"https:\/\/salmosbiblicos.com.br\/?s={search_term_string}"},"query-input":{"@type":"PropertyValueSpecification","valueRequired":true,"valueName":"search_term_string"}}],"inLanguage":"pt-BR"},{"@type":"Person","@id":"https:\/\/salmosbiblicos.com.br\/#\/schema\/person\/30586d0fb3f3a46b78a3414fc39cc975","name":"alextreh@gmail.com","image":{"@type":"ImageObject","inLanguage":"pt-BR","@id":"https:\/\/secure.gravatar.com\/avatar\/7cf84d31f581ec97b887c1039d478a7c293086896c84951a86753fb2c2af7527?s=96&d=mm&r=g","url":"https:\/\/secure.gravatar.com\/avatar\/7cf84d31f581ec97b887c1039d478a7c293086896c84951a86753fb2c2af7527?s=96&d=mm&r=g","contentUrl":"https:\/\/secure.gravatar.com\/avatar\/7cf84d31f581ec97b887c1039d478a7c293086896c84951a86753fb2c2af7527?s=96&d=mm&r=g","caption":"alextreh@gmail.com"},"sameAs":["http:\/\/salmosbiblicos.com.br"],"url":"https:\/\/salmosbiblicos.com.br\/index.php\/author\/alextrehgmail-com\/"}]}},"_links":{"self":[{"href":"https:\/\/salmosbiblicos.com.br\/index.php\/wp-json\/wp\/v2\/posts\/6653","targetHints":{"allow":["GET"]}}],"collection":[{"href":"https:\/\/salmosbiblicos.com.br\/index.php\/wp-json\/wp\/v2\/posts"}],"about":[{"href":"https:\/\/salmosbiblicos.com.br\/index.php\/wp-json\/wp\/v2\/types\/post"}],"author":[{"embeddable":true,"href":"https:\/\/salmosbiblicos.com.br\/index.php\/wp-json\/wp\/v2\/users\/1"}],"replies":[{"embeddable":true,"href":"https:\/\/salmosbiblicos.com.br\/index.php\/wp-json\/wp\/v2\/comments?post=6653"}],"version-history":[{"count":1,"href":"https:\/\/salmosbiblicos.com.br\/index.php\/wp-json\/wp\/v2\/posts\/6653\/revisions"}],"predecessor-version":[{"id":6654,"href":"https:\/\/salmosbiblicos.com.br\/index.php\/wp-json\/wp\/v2\/posts\/6653\/revisions\/6654"}],"wp:attachment":[{"href":"https:\/\/salmosbiblicos.com.br\/index.php\/wp-json\/wp\/v2\/media?parent=6653"}],"wp:term":[{"taxonomy":"category","embeddable":true,"href":"https:\/\/salmosbiblicos.com.br\/index.php\/wp-json\/wp\/v2\/categories?post=6653"},{"taxonomy":"post_tag","embeddable":true,"href":"https:\/\/salmosbiblicos.com.br\/index.php\/wp-json\/wp\/v2\/tags?post=6653"}],"curies":[{"name":"wp","href":"https:\/\/api.w.org\/{rel}","templated":true}]}}